{"id":962,"date":"2017-09-11T17:26:52","date_gmt":"2017-09-11T17:26:52","guid":{"rendered":"https:\/\/swmsw.pl\/?p=962"},"modified":"2019-04-24T09:06:00","modified_gmt":"2019-04-24T09:06:00","slug":"specjalna-misja-obserwacyjna-organizacji-bezpieczenstwa-i-wspolpracy-w-europie-obwe-na-ukrainie","status":"publish","type":"post","link":"https:\/\/swmsw.pl\/?p=962","title":{"rendered":"Specjalna Misja Obserwacyjna Organizacji Bezpiecze\u0144stwa i Wsp\u00f3\u0142pracy w Europie (OBWE) na Ukrainie"},"content":{"rendered":"\n<h3 class=\"wp-block-heading\"><strong>Organisation for Security and Cooperation in Europe (OSCE) Special Monitoring Mission in Ukraine<\/strong><\/h3>\n\n\n\n<p>Misja SMM OBWE na Ukrainie rozpocz\u0119\u0142a dzia\u0142alno\u015b\u0107 w dniu 21 marca 2014 roku, powo\u0142ana do \u017cycia na pro\u015bb\u0119 rz\u0105du Ukrainy i uchwalona jednog\u0142o\u015bn\u0105 decyzj\u0105 wszystkich 57 kraj\u00f3w cz\u0142onkowskich OBWE. Misja ma charakter cywilny, a jej przedstawiciele pe\u0142ni\u0105 s\u0142u\u017cb\u0119 bez broni, przez 24 godziny na dob\u0119, we wszystkich regionach Ukrainy.<\/p>\n\n\n\n<p>Tendencje separatystyczne na wschodzie i po\u0142udniu Ukrainy s\u0105 nast\u0119pstwem rewolucji z lutego 2014 roku, zwanej Euromajdanem, kt\u00f3ra odsun\u0119\u0142a od w\u0142adzy prezydenta Wiktora Janukowycza. Przyczyn\u0105 wybuchu masowych antyrz\u0105dowych protest\u00f3w na Ukrainie by\u0142o od\u0142o\u017cenie podpisania umowy stowarzyszeniowej z Uni\u0105 Europejsk\u0105 przez prezydenta. Masowe, demokratyczne protesty przerodzi\u0142y si\u0119 na ulicach Kijowa w rewolucj\u0119, po tym jak ukrai\u0144skie si\u0142y specjalne podleg\u0142e prezydentowi usi\u0142owa\u0142y krwawo st\u0142umi\u0107 proeuropejskie demonstracje. Opr\u00f3cz tego na terytorium Krymu dosz\u0142o do niejawnej interwencji wojsk rosyjskich.<\/p>\n\n\n\n<p>1 marca 2014 roku prezydent Rosji W\u0142adimir Putin za\u017c\u0105da\u0142 od Rady Federacji zgody na wys\u0142anie wojsk na Ukrain\u0119. Rada Federacji jednog\u0142o\u015bnie przyj\u0119\u0142a wniosek prezydenta w sprawie wydania zgody na u\u017cycie rosyjskich si\u0142 zbrojnych na terytorium Ukrainy. W kwietniu 2014 roku, po aneksji Krymu przez Rosj\u0119 i eskalacji nastroj\u00f3w separatystycznych w Donbasie, dosz\u0142o do wybuchu prorosyjskiej rebelii, zmierzaj\u0105cej na samostanowieniu proklamowanych Republik Ludowych w Doniecku i \u0141uga\u0144sku.<\/p>\n\n\n\n<p>Do podstawowych zada\u0144 misji nale\u017cy monitorowanie zaistnia\u0142ej sytuacji i obiektywne raportowanie spostrze\u017ce\u0144 do w\u0142adz misji, a tak\u017ce prowadzenie dialogu ze wszystkimi stronami konfliktu. Opr\u00f3cz tego rol\u0105 obserwator\u00f3w jest redukowanie napi\u0119cia oraz propagowanie idei bezpiecze\u0144stwa, pokoju i stabilno\u015bci, a tak\u017ce wspieranie reform zgodnych z zasadami Organizacji.<\/p>\n\n\n\n<p>Od maja 2016 do pocz\u0105tku 2018 r. na misji SMM OBWE w rejonie Doniecka przebywa\u0142 policjant z garnizonu ma\u0142opolskiego, oddelegowany do pe\u0142nienia zada\u0144 s\u0142u\u017cbowych poza Policj\u0105 za granic\u0105 kraju. W grudniu 2017 roku do sk\u0142adu misji do\u0142\u0105czy\u0142a funkcjonariuszka z wojew\u00f3dztwa \u015bl\u0105skiego, oddelegowana w rejon \u0141uga\u0144ska na takich samych zasadach.<\/p>\n\n\n\n<p><em>\u017ar\u00f3d\u0142o: KGP<\/em><\/p>\n\n\n\n<p><\/p>\n","protected":false},"excerpt":{"rendered":"<p>Organisation for Security and Cooperation in Europe (OSCE) Special Monitoring Mission in Ukraine Misja SMM OBWE na Ukrainie rozpocz\u0119\u0142a dzia\u0142alno\u015b\u0107 w dniu 21 marca 2014 roku, powo\u0142ana do \u017cycia na pro\u015bb\u0119 rz\u0105du Ukrainy i uchwalona&#46;&#46;&#46;<\/p>\n","protected":false},"author":1,"featured_media":0,"comment_status":"closed","ping_status":"open","sticky":false,"template":"","format":"standard","meta":{"ngg_post_thumbnail":0,"footnotes":""},"categories":[10],"tags":[],"_links":{"self":[{"href":"https:\/\/swmsw.pl\/index.php?rest_route=\/wp\/v2\/posts\/962"}],"collection":[{"href":"https:\/\/swmsw.pl\/index.php?rest_route=\/wp\/v2\/posts"}],"about":[{"href":"https:\/\/swmsw.pl\/index.php?rest_route=\/wp\/v2\/types\/post"}],"author":[{"embeddable":true,"href":"https:\/\/swmsw.pl\/index.php?rest_route=\/wp\/v2\/users\/1"}],"replies":[{"embeddable":true,"href":"https:\/\/swmsw.pl\/index.php?rest_route=%2Fwp%2Fv2%2Fcomments&post=962"}],"version-history":[{"count":2,"href":"https:\/\/swmsw.pl\/index.php?rest_route=\/wp\/v2\/posts\/962\/revisions"}],"predecessor-version":[{"id":1002,"href":"https:\/\/swmsw.pl\/index.php?rest_route=\/wp\/v2\/posts\/962\/revisions\/1002"}],"wp:attachment":[{"href":"https:\/\/swmsw.pl\/index.php?rest_route=%2Fwp%2Fv2%2Fmedia&parent=962"}],"wp:term":[{"taxonomy":"category","embeddable":true,"href":"https:\/\/swmsw.pl\/index.php?rest_route=%2Fwp%2Fv2%2Fcategories&post=962"},{"taxonomy":"post_tag","embeddable":true,"href":"https:\/\/swmsw.pl\/index.php?rest_route=%2Fwp%2Fv2%2Ftags&post=962"}],"curies":[{"name":"wp","href":"https:\/\/api.w.org\/{rel}","templated":true}]}}