{"id":8548,"date":"2025-12-05T17:25:22","date_gmt":"2025-12-05T17:25:22","guid":{"rendered":"https:\/\/swmsw.pl\/?p=8548"},"modified":"2025-12-05T17:51:34","modified_gmt":"2025-12-05T17:51:34","slug":"sp-podinsp-andrzej-kaczor-30-lat-od-tragicznej-smierci","status":"publish","type":"post","link":"https:\/\/swmsw.pl\/?p=8548","title":{"rendered":"\u015ap. podinsp. Andrzej Kaczor \u2013\u00a030 lat od tragicznej \u015bmierci"},"content":{"rendered":"\n<p>Zgin\u0105\u0142 7 grudnia 1995 r. pe\u0142ni\u0105c s\u0142u\u017cb\u0119 w Kontyngencie Stra\u017cy ONZ w Iraku (UNGCI) w miejscowo\u015bci Shaqlava od \u0142adunku wybuchowego \u2013 pu\u0142apki umieszczonego w zbiorniku przydro\u017cnej stacji benzynowej, obok kt\u00f3rej przeje\u017cd\u017ca\u0142 patrol pod jego dow\u00f3dztwem.<\/p>\n\n\n\n<p>Wybrane fragmenty ksi\u0105\u017cki Misyjne wspomnienia\u2026.<\/p>\n\n\n\n<p>\u201eTego dnia na porannej odprawie dusi\u0142o mnie w gardle, jaki\u015b wewn\u0119trzny glos grzmia\u0142:<\/p>\n\n\n\n<p>\u201eAndrzej nie jed\u017a, Andrzej nie jed\u017a\u201d, sta\u0142em ca\u0142y trz\u0119s\u0105c si\u0119, nie mog\u0142em s\u0142owa wydusi\u0107 &nbsp;&#8211; ten stan by\u0142 mi obcy. &nbsp;Patrzy\u0142em na Niego, sta\u0142 obok. Trasa naszych patroli pokrywa\u0142a si\u0119 do m. Shaqlawah. Andrzej mia\u0142 jecha\u0107 dalej do mostu Balinda le\u017c\u0105cego przed granic\u0105 z Iranem. Moje zadanie by\u0142o ma\u0142o skomplikowane\u2026 mia\u0142em pobra\u0107 z magazynu Czerwonego Krzy\u017ca \u201eco dadz\u0105\u201d i zawie\u017a\u0107 na Kurrak, gdzie peszmergowie pilnowali naszego przeka\u017anika radiowego. Wyje\u017cd\u017caj\u0105c, widzia\u0142em jak pomacha\u0142 mi r\u0119k\u0105 \u2026\u201d<\/p>\n\n\n\n<p>\u201eW magazynie Czerwonego Krzy\u017ca wydano mi \u201eskarby\u201d \u2013 dorzucono koce. K\u0105tem oka dostrzeg\u0142em przemykaj\u0105ce dwa nissany, czy to Andrzej mnie przegoni\u0142 ?Ruszyli\u015bmy i my\u2026 Nagle gruchn\u0119\u0142o przed nami\u2026 chmura czarnego dymu\u2026\u201d<\/p>\n\n\n\n<p>\u201eNa skrzy\u017cowaniu w Shaqlawie musia\u0142em naciera\u0107 zderzakiem nissana na t\u0142um ludzi\u2026 wysiad\u0142em, i\u2026 stan\u0105\u0142em w brudnokrwistej mazi*, moje \u201ebuty skoczka\u201d ubabra\u0142em tym czym\u015b po kostki &nbsp;\u2013 widok \u015bni mi si\u0119 po nocach, a zapach mam ju\u017c na sta\u0142e zakodowany.<\/p>\n\n\n\n<p>Zauwa\u017cy\u0142em ty\u0142 pikapa &#8211; karoseria jak sito, to Rabaja Filipi\u0144czyk \u2013 skulony za kierownic\u0105 &#8211; nie \u017cy\u0142. Za nim Shah, Nepalczyk \u2013 te\u017c nie \u017cy\u0142, to by\u0142o wida\u0107. Na tylnym siedzeniu ko\u0142ysa\u0142 si\u0119 drugi Nepalczyk. Poda\u0142em opatrunek osobisty. Ch\u0142opak u\u015bmiechn\u0105\u0142 si\u0119 niepewnie i pokaza\u0142 dr\u017c\u0105c\u0105 r\u0119k\u0105 do przodu\u2026 fakt, \u00a0gdzie pojazd Andrzeja \u2013 dow\u00f3dcy patrolu? Czerwono \u2013 czarnej galarety jakby mniej. Szukam Andrzeja. Tak, tam w dole to nasz pikap. Przednie ko\u0142a pr\u00f3buj\u0105 wdrapa\u0107 si\u0119 z powrotem na drog\u0119. Zszed\u0142em ze \u015bci\u015bni\u0119tym gard\u0142em. Patrzy\u0142em na otwarte usta i szar\u0105 twarz. Nacisn\u0105\u0142em na t\u0119tnic\u0119 szyjn\u0105 raczej z obowi\u0105zku ni\u017c z nadziej\u0105 \u2013 pulsu nie by\u0142o. Z trudem otworzy\u0142em posiekane od\u0142amkami drzwi. Widok olbrzymiej rany w boku kierowcy t\u0105pn\u0105\u0142 mn\u0105 niesamowicie. Wr\u00f3ci\u0142em do mojego samochodu i nawi\u0105za\u0142em \u0142\u0105czno\u015b\u0107 ze stacj\u0105 \u2026 ju\u017c wiedzieli.<\/p>\n\n\n\n<p>Wr\u00f3ci\u0142em do Andrzeja i \u2026 zesz\u0142o ze mnie powietrze.\u201d<\/p>\n\n\n\n<p>Podinsp. Andrzej Kaczor by\u0142 absolwentem Studium Podyplomowego Akademii Spraw Wewn\u0119trznych. S\u0142u\u017cb\u0119 rozpocz\u0105\u0142 16 czerwca 1984 r. W 1993 r. zosta\u0142 delegowany do s\u0142u\u017cby w Si\u0142ach Pokojowych ONZ w b. Jugos\u0142awii, a we wrze\u015bniu 1995 r. do Kontyngentu Stra\u017cy ONZ w Iraku. Osieroci\u0142 syna.<\/p>\n\n\n\n<p>Hm\u2026 to ju\u017c 30 lat.<\/p>\n\n\n\n<p>\u015apij w pokoju Przyjacielu,<\/p>\n\n\n\n<p>Marek, prezes honorowy Stowarzyszenia WDpGRP<\/p>\n\n\n\n<p>*Razem z patrolem UNGCI wysadzono autobus z ponad 34 lud\u017ami \u2013 oni nie zgin\u0119li, oni poszli do cudownych ogrod\u00f3w Allaha.<\/p>\n","protected":false},"excerpt":{"rendered":"<p>Zgin\u0105\u0142 7 grudnia 1995 r. pe\u0142ni\u0105c s\u0142u\u017cb\u0119 w Kontyngencie Stra\u017cy ONZ w Iraku (UNGCI) w miejscowo\u015bci Shaqlava od \u0142adunku wybuchowego \u2013 pu\u0142apki umieszczonego w zbiorniku przydro\u017cnej stacji benzynowej, obok kt\u00f3rej przeje\u017cd\u017ca\u0142 patrol pod jego dow\u00f3dztwem.&#46;&#46;&#46;<\/p>\n","protected":false},"author":1,"featured_media":8550,"comment_status":"open","ping_status":"open","sticky":false,"template":"","format":"standard","meta":{"ngg_post_thumbnail":0,"footnotes":""},"categories":[9],"tags":[],"_links":{"self":[{"href":"https:\/\/swmsw.pl\/index.php?rest_route=\/wp\/v2\/posts\/8548"}],"collection":[{"href":"https:\/\/swmsw.pl\/index.php?rest_route=\/wp\/v2\/posts"}],"about":[{"href":"https:\/\/swmsw.pl\/index.php?rest_route=\/wp\/v2\/types\/post"}],"author":[{"embeddable":true,"href":"https:\/\/swmsw.pl\/index.php?rest_route=\/wp\/v2\/users\/1"}],"replies":[{"embeddable":true,"href":"https:\/\/swmsw.pl\/index.php?rest_route=%2Fwp%2Fv2%2Fcomments&post=8548"}],"version-history":[{"count":2,"href":"https:\/\/swmsw.pl\/index.php?rest_route=\/wp\/v2\/posts\/8548\/revisions"}],"predecessor-version":[{"id":8553,"href":"https:\/\/swmsw.pl\/index.php?rest_route=\/wp\/v2\/posts\/8548\/revisions\/8553"}],"wp:featuredmedia":[{"embeddable":true,"href":"https:\/\/swmsw.pl\/index.php?rest_route=\/wp\/v2\/media\/8550"}],"wp:attachment":[{"href":"https:\/\/swmsw.pl\/index.php?rest_route=%2Fwp%2Fv2%2Fmedia&parent=8548"}],"wp:term":[{"taxonomy":"category","embeddable":true,"href":"https:\/\/swmsw.pl\/index.php?rest_route=%2Fwp%2Fv2%2Fcategories&post=8548"},{"taxonomy":"post_tag","embeddable":true,"href":"https:\/\/swmsw.pl\/index.php?rest_route=%2Fwp%2Fv2%2Ftags&post=8548"}],"curies":[{"name":"wp","href":"https:\/\/api.w.org\/{rel}","templated":true}]}}