{"id":8527,"date":"2025-11-10T19:42:16","date_gmt":"2025-11-10T19:42:16","guid":{"rendered":"https:\/\/swmsw.pl\/?p=8527"},"modified":"2025-11-10T19:42:18","modified_gmt":"2025-11-10T19:42:18","slug":"insp-ireneusz-sienko-kandydatem-polski-na-delegata-ds-europy-w-komitecie-wykonawczym-interpolu","status":"publish","type":"post","link":"https:\/\/swmsw.pl\/?p=8527","title":{"rendered":"Insp. Ireneusz Sie\u0144ko kandydatem Polski na Delegata ds. Europy w Komitecie Wykonawczym Interpolu"},"content":{"rendered":"\n<p>Przy wsparciu Ministerstwa Spraw Wewn\u0119trznych i Administracji Rzeczypospolitej Polskiej, insp. Ireneusz SIE\u0143KO, Dyrektor Biura Mi\u0119dzynarodowej Wsp\u00f3\u0142pracy Policyjnej Komendy G\u0142\u00f3wnej Policji i Szef Centralnego Biura INTERPOLU w Warszawie, zosta\u0142 zg\u0142oszony jako kandydat na Delegata ds. Europy w Komitecie Wykonawczym INTERPOLU. Wybory odb\u0119d\u0105 si\u0119 podczas 93. sesji Zgromadzenia Og\u00f3lnego INTERPOLU w Marrakeszu w Maroku, w dniach 24-27 listopada 2025 r.<\/p>\n\n\n\n<p>Komitet Wykonawczy Interpolu jest organem zarz\u0105dzaj\u0105cym Organizacji, odpowiedzialnym za nadzorowanie prac Sekretariatu Generalnego, wdra\u017canie decyzji Zgromadzenia Og\u00f3lnego i przygotowywanie porz\u0105dku obrad Zgromadzenia Og\u00f3lnego. Komitet, na kt\u00f3rego czele stoi Przewodnicz\u0105cy, sk\u0142ada si\u0119 z trzech wiceprzewodnicz\u0105cych i dziewi\u0119ciu delegat\u00f3w, wybieranych z r\u00f3\u017cnych kraj\u00f3w, aby zapewni\u0107 r\u00f3wnomiern\u0105 reprezentacj\u0119 geograficzn\u0105.<\/p>\n\n\n\n<p>Inspektor Ireneusz SIENKO, Dyrektor Biura Mi\u0119dzynarodowej Wsp\u00f3\u0142pracy Policji Komendy G\u0142\u00f3wnej Policji, Szef NCB Warszawa, posiada bogate do\u015bwiadczenie policyjne, w szczeg\u00f3lno\u015bci w zakresie wsp\u00f3\u0142pracy kryminalnej i mi\u0119dzynarodowej. By\u0142 dow\u00f3dc\u0105 utworzonej jednostki policji misji EULEX Kosowo, oficerem szkoleniowym w JIPTC &#8211; Jordania i w UNMIK &#8211; Specjalnej Jednostce Policji w Kosowie oraz oficerem \u0142\u0105cznikowym policji w Republice Turcji. Od stycznia 2024 r. insp. SIE\u0143KO jest Dyrektorem Biura Mi\u0119dzynarodowej Wsp\u00f3\u0142pracy Policji Komendy G\u0142\u00f3wnej Policji. Odpowiada za organizacj\u0119, zarz\u0105dzanie i koordynacj\u0119 mi\u0119dzynarodowej wsp\u00f3\u0142pracy policyjnej w Polsce. Jako Szef Centralnego Biura Policji w Warszawie, insp. SIE\u0143KO wspiera rozszerzenie bezpo\u015bredniego dost\u0119pu do baz danych INTERPOLU dla funkcjonariuszy policji na pierwszej linii oraz zwi\u0119kszenie ich potencja\u0142u wymiany informacji. Jest aktywnym cz\u0142onkiem mi\u0119dzynarodowej spo\u0142eczno\u015bci policyjnej. W 2024 r. pe\u0142ni\u0142 funkcj\u0119 zast\u0119pcy cz\u0142onka zarz\u0105du Europolu z ramienia Polski, a od 1 stycznia 2025 r. pe\u0142ni funkcj\u0119 przewodnicz\u0105cego zarz\u0105du Europolu.\u00a0<\/p>\n\n\n\n<p><em>\u201eSi\u0142a INTERPOLU dzi\u0119ki partnerstwom i technologii\u201d.<\/em><\/p>\n\n\n\n<p>Jako kandydat do Komitetu Wykonawczego INTERPOLU, kieruj\u0119 si\u0119 wizj\u0105 ci\u0105gle rozwijaj\u0105cej si\u0119 mi\u0119dzynarodowej sieci policyjnej, zwi\u0119kszonej innowacyjno\u015bci wspieranej przez post\u0119p technologiczny oraz sieci organ\u00f3w \u015bcigania, kt\u00f3ra zawsze jest o kilka krok\u00f3w przed \u015bwiatem przest\u0119pczym.<\/p>\n\n\n\n<p>Jestem przekonany o warto\u015bci partnerstwa. Wsz\u0119dzie, gdzie s\u0142u\u017cy\u0142em, nauczy\u0142em si\u0119, jak wa\u017cne jest partnerstwo, wzajemne wsparcie i wsp\u00f3\u0142praca, kt\u00f3re prowadz\u0105 do osi\u0105gni\u0119cia wsp\u00f3lnych cel\u00f3w.<\/p>\n\n\n\n<p>Jestem g\u0142\u0119boko przekonany, \u017ce dzi\u0119ki po\u0142\u0105czeniu moich kompetencji, umiej\u0119tno\u015bci pracy zespo\u0142owej i g\u0142\u0119bokiego zrozumienia wsp\u00f3\u0142czesnych wyzwa\u0144 stoj\u0105cych przed wsp\u00f3\u0142czesnym \u015bwiatem policji, mog\u0119 wnie\u015b\u0107 znacz\u0105cy wk\u0142ad w wysi\u0142ki INTERPOLU zmierzaj\u0105ce do osi\u0105gni\u0119cia wsp\u00f3lnych cel\u00f3w wszystkich 196 pa\u0144stw cz\u0142onkowskich.<\/p>\n\n\n\n<p><em>\u0179r\u00f3d\u0142o: info.policja.pl<\/em><\/p>\n","protected":false},"excerpt":{"rendered":"<p>Przy wsparciu Ministerstwa Spraw Wewn\u0119trznych i Administracji Rzeczypospolitej Polskiej, insp. Ireneusz SIE\u0143KO, Dyrektor Biura Mi\u0119dzynarodowej Wsp\u00f3\u0142pracy Policyjnej Komendy G\u0142\u00f3wnej Policji i Szef Centralnego Biura INTERPOLU w Warszawie, zosta\u0142 zg\u0142oszony jako kandydat na Delegata ds. Europy&#46;&#46;&#46;<\/p>\n","protected":false},"author":1,"featured_media":8528,"comment_status":"open","ping_status":"open","sticky":false,"template":"","format":"standard","meta":{"ngg_post_thumbnail":0,"footnotes":""},"categories":[4],"tags":[],"_links":{"self":[{"href":"https:\/\/swmsw.pl\/index.php?rest_route=\/wp\/v2\/posts\/8527"}],"collection":[{"href":"https:\/\/swmsw.pl\/index.php?rest_route=\/wp\/v2\/posts"}],"about":[{"href":"https:\/\/swmsw.pl\/index.php?rest_route=\/wp\/v2\/types\/post"}],"author":[{"embeddable":true,"href":"https:\/\/swmsw.pl\/index.php?rest_route=\/wp\/v2\/users\/1"}],"replies":[{"embeddable":true,"href":"https:\/\/swmsw.pl\/index.php?rest_route=%2Fwp%2Fv2%2Fcomments&post=8527"}],"version-history":[{"count":1,"href":"https:\/\/swmsw.pl\/index.php?rest_route=\/wp\/v2\/posts\/8527\/revisions"}],"predecessor-version":[{"id":8529,"href":"https:\/\/swmsw.pl\/index.php?rest_route=\/wp\/v2\/posts\/8527\/revisions\/8529"}],"wp:featuredmedia":[{"embeddable":true,"href":"https:\/\/swmsw.pl\/index.php?rest_route=\/wp\/v2\/media\/8528"}],"wp:attachment":[{"href":"https:\/\/swmsw.pl\/index.php?rest_route=%2Fwp%2Fv2%2Fmedia&parent=8527"}],"wp:term":[{"taxonomy":"category","embeddable":true,"href":"https:\/\/swmsw.pl\/index.php?rest_route=%2Fwp%2Fv2%2Fcategories&post=8527"},{"taxonomy":"post_tag","embeddable":true,"href":"https:\/\/swmsw.pl\/index.php?rest_route=%2Fwp%2Fv2%2Ftags&post=8527"}],"curies":[{"name":"wp","href":"https:\/\/api.w.org\/{rel}","templated":true}]}}