{"id":8502,"date":"2025-10-19T14:24:32","date_gmt":"2025-10-19T14:24:32","guid":{"rendered":"https:\/\/swmsw.pl\/?p=8502"},"modified":"2025-10-19T18:42:50","modified_gmt":"2025-10-19T18:42:50","slug":"bedac-przejazdem-zapal-swieczke-pls","status":"publish","type":"post","link":"https:\/\/swmsw.pl\/?p=8502","title":{"rendered":"B\u0119d\u0105c przejazdem zapal \u015bwieczk\u0119, pls"},"content":{"rendered":"\n<p>\u201e\u015awi\u0119to Zmar\u0142ych\u201d to dla mnie obrazy Przyjaciela i Koleg\u00f3w, kt\u00f3rych na co dzie\u0144 nosz\u0119 w swoim sercu \u2013 stracili \u017cycie pe\u0142ni\u0105c s\u0142u\u017cb\u0119 w kontyngentach policyjnych. Tak si\u0119 z\u0142o\u017cy\u0142o, \u017ce prawie ze wszystkimi by\u0142em razem na misjach pokojowych i\u2026 by\u0142em Ich dow\u00f3dc\u0105. Groby poleg\u0142ych ka\u017cdego roku odwiedzamy podczas Rajdu Motocyklowego Weteran\u00f3w w ramach wydarze\u0144 towarzysz\u0105cych obchodom Dnia Weterana organizowanych przez Centrum Weterana Dzia\u0142a\u0144 poza Granicami Pa\u0144stwa.<\/p>\n\n\n\n<p>No c\u00f3\u017c Ch\u0142opaki, &nbsp;STA\u0143CIE DO APELU\u2026<\/p>\n\n\n\n<p><strong>komisarz &nbsp;Jerzy Piekarski<\/strong>&nbsp;\u2013 zgin\u0105\u0142 na Trasie Katowickiej wracaj\u0105c na Ba\u0142kany z urlopu w kraju\u2026 jaki\u015b wariat zawraca\u0142 ci\u0119\u017car\u00f3wk\u0105 na pasie zieleni we mgle. Jerzego \u017cegna\u0142em na cmentarzu w \u0141odzi.<\/p>\n\n\n\n<p>Spoczywa na cmentarzu rzymskokatolickim p. wezw. Matki Boskiej Nieustaj\u0105cej Pomocy przy ul. Szczeci\u0144skiej 96\/100<\/p>\n\n\n\n<p>\u015apij w pokoju Jurku.<\/p>\n\n\n\n<p><strong>podinsp. Andrzej Kaczor<\/strong>&nbsp;zabity w zasadzce na patrol ONZ w Kurdystanie (p\u0142n. Irak) by\u0142em na jego dw\u00f3ch pogrzebach w Iraku i trzecim w Polsce. Andrzejowi zapalaj\u0105 znicze delegacje kolejnych jednostek specjalnych policji ko\u0144cz\u0105c szkolenie zgrywaj\u0105ce w SP S\u0142upsk przed wyjazdem na misj\u0119 do Kosowa.<\/p>\n\n\n\n<p>Spoczywa w S\u0142upsku: <a href=\"https:\/\/slupsk.grobonet.com\/grobonet\/start.php?id=detale&amp;idg=15152&amp;inni=0&amp;cinki=1\">https:\/\/slupsk.grobonet.com\/grobonet\/start.php?id=detale&amp;idg=15152&amp;inni=0&amp;cinki=1<\/a><\/p>\n\n\n\n<p>\u015apij w pokoju Andrzeju.<\/p>\n\n\n\n<p><strong>podkom. Andrzej Buler<\/strong>&nbsp;zgin\u0105\u0142 razem z 12. innymi pracownikami ONZ w katastrofie \u015bmig\u0142owca pod Fojnic\u0105 \u2013 jego trumn\u0119 wnosi\u0142em na pok\u0142ad samolotu w Sarajewie. Polska Policja ufundowa\u0142a odlan\u0105 z br\u0105zu tablic\u0119 umieszczon\u0105 na obelisku w miejscu katastrofy \u015bmig\u0142a ONZ, przy kt\u00f3rej Polacy \/ polscy policjanci \u2013 eksperci w dniu katastrofy, i nie tylko sk\u0142adali wi\u0105zanki kwiat\u00f3w i zapalali symboliczne znicze \u2013 tablica zosta\u0142a skradziona.<\/p>\n\n\n\n<p>Spoczywa w \u017barach:&nbsp;<a href=\"https:\/\/zaryck.grobonet.com\/grobonet\/start.php?id=detale&amp;idg=10849\" target=\"_blank\" rel=\"noreferrer noopener\">https:\/\/zaryck.grobonet.com\/grobonet\/start.php?id=detale&amp;idg=10849<\/a><\/p>\n\n\n\n<p>\u015apij w pokoju Andrzeju.<\/p>\n\n\n\n<p><strong>podinsp. Bogdan Laskowski<\/strong>&nbsp;\u2013 dow\u00f3dca polskiego kontyngentu policyjnego w Liberii zmar\u0142 w Monrowii na malari\u0119. Odprowadza\u0142em trumn\u0119 na miejsce wiecznego odpoczynku.<\/p>\n\n\n\n<p>\u201e<em>Wraca\u0142e\u015b do Liberii\u2026 m\u00f3wi\u0142e\u015b \u201emoja kochana Afryka\u201d\u2026 do ko\u0144ca misji mia\u0142e\u015b dwa tygodnie\u2026 dopad\u0142a Ci\u0119 malaria\u2026 szli\u015bmy z Jasi\u0105 za Twoj\u0105 trumn\u0105\u2026 hm\u2026Ten \u015awiat jest jaki\u015b poje_ _ny, ale wiem, \u017ce czuwasz nade mn\u0105, chocia\u017c \u2013 niepotrzebnie tak szybko poci\u0105gn\u0105\u0142e\u015b Jasi\u0119 za sob\u0105.<\/em>\u201d<\/p>\n\n\n\n<p>Co roku Bogdana z Rodzin\u0105 odwiedzamy w Ramach RMW wsp\u00f3lnie z Riders of IPA LE MC Poland.<\/p>\n\n\n\n<p>Spoczywa w Bielsku Bia\u0142ej na cmentarzu przy ul. Karpackiej:<br><a href=\"https:\/\/bielskobiala.artlookgallery.com\/grobonet\/start.php?id=detale&amp;idg=12205&amp;inni=1\" target=\"_blank\" rel=\"noreferrer noopener\">https:\/\/bielskobiala.artlookgallery.com\/grobonet\/start.php?id=detale&amp;idg=12205&amp;inni=1<\/a><\/p>\n\n\n\n<p>\u015apij w pokoju Przyjacielu.<\/p>\n\n\n\n<p><strong>podinsp. Andrzej \u0141ukasi\u0144ski&nbsp;<\/strong>\u2013 zgin\u0105\u0142 w wypadku drogowym w drodze na urlop do kraju \u2013 do celu mia\u0142 kilkana\u015bcie kilometr\u00f3w.<\/p>\n\n\n\n<p>Spoczywa w \u0141odzi na cmentarzu rzymskokatolickim p. wezw. Wszystkich \u015awi\u0119tych na Olechowie przy ul. Zak\u0142adowej 4.<\/p>\n\n\n\n<p>\u015apij w pokoju Andrzeju.<\/p>\n\n\n\n<p><strong>por. Bartosz Orzechowski<\/strong> &nbsp;\u201eOrzech\u201d (BOR) \u2013 zgin\u0105\u0142 w zamachu na konw\u00f3j z polskim ambasadorem w Iraku. Po\u015bmiertnie odznaczony Orderem Krzy\u017ca Wojskowego.<\/p>\n\n\n\n<p>Spoczywa na cmentarzu w Zamo\u015bciu.<\/p>\n\n\n\n<p>\u015apij w pokoju Bartoszu.<\/p>\n\n\n\n<p>Dawne to czasy, ale \u2026 pami\u0119tam, jak w Wydziale Kontyngent\u00f3w Policyjnych trzymali\u015bmy kciuki za policjant\u00f3w Jednostki Specjalnej Polskiej Policji podczas \u201ewydarze\u0144\u201d w Mitrowicy &nbsp;\u2013 na mo\u015bcie i przed s\u0105dem. Rany odnios\u0142o wtedy kilkudziesi\u0119ciu Ch\u0142opak\u00f3w \u2013 naszych Ch\u0142opak\u00f3w \u2013 Polak\u00f3w \u2013 nikt nie zgin\u0105\u0142.<\/p>\n\n\n\n<p>Daleko mi do \u201ewywo\u0142ywania wilka z lasu\u201d, ale \u2013 w temacie \u201ewydarze\u0144 cmentarnych\u201d uspokoi\u0142o si\u0119. Bogdan Laskowski (Bodeczek) by powiedzia\u0142\u2026 \u201eKu\u017awa! Panie i Panowie Misjanci \u2013 tak trzyma\u0107, ku\u017awa!\u2026 tak trzyma\u0107\u201d \u2026 cholernie si\u0119 z Tob\u0105, Bodeczku, zgadzam.<\/p>\n\n\n\n<p>Ciesz\u0119 si\u0119, bardzo ale to bardzo ciesz\u0119 si\u0119, \u017ce\u2026 moje teksty z poprzednich lat s\u0105 aktualne, niewiele trzeba zmienia\u0107, i \u2026 niech tak zostanie.<\/p>\n\n\n\n<p>Kultywujmy pami\u0119\u0107 o tych, co odeszli\u2026<\/p>\n\n\n\n<p>PS. Odwiedzaj\u0105c rodzinny gr\u00f3b na cmentarzu w Raszynie, zapali\u0142em znicz na grobie siedmiu w\u0119gierskich honwed\u00f3w, rozstrzelanych przez niemc\u00f3w za pomoc Polakom podczas Powstania Warszawskiego. Mam nadziej\u0119, \u017ce nasi politycy przeprosz\u0105 si\u0119 z dumnym narodem w\u0119gierskim, wszak to ich pomoc militarna udzielona w 1920 r. przyczyni\u0142a si\u0119 do Naszego zwyci\u0119stwa w &nbsp;Bitwie &nbsp;Warszawskiej.<\/p>\n\n\n\n<p>Marek G\u00f3rnicki, Prezes honorowy<\/p>\n","protected":false},"excerpt":{"rendered":"<p>\u201e\u015awi\u0119to Zmar\u0142ych\u201d to dla mnie obrazy Przyjaciela i Koleg\u00f3w, kt\u00f3rych na co dzie\u0144 nosz\u0119 w swoim sercu \u2013 stracili \u017cycie pe\u0142ni\u0105c s\u0142u\u017cb\u0119 w kontyngentach policyjnych. Tak si\u0119 z\u0142o\u017cy\u0142o, \u017ce prawie ze wszystkimi by\u0142em razem na&#46;&#46;&#46;<\/p>\n","protected":false},"author":1,"featured_media":8503,"comment_status":"open","ping_status":"open","sticky":false,"template":"","format":"standard","meta":{"ngg_post_thumbnail":0,"footnotes":""},"categories":[9],"tags":[],"_links":{"self":[{"href":"https:\/\/swmsw.pl\/index.php?rest_route=\/wp\/v2\/posts\/8502"}],"collection":[{"href":"https:\/\/swmsw.pl\/index.php?rest_route=\/wp\/v2\/posts"}],"about":[{"href":"https:\/\/swmsw.pl\/index.php?rest_route=\/wp\/v2\/types\/post"}],"author":[{"embeddable":true,"href":"https:\/\/swmsw.pl\/index.php?rest_route=\/wp\/v2\/users\/1"}],"replies":[{"embeddable":true,"href":"https:\/\/swmsw.pl\/index.php?rest_route=%2Fwp%2Fv2%2Fcomments&post=8502"}],"version-history":[{"count":2,"href":"https:\/\/swmsw.pl\/index.php?rest_route=\/wp\/v2\/posts\/8502\/revisions"}],"predecessor-version":[{"id":8506,"href":"https:\/\/swmsw.pl\/index.php?rest_route=\/wp\/v2\/posts\/8502\/revisions\/8506"}],"wp:featuredmedia":[{"embeddable":true,"href":"https:\/\/swmsw.pl\/index.php?rest_route=\/wp\/v2\/media\/8503"}],"wp:attachment":[{"href":"https:\/\/swmsw.pl\/index.php?rest_route=%2Fwp%2Fv2%2Fmedia&parent=8502"}],"wp:term":[{"taxonomy":"category","embeddable":true,"href":"https:\/\/swmsw.pl\/index.php?rest_route=%2Fwp%2Fv2%2Fcategories&post=8502"},{"taxonomy":"post_tag","embeddable":true,"href":"https:\/\/swmsw.pl\/index.php?rest_route=%2Fwp%2Fv2%2Ftags&post=8502"}],"curies":[{"name":"wp","href":"https:\/\/api.w.org\/{rel}","templated":true}]}}