{"id":8496,"date":"2025-10-16T16:08:12","date_gmt":"2025-10-16T16:08:12","guid":{"rendered":"https:\/\/swmsw.pl\/?p=8496"},"modified":"2025-10-16T16:08:13","modified_gmt":"2025-10-16T16:08:13","slug":"o-misjach-i-stowarzyszeniu-opowiadalem-w-csp","status":"publish","type":"post","link":"https:\/\/swmsw.pl\/?p=8496","title":{"rendered":"O misjach i Stowarzyszeniu opowiada\u0142em w CSP"},"content":{"rendered":"\n<p>Na zaproszenie Naczelnika Wydzia\u0142u Misji Zagranicznych i Oficer\u00f3w \u0141\u0105cznikowych Biura Mi\u0119dzynarodowej Wsp\u00f3\u0142pracy Policji KGP podzieli\u0142em si\u0119 swoim do\u015bwiadczeniem misyjnym na kursie specjalistycznym dla policjant\u00f3w-ekspert\u00f3w pe\u0142ni\u0105cych s\u0142u\u017cb\u0119 w kontyngentach policyjnych realizowanym w Centrum Szkolenia Policji w Legionowie.<\/p>\n\n\n\n<p>W szkoleniu bior\u0105 udzia\u0142 funkcjonariusze Policji wy\u0142onieni w procedurze wieloetapowego procesu kwalifikacyjnego, a sam kurs jest kluczowym elementem przygotowa\u0144 do pe\u0142nienia s\u0142u\u017cby w polskich kontyngentach policyjnych misji pokojowych i stabilizacyjnych, ONZ i UE.<\/p>\n\n\n\n<p>Nie mia\u0142em czasu na przygotowanie prezentacji, i\u2026 korzysta\u0142em z mojej ksi\u0105\u017cki \u201eMisyjne wspomnienia. Opowiadaj\u0105c o \u201emoich misjach\u201d &#8211; mia\u0142em momenty wzruszenia w kt\u00f3rych &nbsp;jak zwykle \u201ezawiesza\u0142em si\u0119\u201d. By\u0142o o Bodeczku i tragicznych losach Jego Rodziny, o Andrzeju Kaczorze i Andrzeju Bulerze.<\/p>\n\n\n\n<p>Na koniec zapytany\u2026 z kt\u00f3r\u0105 misj\u0105 wi\u0105\u017c\u0105 &nbsp;mnie najlepsze \/ najciekawsze wspomnienia zawaha\u0142em si\u0119 \u2026 na pewno pierwsz\u0105 jest UNPROFOR na Ba\u0142kanach, na kt\u00f3rej spotka\u0142em si\u0119 z przyja\u017ani\u0105 Serb\u00f3w i Chorwat\u00f3w. &nbsp;Jednak do dzisiaj m\u0119cz\u0105 mnie koszmary UNGCI &nbsp;w \u201ekurwystanie\u201d, gdzie zgin\u0105\u0142 Andrzej Kaczor. &nbsp;W ho\u0142dzie mojemu Koledze, &nbsp;maj\u0105c mo\u017cliwo\u015b\u0107 wyboru metalowej grawerki, &nbsp;zdecydowa\u0142em si\u0119 na \u201eIRAK\u201d na baretce &nbsp;Odznaki honorowej \u201eZa zas\u0142ugi w dzia\u0142aniach poza granicami Rzeczypospolitej Polskiej\u201d.<\/p>\n\n\n\n<p>Maj\u0105c przed sob\u0105 elit\u0119 kandydat\u00f3w na przysz\u0142ych ekspert\u00f3w policyjnych skorzysta\u0142em z okazji i opowiedzia\u0142em o Stowarzyszeniu Weteran\u00f3w Dzia\u0142a\u0144 poza Granicami RP, naszych sukcesach, i\u2026 zmianach personalnych wynikaj\u0105cych z mojego ust\u0105pienia ze stanowiska Prezesa Zarz\u0105du G\u0142\u00f3wnego, i obj\u0119ciem przez wiceprezesa Stowarzyszenia stanowiska Pe\u0142nomocnika Ministra ds. koordynacji dzia\u0142a\u0144 na rzecz weteran\u00f3w &#8211; funkcjonariuszy oraz weteran\u00f3w poszkodowanych funkcjonariuszy. Bardzo kibicuj\u0119 nowemu Zarz\u0105dowi G\u0142\u00f3wnemu Stowarzyszenia, Panowie \u2026.<\/p>\n\n\n\n<p>Uczestnikom kursu przesy\u0142am wyrazy szacunku za podj\u0119cie si\u0119 reprezentowania Polski, polskiej Policji na arenie mi\u0119dzynarodowej.<\/p>\n\n\n\n<p>Z wetera\u0144skim pozdro, <\/p>\n\n\n\n<p>m\u0142. insp. w st. spocz. Marek G\u00f3rnicki<\/p>\n\n\n\n<p>Prezes honorowy<\/p>\n","protected":false},"excerpt":{"rendered":"<p>Na zaproszenie Naczelnika Wydzia\u0142u Misji Zagranicznych i Oficer\u00f3w \u0141\u0105cznikowych Biura Mi\u0119dzynarodowej Wsp\u00f3\u0142pracy Policji KGP podzieli\u0142em si\u0119 swoim do\u015bwiadczeniem misyjnym na kursie specjalistycznym dla policjant\u00f3w-ekspert\u00f3w pe\u0142ni\u0105cych s\u0142u\u017cb\u0119 w kontyngentach policyjnych realizowanym w Centrum Szkolenia Policji w&#46;&#46;&#46;<\/p>\n","protected":false},"author":1,"featured_media":8497,"comment_status":"open","ping_status":"open","sticky":false,"template":"","format":"standard","meta":{"ngg_post_thumbnail":0,"footnotes":""},"categories":[4],"tags":[],"_links":{"self":[{"href":"https:\/\/swmsw.pl\/index.php?rest_route=\/wp\/v2\/posts\/8496"}],"collection":[{"href":"https:\/\/swmsw.pl\/index.php?rest_route=\/wp\/v2\/posts"}],"about":[{"href":"https:\/\/swmsw.pl\/index.php?rest_route=\/wp\/v2\/types\/post"}],"author":[{"embeddable":true,"href":"https:\/\/swmsw.pl\/index.php?rest_route=\/wp\/v2\/users\/1"}],"replies":[{"embeddable":true,"href":"https:\/\/swmsw.pl\/index.php?rest_route=%2Fwp%2Fv2%2Fcomments&post=8496"}],"version-history":[{"count":1,"href":"https:\/\/swmsw.pl\/index.php?rest_route=\/wp\/v2\/posts\/8496\/revisions"}],"predecessor-version":[{"id":8498,"href":"https:\/\/swmsw.pl\/index.php?rest_route=\/wp\/v2\/posts\/8496\/revisions\/8498"}],"wp:featuredmedia":[{"embeddable":true,"href":"https:\/\/swmsw.pl\/index.php?rest_route=\/wp\/v2\/media\/8497"}],"wp:attachment":[{"href":"https:\/\/swmsw.pl\/index.php?rest_route=%2Fwp%2Fv2%2Fmedia&parent=8496"}],"wp:term":[{"taxonomy":"category","embeddable":true,"href":"https:\/\/swmsw.pl\/index.php?rest_route=%2Fwp%2Fv2%2Fcategories&post=8496"},{"taxonomy":"post_tag","embeddable":true,"href":"https:\/\/swmsw.pl\/index.php?rest_route=%2Fwp%2Fv2%2Ftags&post=8496"}],"curies":[{"name":"wp","href":"https:\/\/api.w.org\/{rel}","templated":true}]}}