{"id":8349,"date":"2025-09-10T06:40:05","date_gmt":"2025-09-10T06:40:05","guid":{"rendered":"https:\/\/swmsw.pl\/?p=8349"},"modified":"2025-09-10T06:42:00","modified_gmt":"2025-09-10T06:42:00","slug":"rekompensata-nowe-uprawnienie-dla-weteranow-poszkodowanych","status":"publish","type":"post","link":"https:\/\/swmsw.pl\/?p=8349","title":{"rendered":"Rekompensata &#8211; nowe uprawnienie dla weteran\u00f3w poszkodowanych"},"content":{"rendered":"\n<p>W dniu 10 wrze\u015bnia 2025 r. wchodz\u0105 w \u017cycie przepisy zmieniaj\u0105ce ustaw\u0119 z dnia 19 sierpnia 2011 r. o weteranach dzia\u0142a\u0144 poza granicami pa\u0144stwa. Nowelizacja ustawy wprowadza nowy rozdzia\u0142 dotycz\u0105cy rekompensaty z tytu\u0142u krzywd zwi\u0105zanych z uszczerbkiem na zdrowiu doznanym wskutek wypadku pozostaj\u0105cego w zwi\u0105zku z dzia\u0142aniami poza granicami pa\u0144stwa lub choroby nabytej podczas wykonywania zada\u0144 lub obowi\u0105zk\u00f3w s\u0142u\u017cbowych w ramach dzia\u0142a\u0144 poza granicami pa\u0144stwa. Nowelizacja zosta\u0142a przygotowana przez Ministerstwo Obrony Narodowej. W pracach uczestniczyli r\u00f3wnie\u017c przedstawiciele Ministerstwa Spraw Wewn\u0119trznych i Administracji.<\/p>\n\n\n\n<p>Osoby posiadaj\u0105ce status weterana poszkodowanego (tak\u017ce weterana poszkodowanego-funkcjonariusza) mog\u0105 ubiega\u0107 si\u0119 o przyznanie rekompensaty, kt\u00f3ra jest \u015bwiadczeniem jednorazowym. Przyznana kwota rekompensaty nie podlega waloryzacji.<\/p>\n\n\n\n<p>Z wnioskiem o przyznanie rekompensaty uprawniony powinien wyst\u0105pi\u0107 w ci\u0105gu dw\u00f3ch lat od wydania orzeczenia o uszczerbku na zdrowiu lub nabytej chorobie. Termin ten nie biegnie przez czas trwania post\u0119powania w przedmiocie przyznania statusu weterana poszkodowanego.<\/p>\n\n\n\n<p>Wniosek kierowany jest do Ministra Obrony Narodowej w przypadku weteran\u00f3w poszkodowanych \u017co\u0142nierzy, do ministra w\u0142a\u015bciwego do spraw wewn\u0119trznych w przypadku weteran\u00f3w poszkodowanych-funkcjonariuszy, do Szefa Agencji Bezpiecze\u0144stwa Wewn\u0119trznego w przypadku weteran\u00f3w poszkodowanych-funkcjonariuszy ABW albo do Szefa Agencji Wywiadu w przypadku weteran\u00f3w poszkodowanych-funkcjonariuszy AW.<\/p>\n\n\n\n<p>W ustawie przyj\u0119to, \u017ce podstawowa kwota rekompensaty b\u0119dzie wynosi\u0142a 6000 PLN za ka\u017cdy procent uszczerbku na zdrowiu okre\u015blony w decyzji o przyznaniu statusu weterana poszkodowanego. Kwota ta b\u0119dzie podlega\u0142a corocznej waloryzacji na zasadach okre\u015blonych w ustawie.<\/p>\n\n\n\n<p>Procedura przyznania rekompensaty powinna zaj\u0105\u0107 nie d\u0142u\u017cej ni\u017c dwa miesi\u0105ce od dnia z\u0142o\u017cenia kompletnego i prawid\u0142owo wype\u0142nionego wniosku wraz ze wszystkimi wymaganymi dokumentami.<\/p>\n\n\n\n<p>Po otrzymaniu rozstrzygni\u0119cia o przyznaniu rekompensaty zainteresowany b\u0119dzie mia\u0142 30 dni na z\u0142o\u017cenie do organu o\u015bwiadczenia o jej przyj\u0119ciu i formie dokonania wyp\u0142aty. Organ w ci\u0105gu 14 dni od otrzymania o\u015bwiadczenia o przyj\u0119ciu rekompensaty dokona wyp\u0142aty w formie wskazanej przez zainteresowanego.<\/p>\n\n\n\n<p>Uwaga:<\/p>\n\n\n\n<p>Wnioski o przyznanie rekompensaty dotycz\u0105ce uszczerbku na zdrowiu orzeczonego w zwi\u0105zku z wypadkiem pozostaj\u0105cym w zwi\u0105zku z dzia\u0142aniami poza granicami pa\u0144stwa lub chorob\u0105 nabyt\u0105 podczas wykonywania zada\u0144 lub obowi\u0105zk\u00f3w s\u0142u\u017cbowych w ramach dzia\u0142a\u0144 poza granicami pa\u0144stwa zaistnia\u0142ymi przed dniem 10.09.2025r. (wej\u015bcie w \u017cycie przepis\u00f3w ustawy dotycz\u0105cych rekompensaty), mog\u0105 by\u0107 sk\u0142adane w ci\u0105gu 2 lat od dnia wej\u015bcia w \u017cycie przepis\u00f3w ustawy o rekompensacie.<a><\/a><\/p>\n\n\n\n<p>Ustawa z 5 sierpnia 2025 r.: <a href=\"https:\/\/swmsw.pl\/wp\/wp-content\/uploads\/2025\/09\/D2025000118001.pdf\" target=\"_blank\" rel=\"noreferrer noopener\">https:\/\/swmsw.pl\/wp\/wp-content\/uploads\/2025\/09\/D2025000118001.pdf<\/a><\/p>\n","protected":false},"excerpt":{"rendered":"<p>W dniu 10 wrze\u015bnia 2025 r. wchodz\u0105 w \u017cycie przepisy zmieniaj\u0105ce ustaw\u0119 z dnia 19 sierpnia 2011 r. o weteranach dzia\u0142a\u0144 poza granicami pa\u0144stwa. Nowelizacja ustawy wprowadza nowy rozdzia\u0142 dotycz\u0105cy rekompensaty z tytu\u0142u krzywd zwi\u0105zanych&#46;&#46;&#46;<\/p>\n","protected":false},"author":1,"featured_media":8350,"comment_status":"open","ping_status":"open","sticky":false,"template":"","format":"standard","meta":{"ngg_post_thumbnail":0,"footnotes":""},"categories":[4],"tags":[],"_links":{"self":[{"href":"https:\/\/swmsw.pl\/index.php?rest_route=\/wp\/v2\/posts\/8349"}],"collection":[{"href":"https:\/\/swmsw.pl\/index.php?rest_route=\/wp\/v2\/posts"}],"about":[{"href":"https:\/\/swmsw.pl\/index.php?rest_route=\/wp\/v2\/types\/post"}],"author":[{"embeddable":true,"href":"https:\/\/swmsw.pl\/index.php?rest_route=\/wp\/v2\/users\/1"}],"replies":[{"embeddable":true,"href":"https:\/\/swmsw.pl\/index.php?rest_route=%2Fwp%2Fv2%2Fcomments&post=8349"}],"version-history":[{"count":2,"href":"https:\/\/swmsw.pl\/index.php?rest_route=\/wp\/v2\/posts\/8349\/revisions"}],"predecessor-version":[{"id":8353,"href":"https:\/\/swmsw.pl\/index.php?rest_route=\/wp\/v2\/posts\/8349\/revisions\/8353"}],"wp:featuredmedia":[{"embeddable":true,"href":"https:\/\/swmsw.pl\/index.php?rest_route=\/wp\/v2\/media\/8350"}],"wp:attachment":[{"href":"https:\/\/swmsw.pl\/index.php?rest_route=%2Fwp%2Fv2%2Fmedia&parent=8349"}],"wp:term":[{"taxonomy":"category","embeddable":true,"href":"https:\/\/swmsw.pl\/index.php?rest_route=%2Fwp%2Fv2%2Fcategories&post=8349"},{"taxonomy":"post_tag","embeddable":true,"href":"https:\/\/swmsw.pl\/index.php?rest_route=%2Fwp%2Fv2%2Ftags&post=8349"}],"curies":[{"name":"wp","href":"https:\/\/api.w.org\/{rel}","templated":true}]}}