{"id":7780,"date":"2024-10-14T08:21:11","date_gmt":"2024-10-14T08:21:11","guid":{"rendered":"https:\/\/swmsw.pl\/?p=7780"},"modified":"2024-10-14T08:23:16","modified_gmt":"2024-10-14T08:23:16","slug":"drodzy-weterani-kolezanki-i-koledzy","status":"publish","type":"post","link":"https:\/\/swmsw.pl\/?p=7780","title":{"rendered":"B\u0119d\u0105c na cmentarzu \u2026\u00a0 zapal symboliczn\u0105 \u015bwieczk\u0119"},"content":{"rendered":"\n<p>Drodzy Weterani, Kole\u017canki i Koledzy\u2026<\/p>\n\n\n\n<p>\u201e\u015awi\u0119to Zmar\u0142ych\u201d to dla mnie obrazy Przyjaciela i Koleg\u00f3w, kt\u00f3rych na co dzie\u0144 nosz\u0119 w swoim sercu \u2013 stracili \u017cycie pe\u0142ni\u0105c s\u0142u\u017cb\u0119 w kontyngentach policyjnych, to tak\u017ce wspomnienia o zmar\u0142ych z kt\u00f3rymi \u0142\u0105czy\u0142a mnie przyja\u017a\u0144 i znajomo\u015b\u0107. \u00a0Tak si\u0119 z\u0142o\u017cy\u0142o, \u017ce z ekspertami s\u0142u\u017cy\u0142em razem cz\u0119sto\u00a0b\u0119d\u0105c ich dow\u00f3dc\u0105. Polegli i zmarli ju\u017c nigdy nie stan\u0105 do apelu \u2013 odeszli na wieczn\u0105 wart\u0119.<\/p>\n\n\n\n<p>Ostatnio b\u0119d\u0105c zaproszony na uroczysto\u015b\u0107 upami\u0119tniaj\u0105c\u0105 rocznic\u0119 \u015bmierci ppor. SOP Bartosza Orzechowskiego w zamachu na konw\u00f3j wioz\u0105cy Ambasadora RP w Bagdadzie, mia\u0142em w oczach budynek ambasady w kt\u00f3rym by\u0142em kilkana\u015bcie lat wcze\u015bniej, przy okazji \u015bmierci podinsp. Andrzeja Kaczora poleg\u0142ego w zamachu na patrol UNGCI w Kurdystanie. W tym czasie w Iraku zgin\u0119\u0142a jeszcze Polka &#8211; piel\u0119gniarka na kontrakcie w tym samym kontyngencie. Terrorystyczne ataki ze skutkiem \u015bmiertelnym na f-szy\u2026 Policjanta, BOR\/SOP i \u015bmier\u0107 Polki w Iraku, nawet rozci\u0105gni\u0119te w latach powinny by\u0107 rozpatrywane z punktu widzenia pa\u0144stwa jako jeden atak &#8211; czy kto\u015b w Polsce po\u0142\u0105czy\u0142&nbsp; te wydarzenia?<\/p>\n\n\n\n<p>Do Wroc\u0142awia, na 50. lecie rozpocz\u0119cia studi\u00f3w w WSOW Zmech nie przyjecha\u0142 Zbyszek &nbsp;\u2013 Kolega z tego samego plutonu podchor\u0105\u017cych. Nie przyjecha\u0142, bo walczy\u0142 z chorob\u0105\u2026 przegra\u0142 &#8211; odszed\u0142 na wieczn\u0105 wart\u0119. Szwagier Kazimierz, te\u017c odszed\u0142\u2026<\/p>\n\n\n\n<p>Kole\u017canki i Koledzy Weterani,<\/p>\n\n\n\n<p>Pami\u0119tajmy o poleg\u0142ych na misjach i zmar\u0142ych po powrocie do kraju Funkcjonariuszach, \u017bo\u0142nierzach i Waszych bliskich \u2013 zapalmy im na grobach symboliczne \u015bwieczki.<\/p>\n\n\n\n<p>Dzi\u0119kuj\u0119 dow\u00f3dcy JSPP szkol\u0105cej si\u0119 w S\u0142upsku za tradycyjny znicz na grobie podinsp. Andrzeja Kaczora z kt\u00f3rym pe\u0142ni\u0142em s\u0142u\u017cb\u0119 w Iraku.<\/p>\n\n\n\n<p>Marek, prezes<\/p>\n\n\n\n<p>PS. \u201e<em>Bodeczku, by\u0142e\u015b jedynym kumplem, kt\u00f3remu ufa\u0142em bezgranicznie i w kt\u00f3rego towarzystwie czu\u0142em si\u0119 na misji bezpiecznie. To, \u017ce odszed\u0142e\u015b jest zaprzeczeniem wiary w sprawiedliwo\u015b\u0107 i sens istnienia. Nie mog\u0119 si\u0119 z tym pogodzi\u0107 i jest mi ci\u0119\u017cko.\u201d \u2026 <\/em>m\u00f3j Przyjaciel zmar\u0142 na malari\u0119 pe\u0142ni\u0105c s\u0142u\u017cb\u0119 w kontyngencie policyjnym misji ONZ w Liberii. To s\u0142owa wst\u0119pu do mojej ksi\u0105\u017cki pt. Misyjne Wspomnienia, kt\u00f3r\u0105 Bodka pami\u0119ci dedykowa\u0142em.<\/p>\n","protected":false},"excerpt":{"rendered":"<p>Drodzy Weterani, Kole\u017canki i Koledzy\u2026 \u201e\u015awi\u0119to Zmar\u0142ych\u201d to dla mnie obrazy Przyjaciela i Koleg\u00f3w, kt\u00f3rych na co dzie\u0144 nosz\u0119 w swoim sercu \u2013 stracili \u017cycie pe\u0142ni\u0105c s\u0142u\u017cb\u0119 w kontyngentach policyjnych, to tak\u017ce wspomnienia o zmar\u0142ych&#46;&#46;&#46;<\/p>\n","protected":false},"author":1,"featured_media":7781,"comment_status":"open","ping_status":"open","sticky":false,"template":"","format":"standard","meta":{"ngg_post_thumbnail":0,"footnotes":""},"categories":[9],"tags":[],"_links":{"self":[{"href":"https:\/\/swmsw.pl\/index.php?rest_route=\/wp\/v2\/posts\/7780"}],"collection":[{"href":"https:\/\/swmsw.pl\/index.php?rest_route=\/wp\/v2\/posts"}],"about":[{"href":"https:\/\/swmsw.pl\/index.php?rest_route=\/wp\/v2\/types\/post"}],"author":[{"embeddable":true,"href":"https:\/\/swmsw.pl\/index.php?rest_route=\/wp\/v2\/users\/1"}],"replies":[{"embeddable":true,"href":"https:\/\/swmsw.pl\/index.php?rest_route=%2Fwp%2Fv2%2Fcomments&post=7780"}],"version-history":[{"count":2,"href":"https:\/\/swmsw.pl\/index.php?rest_route=\/wp\/v2\/posts\/7780\/revisions"}],"predecessor-version":[{"id":7784,"href":"https:\/\/swmsw.pl\/index.php?rest_route=\/wp\/v2\/posts\/7780\/revisions\/7784"}],"wp:featuredmedia":[{"embeddable":true,"href":"https:\/\/swmsw.pl\/index.php?rest_route=\/wp\/v2\/media\/7781"}],"wp:attachment":[{"href":"https:\/\/swmsw.pl\/index.php?rest_route=%2Fwp%2Fv2%2Fmedia&parent=7780"}],"wp:term":[{"taxonomy":"category","embeddable":true,"href":"https:\/\/swmsw.pl\/index.php?rest_route=%2Fwp%2Fv2%2Fcategories&post=7780"},{"taxonomy":"post_tag","embeddable":true,"href":"https:\/\/swmsw.pl\/index.php?rest_route=%2Fwp%2Fv2%2Ftags&post=7780"}],"curies":[{"name":"wp","href":"https:\/\/api.w.org\/{rel}","templated":true}]}}