{"id":7651,"date":"2024-09-11T08:00:00","date_gmt":"2024-09-11T08:00:00","guid":{"rendered":"https:\/\/swmsw.pl\/?p=7651"},"modified":"2024-09-06T14:53:12","modified_gmt":"2024-09-06T14:53:12","slug":"andrzej-buler-wspomnienie-2","status":"publish","type":"post","link":"https:\/\/swmsw.pl\/?p=7651","title":{"rendered":"Andrzej Buler \u2013 wspomnienie\u2026"},"content":{"rendered":"\n<p>Po \u015bmierci Andrzeja Kaczora w Kurdystanie w 1995 roku, napisali\u015bmy wsp\u00f3lnie z Andrzejem S. \u201eletter of protest\u201d do szefa misji UNGCI, i\u2026\u00a0 dostali\u015bmy propozycj\u0119 kontynuacji s\u0142u\u017cby dla\u00a0 ONZ w Bo\u015bni i Hercegowinie \u2013 propozycj\u0119 przyj\u0119li\u015bmy.<\/p>\n\n\n\n<p>Po relokacji z Iraku, w Zagrzebiu okaza\u0142o si\u0119, \u017ce b\u0119d\u0119 s\u0142u\u017cy\u0142 w Support Unit, pracuj\u0105cym na rzecz dw\u00f3ch misji \u2013 UNMIBH i UNTAES \u2013 tu pe\u0142ni\u0142 s\u0142u\u017cb\u0119 r\u00f3wnie\u017c Andrzej Buler. Gdy zobaczy\u0142em za\u015bmiewaj\u0105cych si\u0119 koleg\u00f3w &#8211; wiedzia\u0142em, \u017ce w\u015br\u00f3d nich jest Andrzej. Jego dar opowiadania kawa\u0142\u00f3w &#8211; zbli\u017ca\u0142 nas Polak\u00f3w do narodowo\u015bci, kt\u00f3re w tamtych czasach \u201ewidzia\u0142y w nas\u201d\u00a0 tych zza \u017celaznej kurtyny\u2026\u00a0 Z Andrzejem zaprzyja\u017ani\u0142em si\u0119 b\u0142yskawicznie. To by\u0142a jego trzecia misja &#8211; na pierwszej s\u0142u\u017cy\u0142 w Sarajewie i sta\u0142 si\u0119 jej legend\u0105. Na drugiej misji by\u0142 adiutantem jej szefa i\u2026 mia\u0142 okazj\u0119 pozna\u0107 Zagrzeb. Bardzo by\u0142em ciekawy jego historii, o kt\u00f3rych potrafi\u0142 barwnie opowiada\u0107. Oprowadzaj\u0105c mnie po mie\u015bcie odtwarza\u0142 wspomnienia\u2026 W pami\u0119ci utkwi\u0142a mi historia ze snajperem, kt\u00f3ry na sarajewskim lotnisku trafi\u0142 go w plecy \u2013 <em>\u201enag\u0142e uderzenie powali\u0142o mnie na beton\u2026 wiedzia\u0142em, \u017ce dosta\u0142em, \u017ce musz\u0119 wsta\u0107 i wskoczy\u0107 do otwartych drzwi transportera kt\u00f3ry <\/em>podjecha\u0142 \u017ceby da\u0107 os\u0142on\u0119\u201d \u2013 zawiesi\u0142 si\u0119 na dobr\u0105 chwil\u0119\u2026 \u201e<em>w polowym szpitalu nie mog\u0142em le\u017ce\u0107 na plecach \u2013 mia\u0142em olbrzymiego si\u0144ca\u2026 i wiesz co wspominam najbardziej<\/em>\u201d &#8211; spojrza\u0142em pytaj\u0105co \u2013 \u201e<em>do dzi\u015b pami\u0119tam b\u00f3l plec\u00f3w w kiblu\u2026 i piszczeli zdartych w trakcie skoku\u2026\u201d \u2013 <\/em>obaj zacz\u0119li\u015bmy si\u0119 \u015bmia\u0107 na sam\u0105 my\u015bl jak to wygl\u0105da\u0142o (&#8230;)<\/p>\n\n\n\n<p>Po mniej wi\u0119cej p\u00f3\u0142 roku dow\u00f3dztwo uzna\u0142o, \u017ce wszyscy z misji UNTAES maj\u0105 do niej wr\u00f3ci\u0107\u2026 &#8211; musia\u0142em si\u0119 po\u017cegna\u0107 z Zagrzebiem. Zrobili\u015bmy wsp\u00f3ln\u0105 imprez\u0119 \u2013 Andrzeja \u2013 \u017cywego, wiedzia\u0142em po raz ostatni. (&#8230;)<\/p>\n\n\n\n<p>By\u0142 17 wrze\u015bnia 1997 r. &#8211; po odprawie, na stacji policyjnej w Bia\u0142ym Monastyrze podszed\u0142 do mnie Brendan, m\u00f3j zast\u0119pca i cichym g\u0142osem powiedzia\u0142\u2026 w Sarajewie rozbi\u0142 si\u0119 \u015bmig\u0142owiec ONZ \u2013 12 ludzi zgin\u0119\u0142o, w tym Polak.<\/p>\n\n\n\n<p>Na misji wie\u015bci rozchodz\u0105 si\u0119 z pr\u0119dko\u015bci\u0105 \u015bwiat\u0142a\u2026\u00a0\u00a0(<em>Z ksi\u0105\u017cki \u201eMisyjne wspomnienia\u201d<\/em>)<\/p>\n\n\n\n<p>Po powrocie do kraju pracowa\u0142em w Wydziale Kontyngent\u00f3w Policyjnych BMWP KGP \/\u2026\/ i &#8211; zajmowa\u0142em si\u0119 \u201emisjami\u201d. Gdy rozpocz\u0105\u0142em prac\u0119, decyzja o upami\u0119tnieniu Andrzeja tablic\u0105 pami\u0105tkow\u0105 i umieszczeniu jej w miejscu katastrofy \u015bmig\u0142owca by\u0142a w ostatniej fazie realizacji. Za jej projekt i odlew zap\u0142aci\u0142a KGP (\u2026)<\/p>\n\n\n\n<p>\u2026zapyta\u0142em Adama Gli\u0144skiego, czy wracaj\u0105c po urlopie do Sarajewa zabierze tablic\u0119 pami\u0105tkow\u0105 do Sarajewa ? (\u2026) Gdy umie\u015bcili\u015bmy ci\u0119\u017cki odlew w baga\u017cniku samochodu \u2013 widzia\u0142em j\u0105 \u201ena \u017cywo\u201d po raz ostatni.<\/p>\n\n\n\n<p>Przez kolejne lata organizowa\u0142em wyjazdy Rodziny Andrzeja na uroczysto\u015b\u0107 organizowan\u0105 przez ONZ i lokalne w\u0142adze w miejscu katastrofy. Delegacj\u0105 z kraju zawsze opiekowali si\u0119 polscy policjanci \u2013 eksperci. Na miejscu byli obecni cz\u0142onkowie korpusu dyplomatycznego, bywa\u0142 tam polski ambasador, zawsze attach\u00e9 wojskowy, by\u0142y przem\u00f3wienia, wie\u0144ce i kwiaty (\u2026)<\/p>\n\n\n\n<p>Misja w Bo\u015bni i Hercegowinie dawno zako\u0144czy\u0142a si\u0119 \u2013 realizacj\u0119 postanowie\u0144 z Dayton nadzoruje OHR. Nie pami\u0119tam od kogo dowiedzia\u0142em si\u0119, \u017ce z\u0142omiarze \u201ezaopiekowali si\u0119\u201d tablic\u0105 przymocowan\u0105 do kamienia. Kolega Zbyszek, przes\u0142a\u0142 mi zdj\u0119cia z miejsca katastrofy &#8211; jak pisze \u201e<em>coroczne uroczysto\u015bci s\u0105 tradycj\u0105 i dla spo\u0142eczno\u015bci mi\u0119dzynarodowej w B&amp;H i dla lokalnych z Fojnicy i co wa\u017cne, ta pami\u0119\u0107 jest szczera i niewymuszona\u201d.<\/em><\/p>\n\n\n\n<p>Mia\u0142em szczery zamiar wyst\u0105pi\u0107 z inicjatyw\u0105 zrobienia kopi Tablicy upami\u0119tniaj\u0105cej Andrzeja. By\u0142oby to stosunkowo proste gdyby uda\u0142o si\u0119 znale\u017a\u0107 w KGP form\u0119 w kt\u00f3rej j\u0105 odlano, ale\u2026 zmieni\u0142em zdanie &#8211; obelisk nad bo\u015bniack\u0105 wsi\u0105 jest pi\u0119kny w swojej prostocie i \u2026 niech tak zostanie\u2026<\/p>\n\n\n\n<figure class=\"wp-block-gallery has-nested-images columns-default is-cropped wp-block-gallery-1 is-layout-flex wp-block-gallery-is-layout-flex\">\n<figure data-wp-context=\"{ &quot;core&quot;:\n\t\t\t\t{ &quot;image&quot;:\n\t\t\t\t\t{   &quot;imageLoaded&quot;: false,\n\t\t\t\t\t\t&quot;initialized&quot;: false,\n\t\t\t\t\t\t&quot;lightboxEnabled&quot;: false,\n\t\t\t\t\t\t&quot;hideAnimationEnabled&quot;: false,\n\t\t\t\t\t\t&quot;preloadInitialized&quot;: false,\n\t\t\t\t\t\t&quot;lightboxAnimation&quot;: &quot;zoom&quot;,\n\t\t\t\t\t\t&quot;imageUploadedSrc&quot;: &quot;https:\/\/swmsw.pl\/wp\/wp-content\/uploads\/2024\/09\/4.Support-Unit-Zagrzeb-Andrzej-pierwszy-z-prawej.jpg&quot;,\n\t\t\t\t\t\t&quot;imageCurrentSrc&quot;: &quot;&quot;,\n\t\t\t\t\t\t&quot;targetWidth&quot;: &quot;1186&quot;,\n\t\t\t\t\t\t&quot;targetHeight&quot;: &quot;792&quot;,\n\t\t\t\t\t\t&quot;scaleAttr&quot;: &quot;&quot;,\n\t\t\t\t\t\t&quot;dialogLabel&quot;: &quot;Powi\u0119kszony obrazek&quot;\n\t\t\t\t\t}\n\t\t\t\t}\n\t\t\t}\" data-wp-interactive class=\"wp-block-image size-full wp-lightbox-container\"><img loading=\"lazy\" decoding=\"async\" width=\"1186\" height=\"792\" data-wp-effect--setStylesOnResize=\"effects.core.image.setStylesOnResize\" data-wp-effect=\"effects.core.image.setButtonStyles\" data-wp-init=\"effects.core.image.initOriginImage\" data-wp-on--click=\"actions.core.image.showLightbox\" data-wp-on--load=\"actions.core.image.handleLoad\" data-id=\"7655\" src=\"https:\/\/swmsw.pl\/wp\/wp-content\/uploads\/2024\/09\/4.Support-Unit-Zagrzeb-Andrzej-pierwszy-z-prawej.jpg\" alt=\"\" class=\"wp-image-7655\" srcset=\"https:\/\/swmsw.pl\/wp\/wp-content\/uploads\/2024\/09\/4.Support-Unit-Zagrzeb-Andrzej-pierwszy-z-prawej.jpg 1186w, https:\/\/swmsw.pl\/wp\/wp-content\/uploads\/2024\/09\/4.Support-Unit-Zagrzeb-Andrzej-pierwszy-z-prawej-300x200.jpg 300w, https:\/\/swmsw.pl\/wp\/wp-content\/uploads\/2024\/09\/4.Support-Unit-Zagrzeb-Andrzej-pierwszy-z-prawej-768x513.jpg 768w, https:\/\/swmsw.pl\/wp\/wp-content\/uploads\/2024\/09\/4.Support-Unit-Zagrzeb-Andrzej-pierwszy-z-prawej-600x401.jpg 600w\" sizes=\"(max-width: 1186px) 100vw, 1186px\" \/><button\n\t\t\tclass=\"lightbox-trigger\"\n\t\t\ttype=\"button\"\n\t\t\taria-haspopup=\"dialog\"\n\t\t\taria-label=\"Powi\u0119ksz obrazek\"\n\t\t\tdata-wp-on--click=\"actions.core.image.showLightbox\"\n\t\t\tdata-wp-style--right=\"context.core.image.imageButtonRight\"\n\t\t\tdata-wp-style--top=\"context.core.image.imageButtonTop\"\n\t\t>\n\t\t\t<svg xmlns=\"http:\/\/www.w3.org\/2000\/svg\" width=\"12\" height=\"12\" fill=\"none\" viewBox=\"0 0 12 12\">\n\t\t\t\t<path fill=\"#fff\" d=\"M2 0a2 2 0 0 0-2 2v2h1.5V2a.5.5 0 0 1 .5-.5h2V0H2Zm2 10.5H2a.5.5 0 0 1-.5-.5V8H0v2a2 2 0 0 0 2 2h2v-1.5ZM8 12v-1.5h2a.5.5 0 0 0 .5-.5V8H12v2a2 2 0 0 1-2 2H8Zm2-12a2 2 0 0 1 2 2v2h-1.5V2a.5.5 0 0 0-.5-.5H8V0h2Z\" \/>\n\t\t\t<\/svg>\n\t\t<\/button>        <div data-wp-body=\"\" class=\"wp-lightbox-overlay zoom\"\n            data-wp-bind--role=\"selectors.core.image.roleAttribute\"\n            data-wp-bind--aria-label=\"selectors.core.image.dialogLabel\"\n            data-wp-class--initialized=\"context.core.image.initialized\"\n            data-wp-class--active=\"context.core.image.lightboxEnabled\"\n            data-wp-class--hideAnimationEnabled=\"context.core.image.hideAnimationEnabled\"\n            data-wp-bind--aria-modal=\"selectors.core.image.ariaModal\"\n            data-wp-effect=\"effects.core.image.initLightbox\"\n            data-wp-on--keydown=\"actions.core.image.handleKeydown\"\n            data-wp-on--touchstart=\"actions.core.image.handleTouchStart\"\n            data-wp-on--touchmove=\"actions.core.image.handleTouchMove\"\n            data-wp-on--touchend=\"actions.core.image.handleTouchEnd\"\n            data-wp-on--click=\"actions.core.image.hideLightbox\"\n            tabindex=\"-1\"\n            >\n                <button type=\"button\" aria-label=\"Zamknij\" style=\"fill: #000\" class=\"close-button\" data-wp-on--click=\"actions.core.image.hideLightbox\">\n                    <svg xmlns=\"http:\/\/www.w3.org\/2000\/svg\" viewBox=\"0 0 24 24\" width=\"20\" height=\"20\" aria-hidden=\"true\" focusable=\"false\"><path d=\"M13 11.8l6.1-6.3-1-1-6.1 6.2-6.1-6.2-1 1 6.1 6.3-6.5 6.7 1 1 6.5-6.6 6.5 6.6 1-1z\"><\/path><\/svg>\n                <\/button>\n                <div class=\"lightbox-image-container\">\n<figure class=\"wp-block-image size-full responsive-image\"><img decoding=\"async\" data-wp-bind--src=\"context.core.image.imageCurrentSrc\" data-wp-style--object-fit=\"selectors.core.image.lightboxObjectFit\" data-id=\"7655\" src=\"\" alt=\"\" class=\"wp-image-7655\"\/><\/figure>\n<\/div>\n                <div class=\"lightbox-image-container\">\n<figure class=\"wp-block-image size-full enlarged-image\"><img decoding=\"async\" data-wp-bind--src=\"selectors.core.image.enlargedImgSrc\" data-wp-style--object-fit=\"selectors.core.image.lightboxObjectFit\" data-id=\"7655\" src=\"\" alt=\"\" class=\"wp-image-7655\"\/><\/figure>\n<\/div>\n                <div class=\"scrim\" style=\"background-color: #fff\" aria-hidden=\"true\"><\/div>\n        <\/div><\/figure>\n\n\n\n<figure data-wp-context=\"{ &quot;core&quot;:\n\t\t\t\t{ &quot;image&quot;:\n\t\t\t\t\t{   &quot;imageLoaded&quot;: false,\n\t\t\t\t\t\t&quot;initialized&quot;: false,\n\t\t\t\t\t\t&quot;lightboxEnabled&quot;: false,\n\t\t\t\t\t\t&quot;hideAnimationEnabled&quot;: false,\n\t\t\t\t\t\t&quot;preloadInitialized&quot;: false,\n\t\t\t\t\t\t&quot;lightboxAnimation&quot;: &quot;zoom&quot;,\n\t\t\t\t\t\t&quot;imageUploadedSrc&quot;: &quot;https:\/\/swmsw.pl\/wp\/wp-content\/uploads\/2024\/09\/6.Na-pokladzie-samolotu-specjalnego-z-trumna-Andrzeja-przed-wylotem-z-Sarajewa.jpg&quot;,\n\t\t\t\t\t\t&quot;imageCurrentSrc&quot;: &quot;&quot;,\n\t\t\t\t\t\t&quot;targetWidth&quot;: &quot;1785&quot;,\n\t\t\t\t\t\t&quot;targetHeight&quot;: &quot;1260&quot;,\n\t\t\t\t\t\t&quot;scaleAttr&quot;: &quot;&quot;,\n\t\t\t\t\t\t&quot;dialogLabel&quot;: &quot;Powi\u0119kszony obrazek&quot;\n\t\t\t\t\t}\n\t\t\t\t}\n\t\t\t}\" data-wp-interactive class=\"wp-block-image size-full wp-lightbox-container\"><img loading=\"lazy\" decoding=\"async\" width=\"1785\" height=\"1260\" data-wp-effect--setStylesOnResize=\"effects.core.image.setStylesOnResize\" data-wp-effect=\"effects.core.image.setButtonStyles\" data-wp-init=\"effects.core.image.initOriginImage\" data-wp-on--click=\"actions.core.image.showLightbox\" data-wp-on--load=\"actions.core.image.handleLoad\" data-id=\"7658\" src=\"https:\/\/swmsw.pl\/wp\/wp-content\/uploads\/2024\/09\/6.Na-pokladzie-samolotu-specjalnego-z-trumna-Andrzeja-przed-wylotem-z-Sarajewa.jpg\" alt=\"\" class=\"wp-image-7658\" srcset=\"https:\/\/swmsw.pl\/wp\/wp-content\/uploads\/2024\/09\/6.Na-pokladzie-samolotu-specjalnego-z-trumna-Andrzeja-przed-wylotem-z-Sarajewa.jpg 1785w, https:\/\/swmsw.pl\/wp\/wp-content\/uploads\/2024\/09\/6.Na-pokladzie-samolotu-specjalnego-z-trumna-Andrzeja-przed-wylotem-z-Sarajewa-300x212.jpg 300w, https:\/\/swmsw.pl\/wp\/wp-content\/uploads\/2024\/09\/6.Na-pokladzie-samolotu-specjalnego-z-trumna-Andrzeja-przed-wylotem-z-Sarajewa-768x542.jpg 768w, https:\/\/swmsw.pl\/wp\/wp-content\/uploads\/2024\/09\/6.Na-pokladzie-samolotu-specjalnego-z-trumna-Andrzeja-przed-wylotem-z-Sarajewa-1536x1084.jpg 1536w, https:\/\/swmsw.pl\/wp\/wp-content\/uploads\/2024\/09\/6.Na-pokladzie-samolotu-specjalnego-z-trumna-Andrzeja-przed-wylotem-z-Sarajewa-600x424.jpg 600w\" sizes=\"(max-width: 1785px) 100vw, 1785px\" \/><button\n\t\t\tclass=\"lightbox-trigger\"\n\t\t\ttype=\"button\"\n\t\t\taria-haspopup=\"dialog\"\n\t\t\taria-label=\"Powi\u0119ksz obrazek\"\n\t\t\tdata-wp-on--click=\"actions.core.image.showLightbox\"\n\t\t\tdata-wp-style--right=\"context.core.image.imageButtonRight\"\n\t\t\tdata-wp-style--top=\"context.core.image.imageButtonTop\"\n\t\t>\n\t\t\t<svg xmlns=\"http:\/\/www.w3.org\/2000\/svg\" width=\"12\" height=\"12\" fill=\"none\" viewBox=\"0 0 12 12\">\n\t\t\t\t<path fill=\"#fff\" d=\"M2 0a2 2 0 0 0-2 2v2h1.5V2a.5.5 0 0 1 .5-.5h2V0H2Zm2 10.5H2a.5.5 0 0 1-.5-.5V8H0v2a2 2 0 0 0 2 2h2v-1.5ZM8 12v-1.5h2a.5.5 0 0 0 .5-.5V8H12v2a2 2 0 0 1-2 2H8Zm2-12a2 2 0 0 1 2 2v2h-1.5V2a.5.5 0 0 0-.5-.5H8V0h2Z\" \/>\n\t\t\t<\/svg>\n\t\t<\/button>        <div data-wp-body=\"\" class=\"wp-lightbox-overlay zoom\"\n            data-wp-bind--role=\"selectors.core.image.roleAttribute\"\n            data-wp-bind--aria-label=\"selectors.core.image.dialogLabel\"\n            data-wp-class--initialized=\"context.core.image.initialized\"\n            data-wp-class--active=\"context.core.image.lightboxEnabled\"\n            data-wp-class--hideAnimationEnabled=\"context.core.image.hideAnimationEnabled\"\n            data-wp-bind--aria-modal=\"selectors.core.image.ariaModal\"\n            data-wp-effect=\"effects.core.image.initLightbox\"\n            data-wp-on--keydown=\"actions.core.image.handleKeydown\"\n            data-wp-on--touchstart=\"actions.core.image.handleTouchStart\"\n            data-wp-on--touchmove=\"actions.core.image.handleTouchMove\"\n            data-wp-on--touchend=\"actions.core.image.handleTouchEnd\"\n            data-wp-on--click=\"actions.core.image.hideLightbox\"\n            tabindex=\"-1\"\n            >\n                <button type=\"button\" aria-label=\"Zamknij\" style=\"fill: #000\" class=\"close-button\" data-wp-on--click=\"actions.core.image.hideLightbox\">\n                    <svg xmlns=\"http:\/\/www.w3.org\/2000\/svg\" viewBox=\"0 0 24 24\" width=\"20\" height=\"20\" aria-hidden=\"true\" focusable=\"false\"><path d=\"M13 11.8l6.1-6.3-1-1-6.1 6.2-6.1-6.2-1 1 6.1 6.3-6.5 6.7 1 1 6.5-6.6 6.5 6.6 1-1z\"><\/path><\/svg>\n                <\/button>\n                <div class=\"lightbox-image-container\">\n<figure class=\"wp-block-image size-full responsive-image\"><img decoding=\"async\" data-wp-bind--src=\"context.core.image.imageCurrentSrc\" data-wp-style--object-fit=\"selectors.core.image.lightboxObjectFit\" data-id=\"7658\" src=\"\" alt=\"\" class=\"wp-image-7658\"\/><\/figure>\n<\/div>\n                <div class=\"lightbox-image-container\">\n<figure class=\"wp-block-image size-full enlarged-image\"><img decoding=\"async\" data-wp-bind--src=\"selectors.core.image.enlargedImgSrc\" data-wp-style--object-fit=\"selectors.core.image.lightboxObjectFit\" data-id=\"7658\" src=\"\" alt=\"\" class=\"wp-image-7658\"\/><\/figure>\n<\/div>\n                <div class=\"scrim\" style=\"background-color: #fff\" aria-hidden=\"true\"><\/div>\n        <\/div><\/figure>\n<\/figure>\n","protected":false},"excerpt":{"rendered":"<p>Po \u015bmierci Andrzeja Kaczora w Kurdystanie w 1995 roku, napisali\u015bmy wsp\u00f3lnie z Andrzejem S. \u201eletter of protest\u201d do szefa misji UNGCI, i\u2026\u00a0 dostali\u015bmy propozycj\u0119 kontynuacji s\u0142u\u017cby dla\u00a0 ONZ w Bo\u015bni i Hercegowinie \u2013 propozycj\u0119 przyj\u0119li\u015bmy.&#46;&#46;&#46;<\/p>\n","protected":false},"author":1,"featured_media":7652,"comment_status":"open","ping_status":"open","sticky":false,"template":"","format":"standard","meta":{"ngg_post_thumbnail":0,"footnotes":""},"categories":[9],"tags":[],"_links":{"self":[{"href":"https:\/\/swmsw.pl\/index.php?rest_route=\/wp\/v2\/posts\/7651"}],"collection":[{"href":"https:\/\/swmsw.pl\/index.php?rest_route=\/wp\/v2\/posts"}],"about":[{"href":"https:\/\/swmsw.pl\/index.php?rest_route=\/wp\/v2\/types\/post"}],"author":[{"embeddable":true,"href":"https:\/\/swmsw.pl\/index.php?rest_route=\/wp\/v2\/users\/1"}],"replies":[{"embeddable":true,"href":"https:\/\/swmsw.pl\/index.php?rest_route=%2Fwp%2Fv2%2Fcomments&post=7651"}],"version-history":[{"count":1,"href":"https:\/\/swmsw.pl\/index.php?rest_route=\/wp\/v2\/posts\/7651\/revisions"}],"predecessor-version":[{"id":7660,"href":"https:\/\/swmsw.pl\/index.php?rest_route=\/wp\/v2\/posts\/7651\/revisions\/7660"}],"wp:featuredmedia":[{"embeddable":true,"href":"https:\/\/swmsw.pl\/index.php?rest_route=\/wp\/v2\/media\/7652"}],"wp:attachment":[{"href":"https:\/\/swmsw.pl\/index.php?rest_route=%2Fwp%2Fv2%2Fmedia&parent=7651"}],"wp:term":[{"taxonomy":"category","embeddable":true,"href":"https:\/\/swmsw.pl\/index.php?rest_route=%2Fwp%2Fv2%2Fcategories&post=7651"},{"taxonomy":"post_tag","embeddable":true,"href":"https:\/\/swmsw.pl\/index.php?rest_route=%2Fwp%2Fv2%2Ftags&post=7651"}],"curies":[{"name":"wp","href":"https:\/\/api.w.org\/{rel}","templated":true}]}}