{"id":7645,"date":"2024-09-03T05:27:46","date_gmt":"2024-09-03T05:27:46","guid":{"rendered":"https:\/\/swmsw.pl\/?p=7645"},"modified":"2024-09-03T05:27:47","modified_gmt":"2024-09-03T05:27:47","slug":"24-rocznica-otwarcia-polskiego-cmentarza-wojennego-w-miednoje","status":"publish","type":"post","link":"https:\/\/swmsw.pl\/?p=7645","title":{"rendered":"24. rocznica otwarcia Polskiego Cmentarza Wojennego w Miednoje"},"content":{"rendered":"\n<p>2 wrze\u015bnia przypad\u0142a 24. rocznica otwarcia Polskiego Cmentarza Wojennego w Miednoje. Pami\u0119\u0107 zamordowanych kierownictwo polskiej Policji i zaproszeni go\u015bcie uczcili podczas Mszy w Katedrze Polowej Wojska Polskiego. <\/p>\n\n\n\n<p>P\u00f3\u017anym wieczorem na dziedzi\u0144cu Komendy G\u0142\u00f3wnej Policji przy Obelisku \u201ePoleg\u0142ym Policjantom-Rzeczpospolita Polska\u201d odby\u0142 si\u0119 uroczysty apel zako\u0144czony z\u0142o\u017ceniem wie\u0144c\u00f3w. <\/p>\n\n\n\n<p>W imieniu Stowarzyszenia Weteran\u00f3w Dzia\u0142a\u0144 poza Granicami Rzeczypospolitej Polskiej wieniec z\u0142o\u017cyli koledzy Miros\u0142aw Zapadka i Rafa\u0142 Zamrzycki.<\/p>\n\n\n\n<figure class=\"wp-block-gallery has-nested-images columns-default is-cropped wp-block-gallery-1 is-layout-flex wp-block-gallery-is-layout-flex\">\n<figure data-wp-context=\"{ &quot;core&quot;:\n\t\t\t\t{ &quot;image&quot;:\n\t\t\t\t\t{   &quot;imageLoaded&quot;: false,\n\t\t\t\t\t\t&quot;initialized&quot;: false,\n\t\t\t\t\t\t&quot;lightboxEnabled&quot;: false,\n\t\t\t\t\t\t&quot;hideAnimationEnabled&quot;: false,\n\t\t\t\t\t\t&quot;preloadInitialized&quot;: false,\n\t\t\t\t\t\t&quot;lightboxAnimation&quot;: &quot;zoom&quot;,\n\t\t\t\t\t\t&quot;imageUploadedSrc&quot;: &quot;https:\/\/swmsw.pl\/wp\/wp-content\/uploads\/2024\/09\/456481412_1034731301116448_343173239382315254_n.jpg&quot;,\n\t\t\t\t\t\t&quot;imageCurrentSrc&quot;: &quot;&quot;,\n\t\t\t\t\t\t&quot;targetWidth&quot;: &quot;2048&quot;,\n\t\t\t\t\t\t&quot;targetHeight&quot;: &quot;1518&quot;,\n\t\t\t\t\t\t&quot;scaleAttr&quot;: &quot;&quot;,\n\t\t\t\t\t\t&quot;dialogLabel&quot;: &quot;Powi\u0119kszony obrazek&quot;\n\t\t\t\t\t}\n\t\t\t\t}\n\t\t\t}\" data-wp-interactive class=\"wp-block-image size-full wp-lightbox-container\"><img loading=\"lazy\" decoding=\"async\" width=\"2048\" height=\"1518\" data-wp-effect--setStylesOnResize=\"effects.core.image.setStylesOnResize\" data-wp-effect=\"effects.core.image.setButtonStyles\" data-wp-init=\"effects.core.image.initOriginImage\" data-wp-on--click=\"actions.core.image.showLightbox\" data-wp-on--load=\"actions.core.image.handleLoad\" data-id=\"7646\" src=\"https:\/\/swmsw.pl\/wp\/wp-content\/uploads\/2024\/09\/456481412_1034731301116448_343173239382315254_n.jpg\" alt=\"\" class=\"wp-image-7646\" srcset=\"https:\/\/swmsw.pl\/wp\/wp-content\/uploads\/2024\/09\/456481412_1034731301116448_343173239382315254_n.jpg 2048w, https:\/\/swmsw.pl\/wp\/wp-content\/uploads\/2024\/09\/456481412_1034731301116448_343173239382315254_n-300x222.jpg 300w, https:\/\/swmsw.pl\/wp\/wp-content\/uploads\/2024\/09\/456481412_1034731301116448_343173239382315254_n-768x569.jpg 768w, https:\/\/swmsw.pl\/wp\/wp-content\/uploads\/2024\/09\/456481412_1034731301116448_343173239382315254_n-1536x1139.jpg 1536w, https:\/\/swmsw.pl\/wp\/wp-content\/uploads\/2024\/09\/456481412_1034731301116448_343173239382315254_n-600x445.jpg 600w\" sizes=\"(max-width: 2048px) 100vw, 2048px\" \/><button\n\t\t\tclass=\"lightbox-trigger\"\n\t\t\ttype=\"button\"\n\t\t\taria-haspopup=\"dialog\"\n\t\t\taria-label=\"Powi\u0119ksz obrazek\"\n\t\t\tdata-wp-on--click=\"actions.core.image.showLightbox\"\n\t\t\tdata-wp-style--right=\"context.core.image.imageButtonRight\"\n\t\t\tdata-wp-style--top=\"context.core.image.imageButtonTop\"\n\t\t>\n\t\t\t<svg xmlns=\"http:\/\/www.w3.org\/2000\/svg\" width=\"12\" height=\"12\" fill=\"none\" viewBox=\"0 0 12 12\">\n\t\t\t\t<path fill=\"#fff\" d=\"M2 0a2 2 0 0 0-2 2v2h1.5V2a.5.5 0 0 1 .5-.5h2V0H2Zm2 10.5H2a.5.5 0 0 1-.5-.5V8H0v2a2 2 0 0 0 2 2h2v-1.5ZM8 12v-1.5h2a.5.5 0 0 0 .5-.5V8H12v2a2 2 0 0 1-2 2H8Zm2-12a2 2 0 0 1 2 2v2h-1.5V2a.5.5 0 0 0-.5-.5H8V0h2Z\" \/>\n\t\t\t<\/svg>\n\t\t<\/button>        <div data-wp-body=\"\" class=\"wp-lightbox-overlay zoom\"\n            data-wp-bind--role=\"selectors.core.image.roleAttribute\"\n            data-wp-bind--aria-label=\"selectors.core.image.dialogLabel\"\n            data-wp-class--initialized=\"context.core.image.initialized\"\n            data-wp-class--active=\"context.core.image.lightboxEnabled\"\n            data-wp-class--hideAnimationEnabled=\"context.core.image.hideAnimationEnabled\"\n            data-wp-bind--aria-modal=\"selectors.core.image.ariaModal\"\n            data-wp-effect=\"effects.core.image.initLightbox\"\n            data-wp-on--keydown=\"actions.core.image.handleKeydown\"\n            data-wp-on--touchstart=\"actions.core.image.handleTouchStart\"\n            data-wp-on--touchmove=\"actions.core.image.handleTouchMove\"\n            data-wp-on--touchend=\"actions.core.image.handleTouchEnd\"\n            data-wp-on--click=\"actions.core.image.hideLightbox\"\n            tabindex=\"-1\"\n            >\n                <button type=\"button\" aria-label=\"Zamknij\" style=\"fill: #000\" class=\"close-button\" data-wp-on--click=\"actions.core.image.hideLightbox\">\n                    <svg xmlns=\"http:\/\/www.w3.org\/2000\/svg\" viewBox=\"0 0 24 24\" width=\"20\" height=\"20\" aria-hidden=\"true\" focusable=\"false\"><path d=\"M13 11.8l6.1-6.3-1-1-6.1 6.2-6.1-6.2-1 1 6.1 6.3-6.5 6.7 1 1 6.5-6.6 6.5 6.6 1-1z\"><\/path><\/svg>\n                <\/button>\n                <div class=\"lightbox-image-container\">\n<figure class=\"wp-block-image size-full responsive-image\"><img decoding=\"async\" data-wp-bind--src=\"context.core.image.imageCurrentSrc\" data-wp-style--object-fit=\"selectors.core.image.lightboxObjectFit\" data-id=\"7646\" src=\"\" alt=\"\" class=\"wp-image-7646\"\/><\/figure>\n<\/div>\n                <div class=\"lightbox-image-container\">\n<figure class=\"wp-block-image size-full enlarged-image\"><img decoding=\"async\" data-wp-bind--src=\"selectors.core.image.enlargedImgSrc\" data-wp-style--object-fit=\"selectors.core.image.lightboxObjectFit\" data-id=\"7646\" src=\"\" alt=\"\" class=\"wp-image-7646\"\/><\/figure>\n<\/div>\n                <div class=\"scrim\" style=\"background-color: #fff\" aria-hidden=\"true\"><\/div>\n        <\/div><\/figure>\n<\/figure>\n","protected":false},"excerpt":{"rendered":"<p>2 wrze\u015bnia przypad\u0142a 24. rocznica otwarcia Polskiego Cmentarza Wojennego w Miednoje. Pami\u0119\u0107 zamordowanych kierownictwo polskiej Policji i zaproszeni go\u015bcie uczcili podczas Mszy w Katedrze Polowej Wojska Polskiego. P\u00f3\u017anym wieczorem na dziedzi\u0144cu Komendy G\u0142\u00f3wnej Policji przy&#46;&#46;&#46;<\/p>\n","protected":false},"author":1,"featured_media":7647,"comment_status":"open","ping_status":"open","sticky":false,"template":"","format":"standard","meta":{"ngg_post_thumbnail":0,"footnotes":""},"categories":[12],"tags":[],"_links":{"self":[{"href":"https:\/\/swmsw.pl\/index.php?rest_route=\/wp\/v2\/posts\/7645"}],"collection":[{"href":"https:\/\/swmsw.pl\/index.php?rest_route=\/wp\/v2\/posts"}],"about":[{"href":"https:\/\/swmsw.pl\/index.php?rest_route=\/wp\/v2\/types\/post"}],"author":[{"embeddable":true,"href":"https:\/\/swmsw.pl\/index.php?rest_route=\/wp\/v2\/users\/1"}],"replies":[{"embeddable":true,"href":"https:\/\/swmsw.pl\/index.php?rest_route=%2Fwp%2Fv2%2Fcomments&post=7645"}],"version-history":[{"count":1,"href":"https:\/\/swmsw.pl\/index.php?rest_route=\/wp\/v2\/posts\/7645\/revisions"}],"predecessor-version":[{"id":7648,"href":"https:\/\/swmsw.pl\/index.php?rest_route=\/wp\/v2\/posts\/7645\/revisions\/7648"}],"wp:featuredmedia":[{"embeddable":true,"href":"https:\/\/swmsw.pl\/index.php?rest_route=\/wp\/v2\/media\/7647"}],"wp:attachment":[{"href":"https:\/\/swmsw.pl\/index.php?rest_route=%2Fwp%2Fv2%2Fmedia&parent=7645"}],"wp:term":[{"taxonomy":"category","embeddable":true,"href":"https:\/\/swmsw.pl\/index.php?rest_route=%2Fwp%2Fv2%2Fcategories&post=7645"},{"taxonomy":"post_tag","embeddable":true,"href":"https:\/\/swmsw.pl\/index.php?rest_route=%2Fwp%2Fv2%2Ftags&post=7645"}],"curies":[{"name":"wp","href":"https:\/\/api.w.org\/{rel}","templated":true}]}}