{"id":748,"date":"2019-04-11T16:31:21","date_gmt":"2019-04-11T16:31:21","guid":{"rendered":"https:\/\/swmsw.pl\/?p=748"},"modified":"2019-04-21T16:34:46","modified_gmt":"2019-04-21T16:34:46","slug":"79-rocznica-mordu-dokonanego-przez-nkwd-w-twerze","status":"publish","type":"post","link":"https:\/\/swmsw.pl\/?p=748","title":{"rendered":"79. rocznica mordu dokonanego przez NKWD w Twerze"},"content":{"rendered":"\n<p> Pami\u0119\u0107 policjant\u00f3w zamordowanych na Wschodzie uczczono przy obelisku \u201ePoleg\u0142ym Policjantom \u2013 Rzeczypospolita Polska\u201d, znajduj\u0105cym si\u0119 na dziedzi\u0144cu Komendy G\u0142\u00f3wnej Policji. Zapalono znicz pami\u0119ci, a delegacje z\u0142o\u017cy\u0142y kwiaty. Stowarzyszenie Weteran\u00f3w Dzia\u0142a\u0144 Poza Granicami Rzeczypospolitej Polskiej reprezentowali wiceprezes, m\u0142. insp. w st. spocz. Miros\u0142aw Zapadka i podinsp. Rafa\u0142 Zamrzycki.<br><em>(fotografie &#8211; \u017ar\u00f3d\u0142o KGP) <\/em><\/p>\n\n\n\n<p>no images were found<\/p>\n","protected":false},"excerpt":{"rendered":"<p>Pami\u0119\u0107 policjant\u00f3w zamordowanych na Wschodzie uczczono przy obelisku \u201ePoleg\u0142ym Policjantom \u2013 Rzeczypospolita Polska\u201d, znajduj\u0105cym si\u0119 na dziedzi\u0144cu Komendy G\u0142\u00f3wnej Policji. Zapalono znicz pami\u0119ci, a delegacje z\u0142o\u017cy\u0142y kwiaty. Stowarzyszenie Weteran\u00f3w Dzia\u0142a\u0144 Poza Granicami Rzeczypospolitej Polskiej reprezentowali&#46;&#46;&#46;<\/p>\n","protected":false},"author":1,"featured_media":749,"comment_status":"closed","ping_status":"open","sticky":false,"template":"","format":"standard","meta":{"ngg_post_thumbnail":0,"footnotes":""},"categories":[4],"tags":[],"_links":{"self":[{"href":"https:\/\/swmsw.pl\/index.php?rest_route=\/wp\/v2\/posts\/748"}],"collection":[{"href":"https:\/\/swmsw.pl\/index.php?rest_route=\/wp\/v2\/posts"}],"about":[{"href":"https:\/\/swmsw.pl\/index.php?rest_route=\/wp\/v2\/types\/post"}],"author":[{"embeddable":true,"href":"https:\/\/swmsw.pl\/index.php?rest_route=\/wp\/v2\/users\/1"}],"replies":[{"embeddable":true,"href":"https:\/\/swmsw.pl\/index.php?rest_route=%2Fwp%2Fv2%2Fcomments&post=748"}],"version-history":[{"count":1,"href":"https:\/\/swmsw.pl\/index.php?rest_route=\/wp\/v2\/posts\/748\/revisions"}],"predecessor-version":[{"id":750,"href":"https:\/\/swmsw.pl\/index.php?rest_route=\/wp\/v2\/posts\/748\/revisions\/750"}],"wp:featuredmedia":[{"embeddable":true,"href":"https:\/\/swmsw.pl\/index.php?rest_route=\/wp\/v2\/media\/749"}],"wp:attachment":[{"href":"https:\/\/swmsw.pl\/index.php?rest_route=%2Fwp%2Fv2%2Fmedia&parent=748"}],"wp:term":[{"taxonomy":"category","embeddable":true,"href":"https:\/\/swmsw.pl\/index.php?rest_route=%2Fwp%2Fv2%2Fcategories&post=748"},{"taxonomy":"post_tag","embeddable":true,"href":"https:\/\/swmsw.pl\/index.php?rest_route=%2Fwp%2Fv2%2Ftags&post=748"}],"curies":[{"name":"wp","href":"https:\/\/api.w.org\/{rel}","templated":true}]}}