{"id":7279,"date":"2024-03-14T11:26:22","date_gmt":"2024-03-14T11:26:22","guid":{"rendered":"https:\/\/swmsw.pl\/?p=7279"},"modified":"2024-03-14T11:26:23","modified_gmt":"2024-03-14T11:26:23","slug":"prezes-kola-dolnoslaskiego-stowarzyszenia-kandyduje-do-rady-powiatu","status":"publish","type":"post","link":"https:\/\/swmsw.pl\/?p=7279","title":{"rendered":"Prezes Ko\u0142a Dolno\u015bl\u0105skiego Stowarzyszenia kandyduje do Rady Powiatu"},"content":{"rendered":"\n<p><strong>Bra\u0142em udzia\u0142 w misji pokojowej w Kosowie, a obecnie jestem prezesem Dolno\u015bl\u0105skiego Ko\u0142a Stowarzyszenia Weteran\u00f3w Dzia\u0142a\u0144 poza Granicami RP i organizuj\u0119 marsze weteran\u00f3w, kt\u00f3re ciesz\u0105 si\u0119 bardzo du\u017cym zainteresowaniem i s\u0105 to dzia\u0142ania promuj\u0105ce Geopark Krain\u0119 Wygas\u0142ych Wulkan\u00f3w i najstarsze miasto w Polsce, uczestnicy marszu pochodz\u0105 z ca\u0142ego kraju.<\/strong><\/p>\n\n\n\n<p>Szanowni mieszka\u0144cy Z\u0142otoryi, kole\u017canki i koledzy zdecydowa\u0142em si\u0119 na kandydowanie do Rady Powiatu z okr\u0119gu nr 1 miasta Z\u0142otoryja z komitetu Nie dla Partii Politycznych w Samorz\u0105dzie. Jestem zobowi\u0105zany przedstawi\u0107 si\u0119 i opowiedzie\u0107 o sobie i swoich planach, a tak\u017ce poprosi\u0107 o oddanie na mnie g\u0142osu w zbli\u017caj\u0105cych si\u0119 wyborach samorz\u0105dowych.<\/p>\n\n\n\n<p>Jestem rodowitym mieszka\u0144cem Z\u0142otoryi, moja ma\u0142\u017conka to Agnieszka, a nasi synowie to Wiktor i Wojtek. Przez 25 lat by\u0142em funkcjonariuszem Policji. Z wykszta\u0142cenia jestem magistrem resocjalizacji i mam zamiar spo\u017cytkowa\u0107 swoj\u0105 wiedz\u0119 i do\u015bwiadczenie w pracy z m\u0142odzie\u017c\u0105.<\/p>\n\n\n\n<p>Znacie mnie Pa\u0144stwo jako administratora grupy Nasza Z\u0142otoryja, kt\u00f3r\u0105 prowadz\u0119 ju\u017c 9 lat i umieszczam na niej istotne informacje i aktualne wydarzenia. Jako honorowy dawca krwi w 2018 r. za\u0142o\u017cy\u0142em Klub Honorowych Dawc\u00f3w Krwi PCK i cyklicznie organizuj\u0119 akcje krwiodawstwa.<\/p>\n\n\n\n<p>Wiele lat aktywnie dzia\u0142am na rzecz mieszka\u0144c\u00f3w naszego miasta, jestem wolontariuszem i mo\u017cecie mnie Pa\u0144stwo spotka\u0107 wsz\u0119dzie tam, gdzie s\u0105 organizowane dzia\u0142ania charytatywne, czy promuj\u0105ce nasze miasto i okolice. Nigdy nikomu nie odmawiam pomocy przy organizowaniu imprez okoliczno\u015bciowych, wspieram ka\u017cdego kto bezinteresownie ofiaruje pom\u00f3c innym niezale\u017cnie od pogl\u0105d\u00f3w politycznych. Jestem pe\u0142en energii, mam czas i bardzo du\u017co pomys\u0142\u00f3w, kt\u00f3re chcia\u0142bym zrealizowa\u0107. Je\u015bli mi Pa\u0144stwo zaufacie i oddacie na mnie g\u0142os zapewniam, \u017ce wsp\u00f3lnie, bez k\u0142\u00f3tni i konsekwentnie b\u0119d\u0119 d\u0105\u017cy\u0142 do poprawy \u017cycia mieszka\u0144c\u00f3w naszego miasta. k\u0142ad\u0105c nacisk na rozw\u00f3j szpitala, a tak\u017ce infrastruktur\u0119 drogow\u0105. W kwestii dr\u00f3g ju\u017c poczyni\u0142em odpowiednie kroki i niezale\u017cnie od w\u0142adz lokalnych pozwoli\u0142em sobie na dzia\u0142ania, kt\u00f3re przynios\u0105 oczekiwane skutki. A o nich ju\u017c wkr\u00f3tce.<\/p>\n","protected":false},"excerpt":{"rendered":"<p>Bra\u0142em udzia\u0142 w misji pokojowej w Kosowie, a obecnie jestem prezesem Dolno\u015bl\u0105skiego Ko\u0142a Stowarzyszenia Weteran\u00f3w Dzia\u0142a\u0144 poza Granicami RP i organizuj\u0119 marsze weteran\u00f3w, kt\u00f3re ciesz\u0105 si\u0119 bardzo du\u017cym zainteresowaniem i s\u0105 to dzia\u0142ania promuj\u0105ce Geopark&#46;&#46;&#46;<\/p>\n","protected":false},"author":1,"featured_media":7280,"comment_status":"open","ping_status":"open","sticky":false,"template":"","format":"standard","meta":{"ngg_post_thumbnail":0,"footnotes":""},"categories":[4,20],"tags":[],"_links":{"self":[{"href":"https:\/\/swmsw.pl\/index.php?rest_route=\/wp\/v2\/posts\/7279"}],"collection":[{"href":"https:\/\/swmsw.pl\/index.php?rest_route=\/wp\/v2\/posts"}],"about":[{"href":"https:\/\/swmsw.pl\/index.php?rest_route=\/wp\/v2\/types\/post"}],"author":[{"embeddable":true,"href":"https:\/\/swmsw.pl\/index.php?rest_route=\/wp\/v2\/users\/1"}],"replies":[{"embeddable":true,"href":"https:\/\/swmsw.pl\/index.php?rest_route=%2Fwp%2Fv2%2Fcomments&post=7279"}],"version-history":[{"count":1,"href":"https:\/\/swmsw.pl\/index.php?rest_route=\/wp\/v2\/posts\/7279\/revisions"}],"predecessor-version":[{"id":7281,"href":"https:\/\/swmsw.pl\/index.php?rest_route=\/wp\/v2\/posts\/7279\/revisions\/7281"}],"wp:featuredmedia":[{"embeddable":true,"href":"https:\/\/swmsw.pl\/index.php?rest_route=\/wp\/v2\/media\/7280"}],"wp:attachment":[{"href":"https:\/\/swmsw.pl\/index.php?rest_route=%2Fwp%2Fv2%2Fmedia&parent=7279"}],"wp:term":[{"taxonomy":"category","embeddable":true,"href":"https:\/\/swmsw.pl\/index.php?rest_route=%2Fwp%2Fv2%2Fcategories&post=7279"},{"taxonomy":"post_tag","embeddable":true,"href":"https:\/\/swmsw.pl\/index.php?rest_route=%2Fwp%2Fv2%2Ftags&post=7279"}],"curies":[{"name":"wp","href":"https:\/\/api.w.org\/{rel}","templated":true}]}}