{"id":6938,"date":"2023-10-23T14:44:21","date_gmt":"2023-10-23T14:44:21","guid":{"rendered":"https:\/\/swmsw.pl\/?p=6938"},"modified":"2023-10-23T14:44:22","modified_gmt":"2023-10-23T14:44:22","slug":"bedac-na-cmentarzu-zapal-symboliczna-swieczke","status":"publish","type":"post","link":"https:\/\/swmsw.pl\/?p=6938","title":{"rendered":"B\u0119d\u0105c na cmentarzu \u2026\u00a0 zapal symboliczn\u0105 \u015bwieczk\u0119"},"content":{"rendered":"\n<p>Drodzy Weterani, Kole\u017canki i Koledzy\u2026<\/p>\n\n\n\n<p>\u201e\u015awi\u0119to Zmar\u0142ych\u201d to dla mnie obrazy Przyjaciela i Koleg\u00f3w, kt\u00f3rych na co dzie\u0144 nosz\u0119 w swoim sercu \u2013 stracili \u017cycie pe\u0142ni\u0105c s\u0142u\u017cb\u0119 w kontyngentach policyjnych. Tak si\u0119 z\u0142o\u017cy\u0142o, \u017ce ze wszystkimi by\u0142em razem na misjach pokojowych, cz\u0119sto &nbsp;b\u0119d\u0105c ich dow\u00f3dc\u0105. To &nbsp;dzie\u0144, gdy mnie do moich ch\u0142opak\u00f3w \u201eci\u0105gnie\u201d.<\/p>\n\n\n\n<p>Nie jestem osob\u0105 wierz\u0105c\u0105, jednak\u2026 lubi\u0119 usi\u0105\u015b\u0107 w \u0142aweczce ko\u015bcielnej gdy nie ma ludzi, lubi\u0119 \u015bpiewa\u0107 na pasterce, \u00a0lubi\u0119 cisz\u0119 cmentarzy. Ostatnio d\u0142ugo trzyma\u0142em w swojej d\u0142oni, d\u0142o\u0144 Siostry Zakonnej &#8211; \u00a0uspokoi\u0142em si\u0119, nap\u0142yn\u0119\u0142y \u0142zy\u2026 \u00a0w oczach mia\u0142em Jerzego, dw\u00f3ch Andrzej\u00f3w, \u00a0Bodeczka, Darka i Tadeusza \u2013 Oni ju\u017c nigdy nie stan\u0105 do apelu.<\/p>\n\n\n\n<p>Weterani\u2026<\/p>\n\n\n\n<p>B\u0119d\u0105c na cmentarzu, uczcijmy pami\u0119\u0107 &nbsp;Policjant\u00f3w &nbsp;i&nbsp; \u017bo\u0142nierzy poleg\u0142ych na misjach \u2013 zapalmy im symboliczne \u015bwieczki.<\/p>\n\n\n\n<p>Marek, prezes<\/p>\n","protected":false},"excerpt":{"rendered":"<p>Drodzy Weterani, Kole\u017canki i Koledzy\u2026 \u201e\u015awi\u0119to Zmar\u0142ych\u201d to dla mnie obrazy Przyjaciela i Koleg\u00f3w, kt\u00f3rych na co dzie\u0144 nosz\u0119 w swoim sercu \u2013 stracili \u017cycie pe\u0142ni\u0105c s\u0142u\u017cb\u0119 w kontyngentach policyjnych. Tak si\u0119 z\u0142o\u017cy\u0142o, \u017ce ze&#46;&#46;&#46;<\/p>\n","protected":false},"author":1,"featured_media":6939,"comment_status":"open","ping_status":"open","sticky":false,"template":"","format":"standard","meta":{"ngg_post_thumbnail":0,"footnotes":""},"categories":[9],"tags":[],"_links":{"self":[{"href":"https:\/\/swmsw.pl\/index.php?rest_route=\/wp\/v2\/posts\/6938"}],"collection":[{"href":"https:\/\/swmsw.pl\/index.php?rest_route=\/wp\/v2\/posts"}],"about":[{"href":"https:\/\/swmsw.pl\/index.php?rest_route=\/wp\/v2\/types\/post"}],"author":[{"embeddable":true,"href":"https:\/\/swmsw.pl\/index.php?rest_route=\/wp\/v2\/users\/1"}],"replies":[{"embeddable":true,"href":"https:\/\/swmsw.pl\/index.php?rest_route=%2Fwp%2Fv2%2Fcomments&post=6938"}],"version-history":[{"count":1,"href":"https:\/\/swmsw.pl\/index.php?rest_route=\/wp\/v2\/posts\/6938\/revisions"}],"predecessor-version":[{"id":6940,"href":"https:\/\/swmsw.pl\/index.php?rest_route=\/wp\/v2\/posts\/6938\/revisions\/6940"}],"wp:featuredmedia":[{"embeddable":true,"href":"https:\/\/swmsw.pl\/index.php?rest_route=\/wp\/v2\/media\/6939"}],"wp:attachment":[{"href":"https:\/\/swmsw.pl\/index.php?rest_route=%2Fwp%2Fv2%2Fmedia&parent=6938"}],"wp:term":[{"taxonomy":"category","embeddable":true,"href":"https:\/\/swmsw.pl\/index.php?rest_route=%2Fwp%2Fv2%2Fcategories&post=6938"},{"taxonomy":"post_tag","embeddable":true,"href":"https:\/\/swmsw.pl\/index.php?rest_route=%2Fwp%2Fv2%2Ftags&post=6938"}],"curies":[{"name":"wp","href":"https:\/\/api.w.org\/{rel}","templated":true}]}}