{"id":6799,"date":"2023-09-14T14:03:04","date_gmt":"2023-09-14T14:03:04","guid":{"rendered":"https:\/\/swmsw.pl\/?p=6799"},"modified":"2023-09-14T14:05:08","modified_gmt":"2023-09-14T14:05:08","slug":"andrzej-buler-wspomnienie","status":"publish","type":"post","link":"https:\/\/swmsw.pl\/?p=6799","title":{"rendered":"Andrzej Buler &#8211; wspomnienie"},"content":{"rendered":"\n<p>To ju\u017c 26 lat, odk\u0105d dwunastu urz\u0119dnik\u00f3w ONZ i Biura Wysokiego Przedstawiciela (BOH) straci\u0142o \u017cycie w katastrofie helikoptera podczas s\u0142u\u017cby, pomagaj\u0105c Bo\u015bni wdro\u017cy\u0107 porozumienie pokojowe z Dayton z 1995 r., kt\u00f3re zako\u0144czy\u0142o wojn\u0119.<\/p>\n\n\n\n<p>Tragedia mia\u0142a miejsce 17 wrze\u015bnia 1997 r. Kiedy zdarzy\u0142 si\u0119 wypadek, Leah Melnick, Charles Morpeth, Thomas Reinhardt, Jurgen Schauf i Gerd Wagner z OHR, Livio Beccaccio, Andrzej Buler, David Kriskovich, William Nesbitt, Marvin Padgett, Georg Stiebler z UNMIBH, oraz doradca wysokiego przedstawiciela Peter Backes byli w drodze na spotkanie z lokalnymi w\u0142adzami w p\u00f3\u0142nocnej i \u015brodkowej Bo\u015bni. &nbsp;<\/p>\n\n\n\n<p>Helikopter rozbi\u0142 si\u0119 w pobli\u017cu miejscowo\u015bci Fojnica w \u015brodkowej Bo\u015bni z powodu g\u0119stej mg\u0142y.<\/p>\n\n\n\n<p><strong>Wspomnienie\u2026<\/strong><\/p>\n\n\n\n<p>Po \u015bmierci Andrzeja Kaczora w Kurdystanie w 1995 roku, napisali\u015bmy wsp\u00f3lnie z Andrzejem S. \u201eletter of protest\u201d do szefa misji UNGCI, i\u2026&nbsp; dostali\u015bmy propozycj\u0119 kontynuacji s\u0142u\u017cby dla&nbsp; ONZ w Bo\u015bni i Hercegowinie \u2013 propozycj\u0119 przyj\u0119li\u015bmy.<\/p>\n\n\n\n<p>\/\u2026\/<\/p>\n\n\n\n<p>Po relokacji z Iraku, w Zagrzebiu okaza\u0142o si\u0119, \u017ce b\u0119d\u0119 s\u0142u\u017cy\u0142 w Support Unit, pracuj\u0105cym na rzecz dw\u00f3ch misji \u2013 UNMIBH i UNTAES \u2013 tu pe\u0142ni\u0142 s\u0142u\u017cb\u0119 r\u00f3wnie\u017c Andrzej Buler. Gdy zobaczy\u0142em za\u015bmiewaj\u0105cych si\u0119 koleg\u00f3w \u2013 wiedzia\u0142em, \u017ce w\u015br\u00f3d nich jest Andrzej. Jego dar opowiadania kawa\u0142\u00f3w \u2013 zbli\u017ca\u0142 nas Polak\u00f3w do narodowo\u015bci, kt\u00f3re w tamtych czasach \u201ewidzia\u0142y w nas\u201d&nbsp; tych zza \u017celaznej kurtyny\u2026&nbsp; Z Andrzejem zaprzyja\u017ani\u0142em si\u0119 b\u0142yskawicznie. To by\u0142a jego trzecia misja \u2013 na pierwszej s\u0142u\u017cy\u0142 w Sarajewie i sta\u0142 si\u0119 jej legend\u0105. Na drugiej misji by\u0142 adiutantem jej szefa i\u2026 mia\u0142 okazj\u0119 pozna\u0107 Zagrzeb. Bardzo by\u0142em ciekawy jego historii, o kt\u00f3rych potrafi\u0142 barwnie opowiada\u0107. Oprowadzaj\u0105c mnie po mie\u015bcie odtwarza\u0142 wspomnienia\u2026 W pami\u0119ci utkwi\u0142a mi historia ze snajperem, kt\u00f3ry na sarajewskim lotnisku trafi\u0142 go w plecy \u2013&nbsp;<em>\u201enag\u0142e uderzenie powali\u0142o mnie na beton\u2026 wiedzia\u0142em, \u017ce dosta\u0142em, \u017ce musz\u0119 wsta\u0107 i wskoczy\u0107 do otwartych drzwi transportera kt\u00f3ry&nbsp;<\/em>podjecha\u0142 \u017ceby da\u0107 os\u0142on\u0119\u201d \u2013 zawiesi\u0142 si\u0119 na dobr\u0105 chwil\u0119\u2026 \u201e<em>w polowym szpitalu nie mog\u0142em le\u017ce\u0107 na plecach \u2013 mia\u0142em olbrzymiego si\u0144ca\u2026 i wiesz co wspominam najbardziej<\/em>\u201d \u2013 spojrza\u0142em pytaj\u0105co \u2013 \u201e<em>do dzi\u015b pami\u0119tam b\u00f3l plec\u00f3w w kiblu\u2026 i piszczeli zdartych w trakcie skoku\u2026\u201d \u2013&nbsp;<\/em>obaj zacz\u0119li\u015bmy si\u0119 \u015bmia\u0107 na sam\u0105 my\u015bl jak to wygl\u0105da\u0142o\u2026<\/p>\n\n\n\n<p>Po mniej wi\u0119cej p\u00f3\u0142 roku dow\u00f3dztwo uzna\u0142o, \u017ce wszyscy z misji UNTAES maj\u0105 do niej wr\u00f3ci\u0107\u2026 \u2013 musia\u0142em si\u0119 po\u017cegna\u0107 z Zagrzebiem. Zrobili\u015bmy wsp\u00f3ln\u0105 imprez\u0119 \u2013 Andrzeja wiedzia\u0142em po raz ostatni.<\/p>\n","protected":false},"excerpt":{"rendered":"<p>To ju\u017c 26 lat, odk\u0105d dwunastu urz\u0119dnik\u00f3w ONZ i Biura Wysokiego Przedstawiciela (BOH) straci\u0142o \u017cycie w katastrofie helikoptera podczas s\u0142u\u017cby, pomagaj\u0105c Bo\u015bni wdro\u017cy\u0107 porozumienie pokojowe z Dayton z 1995 r., kt\u00f3re zako\u0144czy\u0142o wojn\u0119. Tragedia mia\u0142a&#46;&#46;&#46;<\/p>\n","protected":false},"author":1,"featured_media":6802,"comment_status":"open","ping_status":"open","sticky":false,"template":"","format":"standard","meta":{"ngg_post_thumbnail":0,"footnotes":""},"categories":[9],"tags":[],"_links":{"self":[{"href":"https:\/\/swmsw.pl\/index.php?rest_route=\/wp\/v2\/posts\/6799"}],"collection":[{"href":"https:\/\/swmsw.pl\/index.php?rest_route=\/wp\/v2\/posts"}],"about":[{"href":"https:\/\/swmsw.pl\/index.php?rest_route=\/wp\/v2\/types\/post"}],"author":[{"embeddable":true,"href":"https:\/\/swmsw.pl\/index.php?rest_route=\/wp\/v2\/users\/1"}],"replies":[{"embeddable":true,"href":"https:\/\/swmsw.pl\/index.php?rest_route=%2Fwp%2Fv2%2Fcomments&post=6799"}],"version-history":[{"count":1,"href":"https:\/\/swmsw.pl\/index.php?rest_route=\/wp\/v2\/posts\/6799\/revisions"}],"predecessor-version":[{"id":6801,"href":"https:\/\/swmsw.pl\/index.php?rest_route=\/wp\/v2\/posts\/6799\/revisions\/6801"}],"wp:featuredmedia":[{"embeddable":true,"href":"https:\/\/swmsw.pl\/index.php?rest_route=\/wp\/v2\/media\/6802"}],"wp:attachment":[{"href":"https:\/\/swmsw.pl\/index.php?rest_route=%2Fwp%2Fv2%2Fmedia&parent=6799"}],"wp:term":[{"taxonomy":"category","embeddable":true,"href":"https:\/\/swmsw.pl\/index.php?rest_route=%2Fwp%2Fv2%2Fcategories&post=6799"},{"taxonomy":"post_tag","embeddable":true,"href":"https:\/\/swmsw.pl\/index.php?rest_route=%2Fwp%2Fv2%2Ftags&post=6799"}],"curies":[{"name":"wp","href":"https:\/\/api.w.org\/{rel}","templated":true}]}}