{"id":6696,"date":"2023-09-02T14:32:09","date_gmt":"2023-09-02T14:32:09","guid":{"rendered":"https:\/\/swmsw.pl\/?p=6696"},"modified":"2023-09-02T14:49:52","modified_gmt":"2023-09-02T14:49:52","slug":"z-historia-w-tle-belzec-niemiecki-oboz-zaglady","status":"publish","type":"post","link":"https:\/\/swmsw.pl\/?p=6696","title":{"rendered":"Z histori\u0105 w tle\u2026 Be\u0142\u017cec \u2013 niemiecki ob\u00f3z zag\u0142ady"},"content":{"rendered":"\n<p>Uczestnicz\u0105c w IV Rajdzie Weteran\u00f3w Wojska Polskiego po Roztoczu zwiedzili\u015bmy m.in. niemiecki ob\u00f3z zag\u0142ady w Be\u0142\u017ccu. Tutaj od marca do grudnia 1942 r. wymordowano oko\u0142o 450 tysi\u0119cy \u017byd\u00f3w z Polski, Niemiec, Austrii, Czech i S\u0142owacji w ramach \u201eAktion Reinhardt\u201d, kt\u00f3rej celem by\u0142a deportacja, zag\u0142ada i grabie\u017c mienia \u017byd\u00f3w z Generalnego Gubernatorstwa. Opr\u00f3cz Be\u0142\u017cca obozy zag\u0142ady niemcy mieli jeszcze w Treblince i Sobiborze.<\/p>\n\n\n\n<p>niemcy mordowali nie tylko \u017byd\u00f3w &#8211; jak to robiono, wiedzia\u0142em z dost\u0119pnej literatury i \u00a0film\u00f3w \u2013 mog\u0142em si\u0119 wi\u0119c spodziewa\u0107, ale\u2026 Nie by\u0142em przygotowany na taki widok. Ob\u00f3z\u00a0 zag\u0142ady, a raczej jego instalacja pojawi\u0142a si\u0119 nagle i\u2026 chyba wszyscy zdali\u015bmy sobie spraw\u0119, \u017ce to jest TO miejsce \u2013 zatka\u0142o mnie i chyba innych te\u017c, bo rozmowy nagle ucich\u0142y\u2026<\/p>\n\n\n\n<p>Miejscowy przewodnik \u2013 by\u0142y pracownik administracji lokalnej&nbsp; &#8211; opowiada\u0142\u2026 opowiada\u0142 i\u2026 mia\u0142em kartofla w gardle.<\/p>\n\n\n\n<p>Jak wybrano to miejsce ? Zapewne dlatego, \u017ce by\u0142a tu linia kolejowa z betonow\u0105 bocznic\u0105 s\u0142u\u017c\u0105c\u0105 do wywozu drewna \u2013 ta bocznica i tartak jest u\u017cywany do dzisiaj.<\/p>\n\n\n\n<p>Kto\u015b kiedy\u015b napisa\u0142 monografi\u0119 obozu, w kt\u00f3rej do\u015b\u0107 precyzyjnie okre\u015blono liczb\u0119 zamordowanych. Na pytanie jak to ustali\u0142, odpowiedzia\u0142, \u017ce policzy\u0142 transporty zapisane w ksi\u0105\u017cce raport\u00f3w stacji rozrz\u0105dowej. Przyje\u017cd\u017ca\u0142y tu 2 \u2013 3 poci\u0105gi towarowe dziennie po ok. 1500 wi\u0119\u017ani\u00f3w kt\u00f3rych \u2013 nie\u015bwiadomych \u2013 natychmiast kierowano pod prysznice (komory gazowe). Pocz\u0105tkowo kobiety i m\u0119\u017cczy\u017ani k\u0105pali si\u0119 wsp\u00f3lnie, p\u00f3\u017aniej \u201eprysznice\u201d by\u0142y osobne. Po 20 min. \u017bydzi z komanda obozowego usuwali cia\u0142a z kom\u00f3r, przeszukiwali je w poszukiwaniu z\u0142ota i kosztowno\u015bci, a zw\u0142oki wrzucano do do\u0142\u00f3w \u015bmierci, i\u2026 tak przez 10 m.cy. &nbsp;W grudniu ob\u00f3z zlikwidowano, bo\u2026. prawdopodobnie zabrak\u0142o miejsc do kopania do\u0142\u00f3w. Cia\u0142a wykopano i spalono, a \u017byd\u00f3w z komanda, kt\u00f3rzy w tym uczestniczyli wywieziono do Sobiboru i zg\u0142adzono.<\/p>\n\n\n\n<p>Z dost\u0119pnych danych wynika, \u017ce uratowa\u0142o si\u0119 2 \u017byd\u00f3w\u2026<\/p>\n\n\n\n<p>Pilnowa\u0142o tej fabryki \u015bmierci kilkunastu SS-man\u00f3w i ponad 100 ukrai\u0144skich stra\u017cnik\u00f3w, z kt\u00f3rych kilkunastu uciek\u0142o.<\/p>\n\n\n\n<p>Tak jak m\u0142odzi \u017bydzi przyje\u017cd\u017caj\u0105 do Polski, tak\u017ce m\u0142odzi niemcy powinni obowi\u0105zkowo zobaczy\u0107 KL &nbsp;Auschwitz-Birkenau i &nbsp;Ob\u00f3z Zag\u0142ady w Be\u0142\u017ccu &#8211; ten pierwszy mo\u017cna by\u0142o prze\u017cy\u0107.<\/p>\n\n\n\n<p>Poni\u017cej &#8211; &nbsp;kilkadziesi\u0105t metr\u00f3w od obozu zag\u0142ady stoi samotny dom, na jab\u0142onkach dojrzewaj\u0105 jab\u0142ka\u2026<\/p>\n\n\n\n<p>Marek, Prezes<\/p>\n\n\n\n<p>Zdj\u0119cia w\u0142asne.<\/p>\n\n\n\n<figure class=\"wp-block-gallery has-nested-images columns-2 wp-block-gallery-1 is-layout-flex wp-block-gallery-is-layout-flex\">\n<figure class=\"wp-block-image size-full\"><img loading=\"lazy\" decoding=\"async\" width=\"828\" height=\"1104\" data-id=\"6700\" src=\"https:\/\/swmsw.pl\/wp\/wp-content\/uploads\/2023\/09\/368674234_677615117591809_8509703843638145325_n.jpg\" alt=\"\" class=\"wp-image-6700\" srcset=\"https:\/\/swmsw.pl\/wp\/wp-content\/uploads\/2023\/09\/368674234_677615117591809_8509703843638145325_n.jpg 828w, https:\/\/swmsw.pl\/wp\/wp-content\/uploads\/2023\/09\/368674234_677615117591809_8509703843638145325_n-225x300.jpg 225w, https:\/\/swmsw.pl\/wp\/wp-content\/uploads\/2023\/09\/368674234_677615117591809_8509703843638145325_n-768x1024.jpg 768w, https:\/\/swmsw.pl\/wp\/wp-content\/uploads\/2023\/09\/368674234_677615117591809_8509703843638145325_n-600x800.jpg 600w\" sizes=\"(max-width: 828px) 100vw, 828px\" \/><\/figure>\n\n\n\n<figure class=\"wp-block-image size-full\"><img loading=\"lazy\" decoding=\"async\" width=\"828\" height=\"1104\" data-id=\"6699\" src=\"https:\/\/swmsw.pl\/wp\/wp-content\/uploads\/2023\/09\/368579002_1245357872846085_7896004864345773068_n.jpg\" alt=\"\" class=\"wp-image-6699\" srcset=\"https:\/\/swmsw.pl\/wp\/wp-content\/uploads\/2023\/09\/368579002_1245357872846085_7896004864345773068_n.jpg 828w, https:\/\/swmsw.pl\/wp\/wp-content\/uploads\/2023\/09\/368579002_1245357872846085_7896004864345773068_n-225x300.jpg 225w, https:\/\/swmsw.pl\/wp\/wp-content\/uploads\/2023\/09\/368579002_1245357872846085_7896004864345773068_n-768x1024.jpg 768w, https:\/\/swmsw.pl\/wp\/wp-content\/uploads\/2023\/09\/368579002_1245357872846085_7896004864345773068_n-600x800.jpg 600w\" sizes=\"(max-width: 828px) 100vw, 828px\" \/><\/figure>\n\n\n\n<figure class=\"wp-block-image size-full\"><img loading=\"lazy\" decoding=\"async\" width=\"828\" height=\"1104\" data-id=\"6698\" src=\"https:\/\/swmsw.pl\/wp\/wp-content\/uploads\/2023\/09\/368678516_2586246368189847_6507268292470770400_n.jpg\" alt=\"\" class=\"wp-image-6698\" srcset=\"https:\/\/swmsw.pl\/wp\/wp-content\/uploads\/2023\/09\/368678516_2586246368189847_6507268292470770400_n.jpg 828w, https:\/\/swmsw.pl\/wp\/wp-content\/uploads\/2023\/09\/368678516_2586246368189847_6507268292470770400_n-225x300.jpg 225w, https:\/\/swmsw.pl\/wp\/wp-content\/uploads\/2023\/09\/368678516_2586246368189847_6507268292470770400_n-768x1024.jpg 768w, https:\/\/swmsw.pl\/wp\/wp-content\/uploads\/2023\/09\/368678516_2586246368189847_6507268292470770400_n-600x800.jpg 600w\" sizes=\"(max-width: 828px) 100vw, 828px\" \/><\/figure>\n\n\n\n<figure class=\"wp-block-image size-full\"><img loading=\"lazy\" decoding=\"async\" width=\"828\" height=\"1104\" data-id=\"6701\" src=\"https:\/\/swmsw.pl\/wp\/wp-content\/uploads\/2023\/09\/368575332_118386701332263_1108010320421301022_n.jpg\" alt=\"\" class=\"wp-image-6701\" srcset=\"https:\/\/swmsw.pl\/wp\/wp-content\/uploads\/2023\/09\/368575332_118386701332263_1108010320421301022_n.jpg 828w, https:\/\/swmsw.pl\/wp\/wp-content\/uploads\/2023\/09\/368575332_118386701332263_1108010320421301022_n-225x300.jpg 225w, https:\/\/swmsw.pl\/wp\/wp-content\/uploads\/2023\/09\/368575332_118386701332263_1108010320421301022_n-768x1024.jpg 768w, https:\/\/swmsw.pl\/wp\/wp-content\/uploads\/2023\/09\/368575332_118386701332263_1108010320421301022_n-600x800.jpg 600w\" sizes=\"(max-width: 828px) 100vw, 828px\" \/><\/figure>\n<\/figure>\n","protected":false},"excerpt":{"rendered":"<p>Uczestnicz\u0105c w IV Rajdzie Weteran\u00f3w Wojska Polskiego po Roztoczu zwiedzili\u015bmy m.in. niemiecki ob\u00f3z zag\u0142ady w Be\u0142\u017ccu. Tutaj od marca do grudnia 1942 r. wymordowano oko\u0142o 450 tysi\u0119cy \u017byd\u00f3w z Polski, Niemiec, Austrii, Czech i S\u0142owacji&#46;&#46;&#46;<\/p>\n","protected":false},"author":1,"featured_media":6697,"comment_status":"open","ping_status":"open","sticky":false,"template":"","format":"standard","meta":{"ngg_post_thumbnail":0,"footnotes":""},"categories":[12],"tags":[],"_links":{"self":[{"href":"https:\/\/swmsw.pl\/index.php?rest_route=\/wp\/v2\/posts\/6696"}],"collection":[{"href":"https:\/\/swmsw.pl\/index.php?rest_route=\/wp\/v2\/posts"}],"about":[{"href":"https:\/\/swmsw.pl\/index.php?rest_route=\/wp\/v2\/types\/post"}],"author":[{"embeddable":true,"href":"https:\/\/swmsw.pl\/index.php?rest_route=\/wp\/v2\/users\/1"}],"replies":[{"embeddable":true,"href":"https:\/\/swmsw.pl\/index.php?rest_route=%2Fwp%2Fv2%2Fcomments&post=6696"}],"version-history":[{"count":2,"href":"https:\/\/swmsw.pl\/index.php?rest_route=\/wp\/v2\/posts\/6696\/revisions"}],"predecessor-version":[{"id":6703,"href":"https:\/\/swmsw.pl\/index.php?rest_route=\/wp\/v2\/posts\/6696\/revisions\/6703"}],"wp:featuredmedia":[{"embeddable":true,"href":"https:\/\/swmsw.pl\/index.php?rest_route=\/wp\/v2\/media\/6697"}],"wp:attachment":[{"href":"https:\/\/swmsw.pl\/index.php?rest_route=%2Fwp%2Fv2%2Fmedia&parent=6696"}],"wp:term":[{"taxonomy":"category","embeddable":true,"href":"https:\/\/swmsw.pl\/index.php?rest_route=%2Fwp%2Fv2%2Fcategories&post=6696"},{"taxonomy":"post_tag","embeddable":true,"href":"https:\/\/swmsw.pl\/index.php?rest_route=%2Fwp%2Fv2%2Ftags&post=6696"}],"curies":[{"name":"wp","href":"https:\/\/api.w.org\/{rel}","templated":true}]}}