{"id":6680,"date":"2023-08-31T07:12:07","date_gmt":"2023-08-31T07:12:07","guid":{"rendered":"https:\/\/swmsw.pl\/?p=6680"},"modified":"2023-08-31T07:14:14","modified_gmt":"2023-08-31T07:14:14","slug":"postulowana-przez-stowarzyszenie-zmiana-ustawy-o-weteranach-weszla-w-zycie","status":"publish","type":"post","link":"https:\/\/swmsw.pl\/?p=6680","title":{"rendered":"Postulowana przez Stowarzyszenie zmiana ustawy o weteranach wesz\u0142a w \u017cycie"},"content":{"rendered":"\n<p>Jako sukces Stowarzyszenia Weteran\u00f3w Dzia\u0142a\u0144 Poza Granicami Rzeczypospolitej Polskiej nale\u017cy odnotowa\u0107 wej\u015bcie w \u017cycie w sierpniu br. zmiany przepis\u00f3w ustawy o weteranach dzia\u0142a\u0144 poza granicami pa\u0144stwa.<\/p>\n\n\n\n<p>W dniu 7 lipca 2023 r. Sejm RP uchwali\u0142 zmian\u0119 ustawy o weteranach dzia\u0142a\u0144 poza granicami pa\u0144stwa (Dz. U z 2023 r. poz. 1405).<\/p>\n\n\n\n<p>Przyj\u0119te zmiany dotycz\u0105 mi\u0119dzy innymi przyznania weteranom funkcjonariuszom (gdy uko\u0144cz\u0105 65 rok \u017cycia) i weteranom poszkodowanym-funkcjonariuszom, kt\u00f3rzy znale\u017ali si\u0119 w trudnej sytuacji materialnej, mo\u017cliwo\u015bci ubiegania si\u0119 o przyznanie zapomogi na zaspokojenie potrzeb bytowych i ochron\u0119 zdrowia w przypadku choroby powoduj\u0105cej wzrost koszt\u00f3w utrzymania, w tym zakupu lek\u00f3w, \u015brodk\u00f3w opatrunkowych oraz koszt\u00f3w dojazd\u00f3w do podmiot\u00f3w leczniczych na zabiegi medyczne i rehabilitacyjne oraz us\u0142ug piel\u0119gnacyjnych niezb\u0119dnych ze wzgl\u0119du na wiek lub stan zdrowia oraz w przypadku zaistnienia zdarze\u0144 losowych, maj\u0105cych wp\u0142yw na pogorszenie w istotny spos\u00f3b ich sytuacji materialnej \u2013 art. 31a ustawy. Zapomogi b\u0119d\u0105 przyznawane ze specjalnie do tego celu utworzonego przez ministra w\u0142a\u015bciwego do spraw wewn\u0119trznych, funduszu. Podstaw\u0105 przyznania zapomogi s\u0105 dokumenty potwierdzaj\u0105ce konieczno\u015b\u0107 poniesienia wy\u017cej wymienionych wydatk\u00f3w lub zaistnienie zdarzenia losowego.<\/p>\n\n\n\n<p>Jest to realizacja postulatu zg\u0142oszonego przez Stowarzyszenie Weteran\u00f3w Dzia\u0142a\u0144 Poza Granicami Rzeczypospolitej Polskiej dotycz\u0105cego zr\u00f3wnania uprawnie\u0144 wszystkich weteran\u00f3w bez wzgl\u0119du na formacj\u0119, w kt\u00f3rej s\u0142u\u017cyli poza granicami pa\u0144stwa. Dotychczas takie uprawnienia przys\u0142ugiwa\u0142y jedynie weteranom \u017co\u0142nierzom i weteranom funkcjonariuszom ABW i AW.<\/p>\n\n\n\n<p>Oficjalne pisemne wyst\u0105pienia Stowarzyszenia do Ministra SWiA a tak\u017ce Ministra Obrony Narodowej, wsparte pismem Biura Kadr, Szkolenia i Obs\u0142ugi Prawnej KGP z propozycjami stosownych zmian w ustawie, przynios\u0142y oczekiwany efekt. Uprawnienia weteran\u00f3w funkcjonariuszy podleg\u0142ych MSWiA w tym zakresie s\u0105 takie same jak koleg\u00f3w z innych s\u0142u\u017cb i \u017co\u0142nierzy.<\/p>\n\n\n\n<p><em>Opracowa\u0142: Miros\u0142aw Zapadka, Wiceprezes<\/em><\/p>\n","protected":false},"excerpt":{"rendered":"<p>Jako sukces Stowarzyszenia Weteran\u00f3w Dzia\u0142a\u0144 Poza Granicami Rzeczypospolitej Polskiej nale\u017cy odnotowa\u0107 wej\u015bcie w \u017cycie w sierpniu br. zmiany przepis\u00f3w ustawy o weteranach dzia\u0142a\u0144 poza granicami pa\u0144stwa. W dniu 7 lipca 2023 r. Sejm RP uchwali\u0142&#46;&#46;&#46;<\/p>\n","protected":false},"author":1,"featured_media":6681,"comment_status":"open","ping_status":"open","sticky":false,"template":"","format":"standard","meta":{"ngg_post_thumbnail":0,"footnotes":""},"categories":[13],"tags":[],"_links":{"self":[{"href":"https:\/\/swmsw.pl\/index.php?rest_route=\/wp\/v2\/posts\/6680"}],"collection":[{"href":"https:\/\/swmsw.pl\/index.php?rest_route=\/wp\/v2\/posts"}],"about":[{"href":"https:\/\/swmsw.pl\/index.php?rest_route=\/wp\/v2\/types\/post"}],"author":[{"embeddable":true,"href":"https:\/\/swmsw.pl\/index.php?rest_route=\/wp\/v2\/users\/1"}],"replies":[{"embeddable":true,"href":"https:\/\/swmsw.pl\/index.php?rest_route=%2Fwp%2Fv2%2Fcomments&post=6680"}],"version-history":[{"count":2,"href":"https:\/\/swmsw.pl\/index.php?rest_route=\/wp\/v2\/posts\/6680\/revisions"}],"predecessor-version":[{"id":6683,"href":"https:\/\/swmsw.pl\/index.php?rest_route=\/wp\/v2\/posts\/6680\/revisions\/6683"}],"wp:featuredmedia":[{"embeddable":true,"href":"https:\/\/swmsw.pl\/index.php?rest_route=\/wp\/v2\/media\/6681"}],"wp:attachment":[{"href":"https:\/\/swmsw.pl\/index.php?rest_route=%2Fwp%2Fv2%2Fmedia&parent=6680"}],"wp:term":[{"taxonomy":"category","embeddable":true,"href":"https:\/\/swmsw.pl\/index.php?rest_route=%2Fwp%2Fv2%2Fcategories&post=6680"},{"taxonomy":"post_tag","embeddable":true,"href":"https:\/\/swmsw.pl\/index.php?rest_route=%2Fwp%2Fv2%2Ftags&post=6680"}],"curies":[{"name":"wp","href":"https:\/\/api.w.org\/{rel}","templated":true}]}}