{"id":6516,"date":"2023-07-15T13:26:36","date_gmt":"2023-07-15T13:26:36","guid":{"rendered":"https:\/\/swmsw.pl\/?p=6516"},"modified":"2023-07-15T13:44:24","modified_gmt":"2023-07-15T13:44:24","slug":"okiem-prezesa-4","status":"publish","type":"post","link":"https:\/\/swmsw.pl\/?p=6516","title":{"rendered":"Okiem Prezesa"},"content":{"rendered":"\n<p><em>Arturowi, autorowi artyku\u0142u &#8222;Z pami\u0119tnika niem\u0142odego pieniacza&#8221; &#8211; poni\u017cszy tekst dedykuj\u0119.<\/em><\/p>\n\n\n\n<p>Kole\u017canki&nbsp;i&nbsp;Koledzy&#8230;<\/p>\n\n\n\n<p>Jednym z naszych cel\u00f3w jest reprezentowanie i ochrona interes\u00f3w weteran\u00f3w w tym cz\u0142onk\u00f3w Stowarzyszenia. Ustawa o weteranach dzia\u0142a\u0144 poza granicami pa\u0144stwa z dnia 19 sierpnia 2011 r. okre\u015bla m.in. status i uprawnienia weteran\u00f3w podleg\u0142ych MON, MSWiA i ABW. W cz\u0119\u015bci dot. uprawnie\u0144 socjalnych (rozdz. 4 art. 31.1 i 32.1) pomini\u0119to funkcjonariuszy resortu spraw wewn\u0119trznych i administracji &#8211; wymieniaj\u0105c jedynie \u017co\u0142nierzy i weteran\u00f3w &#8211; funkcjonariuszy ABW jako uprawnionych do ubiegania si\u0119 o przedmiotow\u0105 pomoc.<br><br>Jako Stowarzyszenie Weteran\u00f3w Dzia\u0142a\u0144 poza Granicami Rzeczypospolitej Polskiej podejmowali\u015bmy starania o zmian\u0119 stanu rzeczy od 2019 r. W tej sprawie mamy sporo korespondencji do &#8222;mo\u017cnych tego \u015bwiata&#8221; &#8211; przyznawali Nam racj\u0119, i&#8230; nic z tego nie wynika\u0142o.<br><br>Np. odpowied\u017a Biura Kadr, Szkolenia i Obs\u0142ugi Prawnej KGP na pismo skierowane do 01 KGP..<em>. &#8222;maj\u0105c na uwadze s\u0142uszno\u015b\u0107 przedstawionych przez Pana Prezesa rozwi\u0105za\u0144 Komendant G\u0142\u00f3wny Policji, podj\u0105\u0142 w zakresie posiadanej w\u0142a\u015bciwo\u015bci, decyzj\u0119 o rozpocz\u0119ciu prac zmierzaj\u0105cych do przygotowania projektu reguluj\u0105cego poruszon\u0105 kwesti\u0119. Projekt wraz z uzasadnieniem i ocen\u0105 skutk\u00f3w regulacji zostanie przekazany do MSWiA \/&#8230;\/.&#8221;<\/em> (przekazano w grudniu 2019 r.), i\u2026 sprawa nie drgn\u0119\u0142a.<br><br>Kolejn\u0105 pr\u00f3b\u0119 zmiany stanu rzeczy podj\u0119li\u015bmy w tym roku. Pierwsze pismo przygotowane wsp\u00f3lnie z Wiceprezesem Kol. Miros\u0142awem Zapadk\u0105 do 01 MSWiA, za po\u015brednictwem Macieja W\u0105sika &#8211; Sekretarza Stanu, skierowali\u015bmy w lutym.<em> &#8222;Maj\u0105c nadziej\u0119, \u017ce inicjatywa zmiany ustawy jest prerogatyw\u0105 Pana Ministra wyra\u017cam nadziej\u0119 na pozytywne stanowisko w tej sprawie. Jednocze\u015bnie deklaruj\u0119 pe\u0142ne wsparcie ze strony Stowarzyszenia&#8221;<\/em>.<br><br>Drugie pismo w kt\u00f3rym informowa\u0142em, \u017ce w przypadku braku reakcji &#8230; &#8222;planuj\u0119 rezygnacj\u0119 z funkcji prezesa&#8221; i oddanie si\u0119 do dyspozycji Zarz\u0105du G\u0142\u00f3wnego, bo &#8222;nie chc\u0119 by\u0107 papierowym prezesem&#8221; skierowa\u0142em do 01 MSWiA w czerwcu. Wcze\u015bniej rozmawia\u0142em z Dyrektorem Biura Kadr \/&#8230;\/ KGP, kt\u00f3ry lobbowa\u0142 za \u201espraw\u0105\u201d i wystosowa\u0142 pismo \u2013 \u201eprzypominajk\u0119\u201d.<br><br>Szanowni,<br><br>Nasze starania o wyst\u0105pienie 01 MSWiA z prerogatyw\u0105 zmiany w ustawie o weteranach \/&#8230;\/z 2011 r. w rozdziale uprawnienia socjalne i zr\u00f3wnania praw weteran\u00f3w MSWiA z weteranami pozosta\u0142ych s\u0142u\u017cb zako\u0144czy\u0142y si\u0119 sukcesem. Otrzyma\u0142em pismo Sekretarza Stanu W\u0105sika w kt\u00f3rym informuje, \u017ce stosowne dzia\u0142anie zosta\u0142o podj\u0119te i czynno\u015bci s\u0105 procedowane na poziomie Sejmu i Senatu. &#8222;Nasza sprawa&#8221; jest procedowana wsp\u00f3lnie z MON-owsk\u0105. Troch\u0119 wi\u0119c wcze\u015bnie na odtr\u0105bienie sukcesu, ale zrobi\u0105 to media gdy Sejm &#8222;klepnie&#8221;.<br><br><em>&#8222;Szanowny&nbsp;Panie&nbsp;Prezesie,<br><br>uprzejmie informuj\u0119, i\u017c wychodz\u0105c naprzeciw postulatowi zg\u0142oszonemu przy pi\u015bmie z dnia 21 lutego 2023 r. przez Stowarzyszenie Weteran\u00f3w Dzia\u0142a\u0144 poza Granicami Rzeczypospolitej Polskiej maj\u0105cemu na wzgl\u0119dzie zr\u00f3wnanie przepis\u00f3w dotycz\u0105cych mo\u017cliwo\u015bci przyznania zapomogi weteranom b\u0119d\u0105cym funkcjonariuszami s\u0142u\u017cb resortu spraw wewn\u0119trznych z zapomog\u0105 przyznawan\u0105 \u017co\u0142nierzom Si\u0142 Zbrojnych RP oraz funkcjonariuszom Agencji Bezpiecze\u0144stwa Wewn\u0119trznego i Agencji Wywiadu, Ministerstwo Spraw Wewn\u0119trznych i Administracji zg\u0142osi\u0142o propozycj\u0119 rozszerzenia procedowanego przez Ministra Obrony Narodowej projektu ustawy o zmianie ustawy o weteranach dzia\u0142a\u0144 poza granicami pa\u0144stwa o regulacj\u0119 wprowadzaj\u0105c\u0105 mo\u017cliwo\u015b\u0107 przyznania zapomogi weteranom b\u0119d\u0105cym funkcjonariuszami s\u0142u\u017cb resortu spraw wewn\u0119trznych .<br>Projekt ww. ustawy uwzgl\u0119dniaj\u0105cy zg\u0142oszon\u0105 przez Ministra Spraw Wewn\u0119trznych i Administracji propozycj\u0119 (dodawany art. 31a &nbsp;do ustawy z dnia 19 sierpnia 2011 r. o weteranach dzia\u0142a\u0144 poza granicami pa\u0144stwa) zosta\u0142 przyj\u0119ty przez Rad\u0119 Ministr\u00f3w i skierowany do dalszych prac do Sejmu RP (druk sejmowy nr 3234) Aktualnie na rozpatrzenie przez Sejm oczekuje uchwa\u0142a Senatu RP, kt\u00f3ry zaproponowa\u0142 wprowadzenie do tekstu ustawy poprawek (druk sejmowy nr 3401).<br><br>Z&nbsp;wyrazami&nbsp;szacunku,<br>Minister&nbsp;Spraw&nbsp;Wewn\u0119trznych&nbsp;i&nbsp;Administracji<br>z&nbsp;up.&nbsp;Maciej&nbsp;W\u0105sik<br>Sekretarz&nbsp;Stanu&#8221;<\/em><br><br>Kole\u017canki i Koledzy Weterani\u2026<\/p>\n\n\n\n<p>W temacie j.w. &#8211; macie prawo wiedzie\u0107 co robimy, i \u017ce &#8222;czasem&#8221; Nasze sprawy mo\u017cna &#8222;za\u0142atwi\u0107&#8221; pozytywnie.<\/p>\n\n\n\n<p>A\u2026 co przed Nami?<\/p>\n\n\n\n<p>Weterani RP pobiegn\u0105: w Powstaniu Warszawskim i Ultramaratonie Powsta\u0144ca 1944 \u2013 2023(Podlasie Team), Biegu Pami\u0119ci Obro\u0144c\u00f3w Ojczyzny z 1920r. (Jab\u0142onka Ko\u015bcielna), MaguRan (Kr\u0119pna), p\u00f3\u0142maratonach: Praskim, w Tallinie i w Stambule.<\/p>\n\n\n\n<p>We\u017amiemy udzia\u0142 w V edycji Strzelania Weteran\u00f3w i Sympatyk\u00f3w o m\u00f3j puchar (planowane 03 wrze\u015bnia), II Dolno\u015bl\u0105skim Marszu Weterana* (23.09.2023),przejdziemy 200 km szlaku \u015aw. Jakuba w Hiszpanii(10.2023).(Wszystkie koszty pokrywaj\u0105 uczestnicy ze \u015brodk\u00f3w w\u0142asnych).<br><br>*Ko\u0142o Dolno\u015bl\u0105skie Stowarzyszenia w dn. 23 wrze\u015bnia 2023 r. organizuje II Dolno\u015bl\u0105ski Marsz Weterana w parku Krajobrazowym Che\u0142my, pow. jaworski i z\u0142otoryjski. Wydarzenie obj\u0119\u0142a patronatem Marsza\u0142ek Sejmu i Ministerstwo Spraw Wewn\u0119trznych i Administracji. Procedowany jest patronat Komendanta Wojew\u00f3dzkiego Policji we Wroc\u0142awiu.<\/p>\n\n\n\n<p>Brakuje mi sp\u0142ywu kajakowego i\u2026 mo\u017ce \u201erowery\u201d? Kto\u015b, co\u015b ?.<\/p>\n\n\n\n<p>z&nbsp;Wetera\u0144skim&nbsp;pozdro,&nbsp;Marek&nbsp;Prezes<\/p>\n","protected":false},"excerpt":{"rendered":"<p>Arturowi, autorowi artyku\u0142u &#8222;Z pami\u0119tnika niem\u0142odego pieniacza&#8221; &#8211; poni\u017cszy tekst dedykuj\u0119. Kole\u017canki&nbsp;i&nbsp;Koledzy&#8230; Jednym z naszych cel\u00f3w jest reprezentowanie i ochrona interes\u00f3w weteran\u00f3w w tym cz\u0142onk\u00f3w Stowarzyszenia. Ustawa o weteranach dzia\u0142a\u0144 poza granicami pa\u0144stwa z dnia&#46;&#46;&#46;<\/p>\n","protected":false},"author":1,"featured_media":6517,"comment_status":"open","ping_status":"open","sticky":false,"template":"","format":"standard","meta":{"ngg_post_thumbnail":0,"footnotes":""},"categories":[17],"tags":[],"_links":{"self":[{"href":"https:\/\/swmsw.pl\/index.php?rest_route=\/wp\/v2\/posts\/6516"}],"collection":[{"href":"https:\/\/swmsw.pl\/index.php?rest_route=\/wp\/v2\/posts"}],"about":[{"href":"https:\/\/swmsw.pl\/index.php?rest_route=\/wp\/v2\/types\/post"}],"author":[{"embeddable":true,"href":"https:\/\/swmsw.pl\/index.php?rest_route=\/wp\/v2\/users\/1"}],"replies":[{"embeddable":true,"href":"https:\/\/swmsw.pl\/index.php?rest_route=%2Fwp%2Fv2%2Fcomments&post=6516"}],"version-history":[{"count":4,"href":"https:\/\/swmsw.pl\/index.php?rest_route=\/wp\/v2\/posts\/6516\/revisions"}],"predecessor-version":[{"id":6521,"href":"https:\/\/swmsw.pl\/index.php?rest_route=\/wp\/v2\/posts\/6516\/revisions\/6521"}],"wp:featuredmedia":[{"embeddable":true,"href":"https:\/\/swmsw.pl\/index.php?rest_route=\/wp\/v2\/media\/6517"}],"wp:attachment":[{"href":"https:\/\/swmsw.pl\/index.php?rest_route=%2Fwp%2Fv2%2Fmedia&parent=6516"}],"wp:term":[{"taxonomy":"category","embeddable":true,"href":"https:\/\/swmsw.pl\/index.php?rest_route=%2Fwp%2Fv2%2Fcategories&post=6516"},{"taxonomy":"post_tag","embeddable":true,"href":"https:\/\/swmsw.pl\/index.php?rest_route=%2Fwp%2Fv2%2Ftags&post=6516"}],"curies":[{"name":"wp","href":"https:\/\/api.w.org\/{rel}","templated":true}]}}