{"id":5736,"date":"2022-12-02T11:53:58","date_gmt":"2022-12-02T11:53:58","guid":{"rendered":"https:\/\/swmsw.pl\/?p=5736"},"modified":"2022-12-02T11:53:59","modified_gmt":"2022-12-02T11:53:59","slug":"spotkanie-w-komendzie-wojewodzkiej-policji-w-gdansku","status":"publish","type":"post","link":"https:\/\/swmsw.pl\/?p=5736","title":{"rendered":"Spotkanie w Komendzie Wojew\u00f3dzkiej Policji w Gda\u0144sku"},"content":{"rendered":"\n<p>Komendant Wojew\u00f3dzki Policji w Gda\u0144sku nadinsp. Andrzej \u0141api\u0144ski spotka\u0142 si\u0119 dzisiaj z Prezesem Stowarzyszenia Weteran\u00f3w Dzia\u0142a\u0144 Poza Granicami RP m\u0142. insp. w st. spocz. Markiem G\u00f3rnickim. Spotkanie po\u015bwi\u0119cone by\u0142o promocji Stowarzyszenia w ramach jednostki.<\/p>\n\n\n\n<p>Funkcjonariusze resortu spraw wewn\u0119trznych od wielu lat bior\u0105 udzia\u0142 w misjach pokojowych, stabilizacyjnych, humanitarnych, operacjach zarz\u0105dzania kryzysowego pod egid\u0105 Organizacji Narod\u00f3w Zjednoczonych i Unii Europejskiej.<\/p>\n\n\n\n<p>Rozproszeni po kraju i za granic\u0105 maj\u0105 potrzeb\u0119 podtrzymania wi\u0119zi i przyja\u017ani nawi\u0105zanych w s\u0142u\u017cbie poza granicami Rzeczypospolitej Polskiej dzia\u0142aj\u0105 w Stowarzyszeniu.<\/p>\n\n\n\n<p>Komendant Wojew\u00f3dzki Policji w Gda\u0144sku przychyli\u0142 si\u0119 do rozwijania wzajemnej wsp\u00f3\u0142pracy i dzia\u0142a\u0144 w ramach Stowarzyszenia.<\/p>\n\n\n\n<p><em>\u0179r\u00f3d\u0142o: https:\/\/pomorska.policja.gov.pl<\/em><\/p>\n\n\n\n<figure class=\"wp-block-gallery has-nested-images columns-default wp-block-gallery-1 is-layout-flex wp-block-gallery-is-layout-flex\">\n<figure class=\"wp-block-image size-full\"><img loading=\"lazy\" decoding=\"async\" width=\"1200\" height=\"900\" data-id=\"5738\" src=\"https:\/\/swmsw.pl\/wp\/wp-content\/uploads\/2022\/12\/366-198326.jpg\" alt=\"\" class=\"wp-image-5738\" srcset=\"https:\/\/swmsw.pl\/wp\/wp-content\/uploads\/2022\/12\/366-198326.jpg 1200w, https:\/\/swmsw.pl\/wp\/wp-content\/uploads\/2022\/12\/366-198326-600x450.jpg 600w, https:\/\/swmsw.pl\/wp\/wp-content\/uploads\/2022\/12\/366-198326-300x225.jpg 300w, https:\/\/swmsw.pl\/wp\/wp-content\/uploads\/2022\/12\/366-198326-768x576.jpg 768w\" sizes=\"(max-width: 1200px) 100vw, 1200px\" \/><\/figure>\n<\/figure>\n","protected":false},"excerpt":{"rendered":"<p>Komendant Wojew\u00f3dzki Policji w Gda\u0144sku nadinsp. Andrzej \u0141api\u0144ski spotka\u0142 si\u0119 dzisiaj z Prezesem Stowarzyszenia Weteran\u00f3w Dzia\u0142a\u0144 Poza Granicami RP m\u0142. insp. w st. spocz. Markiem G\u00f3rnickim. Spotkanie po\u015bwi\u0119cone by\u0142o promocji Stowarzyszenia w ramach jednostki. Funkcjonariusze&#46;&#46;&#46;<\/p>\n","protected":false},"author":1,"featured_media":5737,"comment_status":"open","ping_status":"open","sticky":false,"template":"","format":"standard","meta":{"ngg_post_thumbnail":0,"footnotes":""},"categories":[4],"tags":[],"_links":{"self":[{"href":"https:\/\/swmsw.pl\/index.php?rest_route=\/wp\/v2\/posts\/5736"}],"collection":[{"href":"https:\/\/swmsw.pl\/index.php?rest_route=\/wp\/v2\/posts"}],"about":[{"href":"https:\/\/swmsw.pl\/index.php?rest_route=\/wp\/v2\/types\/post"}],"author":[{"embeddable":true,"href":"https:\/\/swmsw.pl\/index.php?rest_route=\/wp\/v2\/users\/1"}],"replies":[{"embeddable":true,"href":"https:\/\/swmsw.pl\/index.php?rest_route=%2Fwp%2Fv2%2Fcomments&post=5736"}],"version-history":[{"count":1,"href":"https:\/\/swmsw.pl\/index.php?rest_route=\/wp\/v2\/posts\/5736\/revisions"}],"predecessor-version":[{"id":5739,"href":"https:\/\/swmsw.pl\/index.php?rest_route=\/wp\/v2\/posts\/5736\/revisions\/5739"}],"wp:featuredmedia":[{"embeddable":true,"href":"https:\/\/swmsw.pl\/index.php?rest_route=\/wp\/v2\/media\/5737"}],"wp:attachment":[{"href":"https:\/\/swmsw.pl\/index.php?rest_route=%2Fwp%2Fv2%2Fmedia&parent=5736"}],"wp:term":[{"taxonomy":"category","embeddable":true,"href":"https:\/\/swmsw.pl\/index.php?rest_route=%2Fwp%2Fv2%2Fcategories&post=5736"},{"taxonomy":"post_tag","embeddable":true,"href":"https:\/\/swmsw.pl\/index.php?rest_route=%2Fwp%2Fv2%2Ftags&post=5736"}],"curies":[{"name":"wp","href":"https:\/\/api.w.org\/{rel}","templated":true}]}}