{"id":5695,"date":"2022-11-27T14:01:23","date_gmt":"2022-11-27T14:01:23","guid":{"rendered":"https:\/\/swmsw.pl\/?p=5695"},"modified":"2022-11-27T14:15:55","modified_gmt":"2022-11-27T14:15:55","slug":"wizyta-studyjna-w-jednostce-wojskowej-komandosow-jwk-w-lublincu","status":"publish","type":"post","link":"https:\/\/swmsw.pl\/?p=5695","title":{"rendered":"Wizyta studyjna w Jednostce \u00a0Wojskowej Komandos\u00f3w (JWK) w Lubli\u0144cu"},"content":{"rendered":"\n<p>22 listopada 2022 r. delegacja Bractwa Weteran\u00f3w w Polsce z\u0142o\u017cy\u0142a wizyt\u0119 studyjn\u0105<br>w Jednostce \u00a0Wojskowej Komandos\u00f3w (JWK) w Lubli\u0144cu. Bractwo Weteran\u00f3w zaprosi\u0142o r\u00f3wnie\u017c zaprzyja\u017anione Stowarzyszenie Weteran\u00f3w Dzia\u0142a\u0144 Poza Granicami RP, \u00a0zrzeszaj\u0105cych policjant\u00f3w do uczestnictwa w przedmiotowej wizycie. \u00a0Weterani \u2013 uczestnicy projektu mieli okazj\u0119 zapozna\u0107 si\u0119 z histori\u0105 jednostki na Sali Tradycji, sprz\u0119tem i uzbrojeniem na punktach pokazowych oraz obserwowa\u0107 szkolenie ze strzelania specjalistycznego na najnowocze\u015bniejszej videostrzelnicy w Europie.Bogaty. Zbi\u00f3r eksponat\u00f3w oraz dba\u0142o\u015b\u0107 o pami\u0119\u0107 \u017co\u0142nierzy, kt\u00f3rzy tworzyli histori\u0119 jednostki zrobi\u0142y du\u017ce wra\u017cenie na weteranach. Kolejnym wa\u017cnym elementem wizyty by\u0142o oddanie ho\u0142du poleg\u0142ym \u017co\u0142nierzom JWK. \u00a0Weterani, z\u0142o\u017cyli kwiaty pod pomnikiem \u201eKu czci pami\u0119ci \u017co\u0142nierzy formacji specjalnych\u201d, kt\u00f3rzy zgin\u0119li na s\u0142u\u017cbie. Wizyta zosta\u0142a zako\u0144czona obiadem w sto\u0142\u00f3wce jednostki oraz po\u017cegnaniem na Sali Tradycji przez pe\u0142ni\u0105cego obowi\u0105zki dow\u00f3dc\u0119 JWK. Dow\u00f3dca JWK wr\u0119czy\u0142 Prezesowi Bractwa Weteran\u00f3w ryngraf z odznak\u0105 rozpoznawcz\u0105 JWK na pami\u0105tk\u0119 wizyty. Prezes, w imieniu Bractwa Weteran\u00f3w oraz Stowarzyszenia Weteran\u00f3w Dzia\u0142a\u0144 Poza Granicami RP podzi\u0119kowa\u0142 za mo\u017cliwo\u015b\u0107 z\u0142o\u017cenia wizyty w JWK i odwdzi\u0119czy\u0142 si\u0119 ryngrafem i monet\u0105 pami\u0105tkow\u0105 Bractwa Weteran\u00f3w. Dzi\u0119kujemy dow\u00f3dztwu, szefowi sekcji wychowawczej JWK oraz instruktorom na poszczeg\u00f3lnych punktach za uprzejmo\u015b\u0107, cierpliwo\u015b\u0107 oraz mi\u0142\u0105 atmosfer\u0119.<\/p>\n\n\n\n<p>Pe\u0142na relacja z wizyty oraz wi\u0119cej zdj\u0119\u0107 niebawem na stronie Bractwa Weteran\u00f3w <a href=\"http:\/\/www.bractwoweteranow.org\"><u>www.bractwoweteranow.org<\/u><\/a>&nbsp;<\/p>\n\n\n\n<figure class=\"wp-block-gallery has-nested-images columns-default is-cropped wp-block-gallery-1 is-layout-flex wp-block-gallery-is-layout-flex\">\n<figure class=\"wp-block-image size-large\"><img loading=\"lazy\" decoding=\"async\" width=\"300\" height=\"225\" data-id=\"5699\" src=\"https:\/\/swmsw.pl\/wp\/wp-content\/uploads\/2022\/11\/1669190497289-300x225.jpg\" alt=\"\" class=\"wp-image-5699\" srcset=\"https:\/\/swmsw.pl\/wp\/wp-content\/uploads\/2022\/11\/1669190497289-300x225.jpg 300w, https:\/\/swmsw.pl\/wp\/wp-content\/uploads\/2022\/11\/1669190497289-600x450.jpg 600w, https:\/\/swmsw.pl\/wp\/wp-content\/uploads\/2022\/11\/1669190497289-768x576.jpg 768w, https:\/\/swmsw.pl\/wp\/wp-content\/uploads\/2022\/11\/1669190497289.jpg 1280w\" sizes=\"(max-width: 300px) 100vw, 300px\" \/><\/figure>\n\n\n\n<figure class=\"wp-block-image size-large\"><img loading=\"lazy\" decoding=\"async\" width=\"300\" height=\"250\" data-id=\"5702\" src=\"https:\/\/swmsw.pl\/wp\/wp-content\/uploads\/2022\/11\/1669190563597-1-300x250.jpg\" alt=\"\" class=\"wp-image-5702\" srcset=\"https:\/\/swmsw.pl\/wp\/wp-content\/uploads\/2022\/11\/1669190563597-1-300x250.jpg 300w, https:\/\/swmsw.pl\/wp\/wp-content\/uploads\/2022\/11\/1669190563597-1-600x501.jpg 600w, https:\/\/swmsw.pl\/wp\/wp-content\/uploads\/2022\/11\/1669190563597-1-768x641.jpg 768w, https:\/\/swmsw.pl\/wp\/wp-content\/uploads\/2022\/11\/1669190563597-1.jpg 1280w\" sizes=\"(max-width: 300px) 100vw, 300px\" \/><\/figure>\n\n\n\n<figure class=\"wp-block-image size-large\"><img loading=\"lazy\" decoding=\"async\" width=\"300\" height=\"225\" data-id=\"5704\" src=\"https:\/\/swmsw.pl\/wp\/wp-content\/uploads\/2022\/11\/1669190607721-1-300x225.jpg\" alt=\"\" class=\"wp-image-5704\" srcset=\"https:\/\/swmsw.pl\/wp\/wp-content\/uploads\/2022\/11\/1669190607721-1-300x225.jpg 300w, https:\/\/swmsw.pl\/wp\/wp-content\/uploads\/2022\/11\/1669190607721-1-600x450.jpg 600w, https:\/\/swmsw.pl\/wp\/wp-content\/uploads\/2022\/11\/1669190607721-1-768x576.jpg 768w, https:\/\/swmsw.pl\/wp\/wp-content\/uploads\/2022\/11\/1669190607721-1.jpg 1280w\" sizes=\"(max-width: 300px) 100vw, 300px\" \/><\/figure>\n\n\n\n<figure class=\"wp-block-image size-large\"><img loading=\"lazy\" decoding=\"async\" width=\"300\" height=\"238\" data-id=\"5703\" src=\"https:\/\/swmsw.pl\/wp\/wp-content\/uploads\/2022\/11\/1669192234427-1-300x238.jpg\" alt=\"\" class=\"wp-image-5703\" srcset=\"https:\/\/swmsw.pl\/wp\/wp-content\/uploads\/2022\/11\/1669192234427-1-300x238.jpg 300w, https:\/\/swmsw.pl\/wp\/wp-content\/uploads\/2022\/11\/1669192234427-1-600x476.jpg 600w, https:\/\/swmsw.pl\/wp\/wp-content\/uploads\/2022\/11\/1669192234427-1-768x610.jpg 768w, https:\/\/swmsw.pl\/wp\/wp-content\/uploads\/2022\/11\/1669192234427-1.jpg 1280w\" sizes=\"(max-width: 300px) 100vw, 300px\" \/><\/figure>\n\n\n\n<figure class=\"wp-block-image size-large\"><img loading=\"lazy\" decoding=\"async\" width=\"300\" height=\"225\" data-id=\"5701\" src=\"https:\/\/swmsw.pl\/wp\/wp-content\/uploads\/2022\/11\/DSCN4591-300x225.jpg\" alt=\"\" class=\"wp-image-5701\" srcset=\"https:\/\/swmsw.pl\/wp\/wp-content\/uploads\/2022\/11\/DSCN4591-300x225.jpg 300w, https:\/\/swmsw.pl\/wp\/wp-content\/uploads\/2022\/11\/DSCN4591-600x450.jpg 600w, https:\/\/swmsw.pl\/wp\/wp-content\/uploads\/2022\/11\/DSCN4591-768x576.jpg 768w, https:\/\/swmsw.pl\/wp\/wp-content\/uploads\/2022\/11\/DSCN4591.jpg 1280w\" sizes=\"(max-width: 300px) 100vw, 300px\" \/><\/figure>\n\n\n\n<figure class=\"wp-block-image size-large\"><img loading=\"lazy\" decoding=\"async\" width=\"300\" height=\"225\" data-id=\"5700\" src=\"https:\/\/swmsw.pl\/wp\/wp-content\/uploads\/2022\/11\/IMG_20221122_122027-300x225.jpg\" alt=\"\" class=\"wp-image-5700\" srcset=\"https:\/\/swmsw.pl\/wp\/wp-content\/uploads\/2022\/11\/IMG_20221122_122027-300x225.jpg 300w, https:\/\/swmsw.pl\/wp\/wp-content\/uploads\/2022\/11\/IMG_20221122_122027-600x450.jpg 600w, https:\/\/swmsw.pl\/wp\/wp-content\/uploads\/2022\/11\/IMG_20221122_122027-768x576.jpg 768w, https:\/\/swmsw.pl\/wp\/wp-content\/uploads\/2022\/11\/IMG_20221122_122027.jpg 1280w\" sizes=\"(max-width: 300px) 100vw, 300px\" \/><\/figure>\n<\/figure>\n","protected":false},"excerpt":{"rendered":"<p>22 listopada 2022 r. delegacja Bractwa Weteran\u00f3w w Polsce z\u0142o\u017cy\u0142a wizyt\u0119 studyjn\u0105w Jednostce \u00a0Wojskowej Komandos\u00f3w (JWK) w Lubli\u0144cu. Bractwo Weteran\u00f3w zaprosi\u0142o r\u00f3wnie\u017c zaprzyja\u017anione Stowarzyszenie Weteran\u00f3w Dzia\u0142a\u0144 Poza Granicami RP, \u00a0zrzeszaj\u0105cych policjant\u00f3w do uczestnictwa w przedmiotowej&#46;&#46;&#46;<\/p>\n","protected":false},"author":1,"featured_media":5700,"comment_status":"open","ping_status":"open","sticky":false,"template":"","format":"standard","meta":{"ngg_post_thumbnail":0,"footnotes":""},"categories":[4],"tags":[],"_links":{"self":[{"href":"https:\/\/swmsw.pl\/index.php?rest_route=\/wp\/v2\/posts\/5695"}],"collection":[{"href":"https:\/\/swmsw.pl\/index.php?rest_route=\/wp\/v2\/posts"}],"about":[{"href":"https:\/\/swmsw.pl\/index.php?rest_route=\/wp\/v2\/types\/post"}],"author":[{"embeddable":true,"href":"https:\/\/swmsw.pl\/index.php?rest_route=\/wp\/v2\/users\/1"}],"replies":[{"embeddable":true,"href":"https:\/\/swmsw.pl\/index.php?rest_route=%2Fwp%2Fv2%2Fcomments&post=5695"}],"version-history":[{"count":1,"href":"https:\/\/swmsw.pl\/index.php?rest_route=\/wp\/v2\/posts\/5695\/revisions"}],"predecessor-version":[{"id":5705,"href":"https:\/\/swmsw.pl\/index.php?rest_route=\/wp\/v2\/posts\/5695\/revisions\/5705"}],"wp:featuredmedia":[{"embeddable":true,"href":"https:\/\/swmsw.pl\/index.php?rest_route=\/wp\/v2\/media\/5700"}],"wp:attachment":[{"href":"https:\/\/swmsw.pl\/index.php?rest_route=%2Fwp%2Fv2%2Fmedia&parent=5695"}],"wp:term":[{"taxonomy":"category","embeddable":true,"href":"https:\/\/swmsw.pl\/index.php?rest_route=%2Fwp%2Fv2%2Fcategories&post=5695"},{"taxonomy":"post_tag","embeddable":true,"href":"https:\/\/swmsw.pl\/index.php?rest_route=%2Fwp%2Fv2%2Ftags&post=5695"}],"curies":[{"name":"wp","href":"https:\/\/api.w.org\/{rel}","templated":true}]}}