{"id":5239,"date":"2022-06-20T18:49:53","date_gmt":"2022-06-20T18:49:53","guid":{"rendered":"https:\/\/swmsw.pl\/?p=5239"},"modified":"2022-06-20T18:49:54","modified_gmt":"2022-06-20T18:49:54","slug":"pozegnanie-z-praca","status":"publish","type":"post","link":"https:\/\/swmsw.pl\/?p=5239","title":{"rendered":"Po\u017cegnanie z prac\u0105&#8230;"},"content":{"rendered":"\n<p>Andrzej Korus \u2013 kierownik Zespo\u0142u Edukacji i Tradycji Centrum Weterana Dzia\u0142a\u0144 Poza Granicami Pa\u0144stwa zaprosi\u0142 mnie na swoj\u0105 uroczysto\u015b\u0107 po\u017cegnania z prac\u0105.<\/p>\n\n\n\n<p>Czeka\u0142em na Andrzeja wraz z kilkudziesi\u0119cioma innymi osobami. Na stolikach kawa, herbata, ciasteczka, i\u2026dla mnie\u2026niespodziewanie &#8211; Dyrektor Centrum Weterana og\u0142osi\u0142a, \u017ce Pana Andrzeja nie b\u0119dzie \u2013 jest w szpitalu\u2026<\/p>\n\n\n\n<p>Na r\u0119ce Pani Dyrektor przybyli przekazywali podarki dla Andrzeja\u2026 ryngrafy, ksi\u0105\u017cki, dyplomy pami\u0105tkowe\u2026 kilka ciep\u0142ych s\u0142\u00f3w o nieobecnym.<\/p>\n\n\n\n<p>Z Andrzejem pozna\u0142em si\u0119 w 2012 r. we Wroc\u0142awiu w &nbsp;Akademii Wojsk L\u0105dowych na spotkaniu koordynacyjnym przed Centralnymi Uroczysto\u015bciami Dnia Weterana i Mi\u0119dzynarodowym Dniem Uczestnik\u00f3w Misji Pokojowych ONZ. Nasza p\u00f3\u017aniejsza wsp\u00f3\u0142praca rozwija\u0142a si\u0119, ku obop\u00f3lnemu zadowoleniu. Uczestniczy\u0142em w prelekcjach organizowanych przez Zesp\u00f3\u0142 Edukacji i Tradycji w szko\u0142ach nt. udzia\u0142u Wojska Polskiego w misjach i operacjach wojskowych poza granicami pa\u0144stwa. Mia\u0142em tam swoje pi\u0119\u0107 minut, gdy trzeba by\u0142o powiedzie\u0107 par\u0119 s\u0142\u00f3w o Policji. By\u0142em z Andrzejem w Wy\u017cszej Szkole Przedsi\u0119biorczo\u015bci i Informatyki w \u0141om\u017cy, Liceum im. K.K. Baczy\u0144skiego w Warszawie i kilku innych. Andrzeju\u2026 jestem pod wra\u017ceniem Twojego wspania\u0142ego kontaktu z m\u0142odzie\u017c\u0105\u2026 stopniowanie napi\u0119cia\u2026 \u017cartobliwe pytania, i \u2013 nagrody. \u0141\u0105cza satelitarne z Afganistanem\u2026 s\u0142owem profesjonalizm w ka\u017cdym calu. Gdy prosi\u0142e\u015b \u017ceby wzi\u0105\u0107 udzia\u0142 w mszy \u201eZa Weteran\u00f3w\u201d \u2013 nie odmawia\u0142em. Mia\u0142em wtedy okazj\u0119 zapalenia \u015bwieczek pami\u0119ci &#8211; tym, kt\u00f3rzy nie mieli tyle szcz\u0119\u015bcia co ja.<\/p>\n\n\n\n<p>Nala\u0142em sobie kawy\u2026 zjad\u0142em szarlotk\u0119.<\/p>\n\n\n\n<p>Wracaj do zdrowia Przyjacielu.<\/p>\n\n\n\n<p>Marek, Prezes<\/p>\n\n\n\n<figure class=\"wp-block-gallery has-nested-images columns-2 wp-block-gallery-1 is-layout-flex wp-block-gallery-is-layout-flex\">\n<figure class=\"wp-block-image size-full\"><img loading=\"lazy\" decoding=\"async\" width=\"640\" height=\"853\" data-id=\"5241\" src=\"https:\/\/swmsw.pl\/wp\/wp-content\/uploads\/2022\/06\/288578169_1667935516914455_7751511018689288297_n.jpg\" alt=\"\" class=\"wp-image-5241\" srcset=\"https:\/\/swmsw.pl\/wp\/wp-content\/uploads\/2022\/06\/288578169_1667935516914455_7751511018689288297_n.jpg 640w, https:\/\/swmsw.pl\/wp\/wp-content\/uploads\/2022\/06\/288578169_1667935516914455_7751511018689288297_n-600x800.jpg 600w, https:\/\/swmsw.pl\/wp\/wp-content\/uploads\/2022\/06\/288578169_1667935516914455_7751511018689288297_n-225x300.jpg 225w\" sizes=\"(max-width: 640px) 100vw, 640px\" \/><\/figure>\n\n\n\n<figure class=\"wp-block-image size-full\"><img loading=\"lazy\" decoding=\"async\" width=\"640\" height=\"853\" data-id=\"5242\" src=\"https:\/\/swmsw.pl\/wp\/wp-content\/uploads\/2022\/06\/287593915_726779391860865_3265944170835059590_n.jpg\" alt=\"\" class=\"wp-image-5242\" srcset=\"https:\/\/swmsw.pl\/wp\/wp-content\/uploads\/2022\/06\/287593915_726779391860865_3265944170835059590_n.jpg 640w, https:\/\/swmsw.pl\/wp\/wp-content\/uploads\/2022\/06\/287593915_726779391860865_3265944170835059590_n-600x800.jpg 600w, https:\/\/swmsw.pl\/wp\/wp-content\/uploads\/2022\/06\/287593915_726779391860865_3265944170835059590_n-225x300.jpg 225w\" sizes=\"(max-width: 640px) 100vw, 640px\" \/><\/figure>\n\n\n\n<figure class=\"wp-block-image size-full\"><img loading=\"lazy\" decoding=\"async\" width=\"640\" height=\"853\" data-id=\"5240\" src=\"https:\/\/swmsw.pl\/wp\/wp-content\/uploads\/2022\/06\/288933875_454189046537701_2093750558131848334_n.jpg\" alt=\"\" class=\"wp-image-5240\" srcset=\"https:\/\/swmsw.pl\/wp\/wp-content\/uploads\/2022\/06\/288933875_454189046537701_2093750558131848334_n.jpg 640w, https:\/\/swmsw.pl\/wp\/wp-content\/uploads\/2022\/06\/288933875_454189046537701_2093750558131848334_n-600x800.jpg 600w, https:\/\/swmsw.pl\/wp\/wp-content\/uploads\/2022\/06\/288933875_454189046537701_2093750558131848334_n-225x300.jpg 225w\" sizes=\"(max-width: 640px) 100vw, 640px\" \/><\/figure>\n<\/figure>\n","protected":false},"excerpt":{"rendered":"<p>Andrzej Korus \u2013 kierownik Zespo\u0142u Edukacji i Tradycji Centrum Weterana Dzia\u0142a\u0144 Poza Granicami Pa\u0144stwa zaprosi\u0142 mnie na swoj\u0105 uroczysto\u015b\u0107 po\u017cegnania z prac\u0105. Czeka\u0142em na Andrzeja wraz z kilkudziesi\u0119cioma innymi osobami. Na stolikach kawa, herbata, ciasteczka,&#46;&#46;&#46;<\/p>\n","protected":false},"author":1,"featured_media":5243,"comment_status":"open","ping_status":"open","sticky":false,"template":"","format":"standard","meta":{"ngg_post_thumbnail":0,"footnotes":""},"categories":[4],"tags":[],"_links":{"self":[{"href":"https:\/\/swmsw.pl\/index.php?rest_route=\/wp\/v2\/posts\/5239"}],"collection":[{"href":"https:\/\/swmsw.pl\/index.php?rest_route=\/wp\/v2\/posts"}],"about":[{"href":"https:\/\/swmsw.pl\/index.php?rest_route=\/wp\/v2\/types\/post"}],"author":[{"embeddable":true,"href":"https:\/\/swmsw.pl\/index.php?rest_route=\/wp\/v2\/users\/1"}],"replies":[{"embeddable":true,"href":"https:\/\/swmsw.pl\/index.php?rest_route=%2Fwp%2Fv2%2Fcomments&post=5239"}],"version-history":[{"count":1,"href":"https:\/\/swmsw.pl\/index.php?rest_route=\/wp\/v2\/posts\/5239\/revisions"}],"predecessor-version":[{"id":5244,"href":"https:\/\/swmsw.pl\/index.php?rest_route=\/wp\/v2\/posts\/5239\/revisions\/5244"}],"wp:featuredmedia":[{"embeddable":true,"href":"https:\/\/swmsw.pl\/index.php?rest_route=\/wp\/v2\/media\/5243"}],"wp:attachment":[{"href":"https:\/\/swmsw.pl\/index.php?rest_route=%2Fwp%2Fv2%2Fmedia&parent=5239"}],"wp:term":[{"taxonomy":"category","embeddable":true,"href":"https:\/\/swmsw.pl\/index.php?rest_route=%2Fwp%2Fv2%2Fcategories&post=5239"},{"taxonomy":"post_tag","embeddable":true,"href":"https:\/\/swmsw.pl\/index.php?rest_route=%2Fwp%2Fv2%2Ftags&post=5239"}],"curies":[{"name":"wp","href":"https:\/\/api.w.org\/{rel}","templated":true}]}}