{"id":4739,"date":"2022-01-29T15:21:00","date_gmt":"2022-01-29T15:21:00","guid":{"rendered":"https:\/\/swmsw.pl\/?p=4739"},"modified":"2022-01-29T15:21:02","modified_gmt":"2022-01-29T15:21:02","slug":"krajowy-zjazd-delegatow","status":"publish","type":"post","link":"https:\/\/swmsw.pl\/?p=4739","title":{"rendered":"Krajowy Zjazd Delegat\u00f3w"},"content":{"rendered":"\n<p>28 stycznia 2022 r. w Warszawie odby\u0142 si\u0119 pierwszy Krajowy Zjazd Delegat\u00f3w Stowarzyszenia Weteran\u00f3w Dzia\u0142a\u0144 poza Granicami Rzeczypospolitej Polskiej. Uczestnicy udzielili absolutorium Zarz\u0105dowi G\u0142\u00f3wnemu\u00a0 Stowarzyszenia i G\u0142\u00f3wnej Komisji Rewizyjnej (dzi\u0119kujemy).<\/p>\n\n\n\n<p>W wyniku przeprowadzonych wybor\u00f3w \u00a0wy\u0142oniono nowy Zarz\u0105d (w starym sk\u0142adzie) oraz G\u0142\u00f3wn\u0105 Komisj\u0119 Rewizyjn\u0105 w nowym sk\u0142adzie (dzi\u0119kujemy dotychczasowym cz\u0142onkom Komisji za zaanga\u017cowanie i czteroletni\u0105 prac\u0119).<\/p>\n\n\n\n<p>Dyskusja by\u0142a merytoryczna i inspiruj\u0105ca. Podj\u0119li\u015bmy decyzj\u0119 ws. zmiany statutu Stowarzyszenia maj\u0105c\u0105 na celu poszerzenie cel\u00f3w dzia\u0142ania.<\/p>\n\n\n\n<p>Mi\u0142o by\u0142o si\u0119 spotka\u0107 w zacnym gronie (mog\u0142o by\u0107 nas wi\u0119cej), powspomina\u0107 i planowa\u0107 przysz\u0142o\u015b\u0107 Stowarzyszenia.<\/p>\n\n\n\n<p>Zjazd delegat\u00f3w odby\u0142 si\u0119 z zachowaniem pandemicznych obostrze\u0144. \u00a0<\/p>\n\n\n\n<figure class=\"wp-block-gallery has-nested-images columns-2 wp-block-gallery-1 is-layout-flex wp-block-gallery-is-layout-flex\">\n<figure class=\"wp-block-image size-full\"><img loading=\"lazy\" decoding=\"async\" width=\"640\" height=\"360\" data-id=\"4740\" src=\"https:\/\/swmsw.pl\/wp\/wp-content\/uploads\/2022\/01\/271523863_7236563129717823_8909955453043263172_n.jpg\" alt=\"\" class=\"wp-image-4740\" srcset=\"https:\/\/swmsw.pl\/wp\/wp-content\/uploads\/2022\/01\/271523863_7236563129717823_8909955453043263172_n.jpg 640w, https:\/\/swmsw.pl\/wp\/wp-content\/uploads\/2022\/01\/271523863_7236563129717823_8909955453043263172_n-600x338.jpg 600w, https:\/\/swmsw.pl\/wp\/wp-content\/uploads\/2022\/01\/271523863_7236563129717823_8909955453043263172_n-300x169.jpg 300w\" sizes=\"(max-width: 640px) 100vw, 640px\" \/><\/figure>\n\n\n\n<figure class=\"wp-block-image size-full\"><img loading=\"lazy\" decoding=\"async\" width=\"640\" height=\"360\" data-id=\"4741\" src=\"https:\/\/swmsw.pl\/wp\/wp-content\/uploads\/2022\/01\/271756558_268367132097695_4586312186454849755_n.jpg\" alt=\"\" class=\"wp-image-4741\" srcset=\"https:\/\/swmsw.pl\/wp\/wp-content\/uploads\/2022\/01\/271756558_268367132097695_4586312186454849755_n.jpg 640w, https:\/\/swmsw.pl\/wp\/wp-content\/uploads\/2022\/01\/271756558_268367132097695_4586312186454849755_n-600x338.jpg 600w, https:\/\/swmsw.pl\/wp\/wp-content\/uploads\/2022\/01\/271756558_268367132097695_4586312186454849755_n-300x169.jpg 300w\" sizes=\"(max-width: 640px) 100vw, 640px\" \/><\/figure>\n\n\n\n<figure class=\"wp-block-image size-full\"><img loading=\"lazy\" decoding=\"async\" width=\"640\" height=\"853\" data-id=\"4743\" src=\"https:\/\/swmsw.pl\/wp\/wp-content\/uploads\/2022\/01\/271751518_692263275110949_4132213275635884050_n.jpg\" alt=\"\" class=\"wp-image-4743\" srcset=\"https:\/\/swmsw.pl\/wp\/wp-content\/uploads\/2022\/01\/271751518_692263275110949_4132213275635884050_n.jpg 640w, https:\/\/swmsw.pl\/wp\/wp-content\/uploads\/2022\/01\/271751518_692263275110949_4132213275635884050_n-600x800.jpg 600w, https:\/\/swmsw.pl\/wp\/wp-content\/uploads\/2022\/01\/271751518_692263275110949_4132213275635884050_n-225x300.jpg 225w\" sizes=\"(max-width: 640px) 100vw, 640px\" \/><\/figure>\n\n\n\n<figure class=\"wp-block-image size-full\"><img loading=\"lazy\" decoding=\"async\" width=\"640\" height=\"853\" data-id=\"4742\" src=\"https:\/\/swmsw.pl\/wp\/wp-content\/uploads\/2022\/01\/269898323_646378723175760_4158029645916949129_n.jpg\" alt=\"\" class=\"wp-image-4742\" srcset=\"https:\/\/swmsw.pl\/wp\/wp-content\/uploads\/2022\/01\/269898323_646378723175760_4158029645916949129_n.jpg 640w, https:\/\/swmsw.pl\/wp\/wp-content\/uploads\/2022\/01\/269898323_646378723175760_4158029645916949129_n-600x800.jpg 600w, https:\/\/swmsw.pl\/wp\/wp-content\/uploads\/2022\/01\/269898323_646378723175760_4158029645916949129_n-225x300.jpg 225w\" sizes=\"(max-width: 640px) 100vw, 640px\" \/><\/figure>\n<\/figure>\n","protected":false},"excerpt":{"rendered":"<p>28 stycznia 2022 r. w Warszawie odby\u0142 si\u0119 pierwszy Krajowy Zjazd Delegat\u00f3w Stowarzyszenia Weteran\u00f3w Dzia\u0142a\u0144 poza Granicami Rzeczypospolitej Polskiej. Uczestnicy udzielili absolutorium Zarz\u0105dowi G\u0142\u00f3wnemu\u00a0 Stowarzyszenia i G\u0142\u00f3wnej Komisji Rewizyjnej (dzi\u0119kujemy). W wyniku przeprowadzonych wybor\u00f3w \u00a0wy\u0142oniono&#46;&#46;&#46;<\/p>\n","protected":false},"author":1,"featured_media":4740,"comment_status":"closed","ping_status":"open","sticky":false,"template":"","format":"standard","meta":{"ngg_post_thumbnail":0,"footnotes":""},"categories":[4],"tags":[],"_links":{"self":[{"href":"https:\/\/swmsw.pl\/index.php?rest_route=\/wp\/v2\/posts\/4739"}],"collection":[{"href":"https:\/\/swmsw.pl\/index.php?rest_route=\/wp\/v2\/posts"}],"about":[{"href":"https:\/\/swmsw.pl\/index.php?rest_route=\/wp\/v2\/types\/post"}],"author":[{"embeddable":true,"href":"https:\/\/swmsw.pl\/index.php?rest_route=\/wp\/v2\/users\/1"}],"replies":[{"embeddable":true,"href":"https:\/\/swmsw.pl\/index.php?rest_route=%2Fwp%2Fv2%2Fcomments&post=4739"}],"version-history":[{"count":1,"href":"https:\/\/swmsw.pl\/index.php?rest_route=\/wp\/v2\/posts\/4739\/revisions"}],"predecessor-version":[{"id":4744,"href":"https:\/\/swmsw.pl\/index.php?rest_route=\/wp\/v2\/posts\/4739\/revisions\/4744"}],"wp:featuredmedia":[{"embeddable":true,"href":"https:\/\/swmsw.pl\/index.php?rest_route=\/wp\/v2\/media\/4740"}],"wp:attachment":[{"href":"https:\/\/swmsw.pl\/index.php?rest_route=%2Fwp%2Fv2%2Fmedia&parent=4739"}],"wp:term":[{"taxonomy":"category","embeddable":true,"href":"https:\/\/swmsw.pl\/index.php?rest_route=%2Fwp%2Fv2%2Fcategories&post=4739"},{"taxonomy":"post_tag","embeddable":true,"href":"https:\/\/swmsw.pl\/index.php?rest_route=%2Fwp%2Fv2%2Ftags&post=4739"}],"curies":[{"name":"wp","href":"https:\/\/api.w.org\/{rel}","templated":true}]}}