{"id":4552,"date":"2021-11-10T17:52:07","date_gmt":"2021-11-10T17:52:07","guid":{"rendered":"https:\/\/swmsw.pl\/?p=4552"},"modified":"2021-11-10T17:58:54","modified_gmt":"2021-11-10T17:58:54","slug":"4552","status":"publish","type":"post","link":"https:\/\/swmsw.pl\/?p=4552","title":{"rendered":"Wolno\u015b\u0107 po latach niewoli&#8230;"},"content":{"rendered":"\n<p>11 listopada 1918 r. Rada Regencyjna przekaza\u0142a uwolnionemu z twierdzy magdeburskiej\u00a0J\u00f3zefowi Pi\u0142sudskiemu\u00a0w\u0142adz\u0119 wojskow\u0105 i naczelne dow\u00f3dztwo podleg\u0142ych jej wojsk polskich. Tego samego dnia Niemcy podpisa\u0142y zawieszenie broni ko\u0144cz\u0105ce dzia\u0142ania bojowe Wielkiej Wojny. Po ponad 120 latach Polska odzyskiwa\u0142a niepodleg\u0142o\u015b\u0107.<\/p>\n\n\n\n<figure class=\"wp-block-image size-full\"><img loading=\"lazy\" decoding=\"async\" width=\"1916\" height=\"897\" src=\"https:\/\/swmsw.pl\/wp\/wp-content\/uploads\/2021\/11\/11-listopada_banerdo__kopia_2.png__1920x900_q85_crop_subsampling-2_upscale-1.jpg\" alt=\"\" class=\"wp-image-4553\" srcset=\"https:\/\/swmsw.pl\/wp\/wp-content\/uploads\/2021\/11\/11-listopada_banerdo__kopia_2.png__1920x900_q85_crop_subsampling-2_upscale-1.jpg 1916w, https:\/\/swmsw.pl\/wp\/wp-content\/uploads\/2021\/11\/11-listopada_banerdo__kopia_2.png__1920x900_q85_crop_subsampling-2_upscale-1-600x281.jpg 600w, https:\/\/swmsw.pl\/wp\/wp-content\/uploads\/2021\/11\/11-listopada_banerdo__kopia_2.png__1920x900_q85_crop_subsampling-2_upscale-1-300x140.jpg 300w, https:\/\/swmsw.pl\/wp\/wp-content\/uploads\/2021\/11\/11-listopada_banerdo__kopia_2.png__1920x900_q85_crop_subsampling-2_upscale-1-768x360.jpg 768w, https:\/\/swmsw.pl\/wp\/wp-content\/uploads\/2021\/11\/11-listopada_banerdo__kopia_2.png__1920x900_q85_crop_subsampling-2_upscale-1-1536x719.jpg 1536w\" sizes=\"(max-width: 1916px) 100vw, 1916px\" \/><\/figure>\n","protected":false},"excerpt":{"rendered":"<p>11 listopada 1918 r. Rada Regencyjna przekaza\u0142a uwolnionemu z twierdzy magdeburskiej\u00a0J\u00f3zefowi Pi\u0142sudskiemu\u00a0w\u0142adz\u0119 wojskow\u0105 i naczelne dow\u00f3dztwo podleg\u0142ych jej wojsk polskich. Tego samego dnia Niemcy podpisa\u0142y zawieszenie broni ko\u0144cz\u0105ce dzia\u0142ania bojowe Wielkiej Wojny. Po ponad 120&#46;&#46;&#46;<\/p>\n","protected":false},"author":1,"featured_media":4553,"comment_status":"closed","ping_status":"open","sticky":false,"template":"","format":"standard","meta":{"ngg_post_thumbnail":0,"footnotes":""},"categories":[4],"tags":[],"_links":{"self":[{"href":"https:\/\/swmsw.pl\/index.php?rest_route=\/wp\/v2\/posts\/4552"}],"collection":[{"href":"https:\/\/swmsw.pl\/index.php?rest_route=\/wp\/v2\/posts"}],"about":[{"href":"https:\/\/swmsw.pl\/index.php?rest_route=\/wp\/v2\/types\/post"}],"author":[{"embeddable":true,"href":"https:\/\/swmsw.pl\/index.php?rest_route=\/wp\/v2\/users\/1"}],"replies":[{"embeddable":true,"href":"https:\/\/swmsw.pl\/index.php?rest_route=%2Fwp%2Fv2%2Fcomments&post=4552"}],"version-history":[{"count":2,"href":"https:\/\/swmsw.pl\/index.php?rest_route=\/wp\/v2\/posts\/4552\/revisions"}],"predecessor-version":[{"id":4556,"href":"https:\/\/swmsw.pl\/index.php?rest_route=\/wp\/v2\/posts\/4552\/revisions\/4556"}],"wp:featuredmedia":[{"embeddable":true,"href":"https:\/\/swmsw.pl\/index.php?rest_route=\/wp\/v2\/media\/4553"}],"wp:attachment":[{"href":"https:\/\/swmsw.pl\/index.php?rest_route=%2Fwp%2Fv2%2Fmedia&parent=4552"}],"wp:term":[{"taxonomy":"category","embeddable":true,"href":"https:\/\/swmsw.pl\/index.php?rest_route=%2Fwp%2Fv2%2Fcategories&post=4552"},{"taxonomy":"post_tag","embeddable":true,"href":"https:\/\/swmsw.pl\/index.php?rest_route=%2Fwp%2Fv2%2Ftags&post=4552"}],"curies":[{"name":"wp","href":"https:\/\/api.w.org\/{rel}","templated":true}]}}