{"id":4490,"date":"2022-10-29T08:47:17","date_gmt":"2022-10-29T08:47:17","guid":{"rendered":"https:\/\/swmsw.pl\/?p=4490"},"modified":"2022-12-27T08:20:58","modified_gmt":"2022-12-27T08:20:58","slug":"moze-bedac-przejazdem-zapalicie-swieczke-2","status":"publish","type":"post","link":"https:\/\/swmsw.pl\/?p=4490","title":{"rendered":"Mo\u017ce b\u0119d\u0105c przejazdem zapalicie znicz?"},"content":{"rendered":"\n<p>Wkr\u00f3tce \u015awi\u0119to Zmar\u0142ych i&#8230; bardzo si\u0119 ciesz\u0119, \u017ce poni\u017cszy, ubieg\u0142oroczny artyku\u0142 na naszej www. pt. \u201eMo\u017ce b\u0119d\u0105c przejazdem, zapalicie znicz?\u201d, jest aktualny. Nie chc\u0119 kusi\u0107 losu przedwczesn\u0105 publikacj\u0105 tej informacji, ale&#8230; zaryzykuj\u0119. A Wy, tam na misjach, uwa\u017cajcie na siebie. Jak to m\u00f3wi m\u00f3j Przyjaciel: &#8211; \u201eB\u0105d\u017a czujny jak wa\u017cka\u201d.\u00a0<\/p>\n\n\n\n<p>\u015awi\u0119to Zmar\u0142ych to dla mnie obrazy Przyjaciela i Koleg\u00f3w &nbsp;\u2013 stracili \u017cycie pe\u0142ni\u0105c s\u0142u\u017cb\u0119 w kontyngentach policyjnych. Tak si\u0119 z\u0142o\u017cy\u0142o, \u017ce ze wszystkimi by\u0142em razem na misjach pokojowych.<\/p>\n\n\n\n<p><strong>STA\u0143CIE DO APELU\u2026<\/strong><\/p>\n\n\n\n<p><strong>Komisarz&nbsp; Jerzy Piekarski <\/strong>&#8211; zgin\u0105\u0142 na Trasie Katowickiej wracaj\u0105c na Ba\u0142kany z urlopu w kraju\u2026 jaki\u015b wariat zawraca\u0142 ci\u0119\u017car\u00f3wk\u0105 na pasie zieleni we mgle. Jerzego \u017cegna\u0142em na cmentarzu w \u0141odzi. Spoczywa na cmentarzu rzymskokatolickim p. wezw. Matki Boskiej Nieustaj\u0105cej Pomocy przy ul. Szczeci\u0144skiej 96\/100<\/p>\n\n\n\n<p>\u015apij w pokoju Jurku.<\/p>\n\n\n\n<p><strong>Podinspektor Andrzej Kaczor<\/strong> zabity w zasadzce na patrol ONZ w Kurdystanie (p\u0142n. Irak). Spoczywa w S\u0142upsku: <a href=\"https:\/\/slupsk.grobonet.com\/grobonet\/start.php?id=detale&amp;idg=15152&amp;inni=0&amp;cinki=1\">https:\/\/slupsk.grobonet.com\/grobonet\/start.php?id=detale&amp;idg=15152&amp;inni=0&amp;cinki=1<\/a><\/p>\n\n\n\n<p>\u015apij w pokoju Andrzeju.<\/p>\n\n\n\n<p><strong>Podkomisarz Andrzej Buler<\/strong> &nbsp;&#8211; zgin\u0105\u0142 w katastrofie \u015bmig\u0142owca w Bo\u015bni i Hercegowinie. Spoczywa w \u017barach: <a href=\"https:\/\/zaryck.grobonet.com\/grobonet\/start.php?id=detale&amp;idg=10849\">https:\/\/zaryck.grobonet.com\/grobonet\/start.php?id=detale&amp;idg=10849<\/a><\/p>\n\n\n\n<p>\u015apij w pokoju Andrzeju.<\/p>\n\n\n\n<p><strong>Podinspektor &nbsp;Bogdan Laskowski<\/strong> \u2013 dow\u00f3dca polskiego kontyngentu policyjnego w Liberii zmar\u0142 w Monrovii na malari\u0119. Spoczywa w Bielsku Bia\u0142ej na cmentarzu przy ul. Karpackiej <a href=\"https:\/\/bielskobiala.artlookgallery.com\/grobonet\/start.php?id=detale&amp;idg=12205&amp;inni=1\">https:\/\/bielskobiala.artlookgallery.com\/grobonet\/start.php?id=detale&amp;idg=12205&amp;inni=1<\/a><\/p>\n\n\n\n<p>\u201e<em>By\u0142e\u015b jedynym kumplem, kt\u00f3remu ufa\u0142em bezgranicznie i w kt\u00f3rego towarzystwie czu\u0142em si\u0119 bezpiecznie. To, \u017ce odszed\u0142e\u015b jest zaprzeczeniem wiary w sprawiedliwo\u015b\u0107 i sens istnienia. Nie mog\u0119 si\u0119 z tym pogodzi\u0107 i jest mi ci\u0119\u017cko\u201d.<\/em>                          <em>(fragment z ksi\u0105\u017cki pt. Misyjne Wspomnienia po\u015bwi\u0119conej Bogdanowi).<\/em><\/p>\n\n\n\n<p>\u015apij w pokoju Przyjacielu.<\/p>\n\n\n\n<p><strong>Podinspektor &nbsp;Andrzej \u0141ukasi\u0144ski<\/strong> \u2013 zgin\u0105\u0142 w wypadku drogowym w drodze na urlop do kraju. Spoczywa w \u0141odzi na Cmentarzu rzymskokatolickim p. wezw. Wszystkich \u015awi\u0119tych na Olechowie przy ul. Zak\u0142adowej 4.<\/p>\n\n\n\n<p>\u015apij w pokoju Andrzeju.<\/p>\n\n\n\n<p><strong>W 2020 i 2021 r. odeszli od nas weterani Polskich Kontyngent\u00f3w Policyjnych\u2026<\/strong><\/p>\n\n\n\n<p><strong>Podinspektor &nbsp;Dariusz Krawczyk<\/strong> &#8211; dow\u00f3dca: &nbsp;kontyngent\u00f3w policyjnych &nbsp;i Jednostki Specjalnej Polskiej Policji (FPU). Spoczywa na Cmentarzu \u015bw. Wojciecha, Kurczaki 81 w \u0141odzi.<\/p>\n\n\n\n<p>\u015apij w pokoju Darku.<\/p>\n\n\n\n<p><strong>Aspirant Sztabowy Artur Metelski<\/strong>. Weteran: Jednostki Specjalnej Polskiej Policji w Kosowie, misji w Afganistanie i Gruzji. Funkcjonariusz FRONTEX &#8211; zgin\u0105\u0142 w wypadku drogowym.<\/p>\n\n\n\n<p>Spoczywa na cmentarzu przy ul. Mickiewicza \/nowy\/ w Bielsku Podlaskim<\/p>\n\n\n\n<p>\u015apij w pokoju Arturze.<\/p>\n\n\n\n<p>Kultywujmy pami\u0119\u0107 o tych, co odeszli\u2026<\/p>\n\n\n\n<p>Marek, Prezes<\/p>\n\n\n\n<figure class=\"wp-block-gallery has-nested-images columns-3 is-cropped wp-block-gallery-1 is-layout-flex wp-block-gallery-is-layout-flex\">\n<figure class=\"wp-block-image size-large\"><img loading=\"lazy\" decoding=\"async\" width=\"225\" height=\"300\" data-id=\"4495\" src=\"https:\/\/swmsw.pl\/wp\/wp-content\/uploads\/2021\/10\/1-355115_g-225x300.jpg\" alt=\"\" class=\"wp-image-4495\" srcset=\"https:\/\/swmsw.pl\/wp\/wp-content\/uploads\/2021\/10\/1-355115_g-225x300.jpg 225w, https:\/\/swmsw.pl\/wp\/wp-content\/uploads\/2021\/10\/1-355115_g.jpg 450w\" sizes=\"(max-width: 225px) 100vw, 225px\" \/><figcaption class=\"wp-element-caption\"><em> Podinspektor Andrzej Kaczor <\/em><\/figcaption><\/figure>\n\n\n\n<figure class=\"wp-block-image size-large\"><img loading=\"lazy\" decoding=\"async\" width=\"225\" height=\"300\" data-id=\"4496\" src=\"https:\/\/swmsw.pl\/wp\/wp-content\/uploads\/2021\/10\/16-82430-225x300.jpg\" alt=\"\" class=\"wp-image-4496\" srcset=\"https:\/\/swmsw.pl\/wp\/wp-content\/uploads\/2021\/10\/16-82430-225x300.jpg 225w, https:\/\/swmsw.pl\/wp\/wp-content\/uploads\/2021\/10\/16-82430.jpg 450w\" sizes=\"(max-width: 225px) 100vw, 225px\" \/><figcaption class=\"wp-element-caption\"><em> Podkomisarz Andrzej Buler <\/em><\/figcaption><\/figure>\n\n\n\n<figure class=\"wp-block-image size-large\"><img loading=\"lazy\" decoding=\"async\" width=\"225\" height=\"300\" data-id=\"4494\" src=\"https:\/\/swmsw.pl\/wp\/wp-content\/uploads\/2021\/10\/1-333660_g-225x300.jpg\" alt=\"\" class=\"wp-image-4494\" srcset=\"https:\/\/swmsw.pl\/wp\/wp-content\/uploads\/2021\/10\/1-333660_g-225x300.jpg 225w, https:\/\/swmsw.pl\/wp\/wp-content\/uploads\/2021\/10\/1-333660_g.jpg 450w\" sizes=\"(max-width: 225px) 100vw, 225px\" \/><figcaption class=\"wp-element-caption\"> <em>Podinspektor &nbsp;Bogdan Laskowski <\/em><\/figcaption><\/figure>\n\n\n\n<figure class=\"wp-block-image size-large\"><img loading=\"lazy\" decoding=\"async\" width=\"280\" height=\"183\" data-id=\"4492\" src=\"https:\/\/swmsw.pl\/wp\/wp-content\/uploads\/2021\/10\/171331918_2540506062924253_1154989037771109246_n.jpg\" alt=\"\" class=\"wp-image-4492\"\/><figcaption class=\"wp-element-caption\"><em> Podinspektor &nbsp;Dariusz Krawczyk<\/em><\/figcaption><\/figure>\n\n\n\n<figure class=\"wp-block-image size-large\"><img loading=\"lazy\" decoding=\"async\" width=\"300\" height=\"300\" data-id=\"4493\" src=\"https:\/\/swmsw.pl\/wp\/wp-content\/uploads\/2021\/10\/23472421_1824504407841215_2747539721762708539_n-300x300.jpg\" alt=\"\" class=\"wp-image-4493\" srcset=\"https:\/\/swmsw.pl\/wp\/wp-content\/uploads\/2021\/10\/23472421_1824504407841215_2747539721762708539_n-300x300.jpg 300w, https:\/\/swmsw.pl\/wp\/wp-content\/uploads\/2021\/10\/23472421_1824504407841215_2747539721762708539_n-100x100.jpg 100w, https:\/\/swmsw.pl\/wp\/wp-content\/uploads\/2021\/10\/23472421_1824504407841215_2747539721762708539_n-600x600.jpg 600w, https:\/\/swmsw.pl\/wp\/wp-content\/uploads\/2021\/10\/23472421_1824504407841215_2747539721762708539_n-768x768.jpg 768w, https:\/\/swmsw.pl\/wp\/wp-content\/uploads\/2021\/10\/23472421_1824504407841215_2747539721762708539_n-80x80.jpg 80w, https:\/\/swmsw.pl\/wp\/wp-content\/uploads\/2021\/10\/23472421_1824504407841215_2747539721762708539_n-320x320.jpg 320w, https:\/\/swmsw.pl\/wp\/wp-content\/uploads\/2021\/10\/23472421_1824504407841215_2747539721762708539_n.jpg 928w\" sizes=\"(max-width: 300px) 100vw, 300px\" \/><figcaption class=\"wp-element-caption\"> <em>Aspirant Sztabowy Artur Metelski<\/em><\/figcaption><\/figure>\n<\/figure>\n\n\n\n<p><\/p>\n","protected":false},"excerpt":{"rendered":"<p>Wkr\u00f3tce \u015awi\u0119to Zmar\u0142ych i&#8230; bardzo si\u0119 ciesz\u0119, \u017ce poni\u017cszy, ubieg\u0142oroczny artyku\u0142 na naszej www. pt. \u201eMo\u017ce b\u0119d\u0105c przejazdem, zapalicie znicz?\u201d, jest aktualny. Nie chc\u0119 kusi\u0107 losu przedwczesn\u0105 publikacj\u0105 tej informacji, ale&#8230; zaryzykuj\u0119. A Wy, tam&#46;&#46;&#46;<\/p>\n","protected":false},"author":1,"featured_media":5613,"comment_status":"closed","ping_status":"open","sticky":false,"template":"","format":"standard","meta":{"ngg_post_thumbnail":0,"footnotes":""},"categories":[4,9],"tags":[],"_links":{"self":[{"href":"https:\/\/swmsw.pl\/index.php?rest_route=\/wp\/v2\/posts\/4490"}],"collection":[{"href":"https:\/\/swmsw.pl\/index.php?rest_route=\/wp\/v2\/posts"}],"about":[{"href":"https:\/\/swmsw.pl\/index.php?rest_route=\/wp\/v2\/types\/post"}],"author":[{"embeddable":true,"href":"https:\/\/swmsw.pl\/index.php?rest_route=\/wp\/v2\/users\/1"}],"replies":[{"embeddable":true,"href":"https:\/\/swmsw.pl\/index.php?rest_route=%2Fwp%2Fv2%2Fcomments&post=4490"}],"version-history":[{"count":8,"href":"https:\/\/swmsw.pl\/index.php?rest_route=\/wp\/v2\/posts\/4490\/revisions"}],"predecessor-version":[{"id":5935,"href":"https:\/\/swmsw.pl\/index.php?rest_route=\/wp\/v2\/posts\/4490\/revisions\/5935"}],"wp:featuredmedia":[{"embeddable":true,"href":"https:\/\/swmsw.pl\/index.php?rest_route=\/wp\/v2\/media\/5613"}],"wp:attachment":[{"href":"https:\/\/swmsw.pl\/index.php?rest_route=%2Fwp%2Fv2%2Fmedia&parent=4490"}],"wp:term":[{"taxonomy":"category","embeddable":true,"href":"https:\/\/swmsw.pl\/index.php?rest_route=%2Fwp%2Fv2%2Fcategories&post=4490"},{"taxonomy":"post_tag","embeddable":true,"href":"https:\/\/swmsw.pl\/index.php?rest_route=%2Fwp%2Fv2%2Ftags&post=4490"}],"curies":[{"name":"wp","href":"https:\/\/api.w.org\/{rel}","templated":true}]}}