{"id":4373,"date":"2021-09-14T08:00:00","date_gmt":"2021-09-14T08:00:00","guid":{"rendered":"https:\/\/swmsw.pl\/?p=4373"},"modified":"2021-09-15T14:27:38","modified_gmt":"2021-09-15T14:27:38","slug":"pamietamy","status":"publish","type":"post","link":"https:\/\/swmsw.pl\/?p=4373","title":{"rendered":"Pami\u0119tamy"},"content":{"rendered":"\n<figure class=\"wp-block-image size-full\"><img loading=\"lazy\" decoding=\"async\" width=\"2554\" height=\"1341\" src=\"https:\/\/swmsw.pl\/wp\/wp-content\/uploads\/2021\/09\/GrafikaAB.jpg\" alt=\"\" class=\"wp-image-4375\" srcset=\"https:\/\/swmsw.pl\/wp\/wp-content\/uploads\/2021\/09\/GrafikaAB.jpg 2554w, https:\/\/swmsw.pl\/wp\/wp-content\/uploads\/2021\/09\/GrafikaAB-600x315.jpg 600w, https:\/\/swmsw.pl\/wp\/wp-content\/uploads\/2021\/09\/GrafikaAB-300x158.jpg 300w, https:\/\/swmsw.pl\/wp\/wp-content\/uploads\/2021\/09\/GrafikaAB-768x403.jpg 768w, https:\/\/swmsw.pl\/wp\/wp-content\/uploads\/2021\/09\/GrafikaAB-1536x806.jpg 1536w, https:\/\/swmsw.pl\/wp\/wp-content\/uploads\/2021\/09\/GrafikaAB-2048x1075.jpg 2048w\" sizes=\"(max-width: 2554px) 100vw, 2554px\" \/><\/figure>\n\n\n\n<p>W dniu 17.09.2021 r. mijaj\u0105 24 lata od tragicznej \u015bmierci Naszego Kolegi podkom. Andrzeja Bulera.<\/p>\n\n\n\n<p>Andrzej, od 1992 r. by\u0142 trzykrotnie delegowany do s\u0142u\u017cby w polskich kontyngentach policyjnych si\u0142 pokojowych ONZ w by\u0142ej Jugos\u0142awii. Oddany s\u0142u\u017cbie, odwa\u017cny i opanowany w dramatycznych sytuacjach. Uczestniczy\u0142 w negocjacjach pomi\u0119dzy walcz\u0105cymi stronami dot. wymiany je\u0144c\u00f3w wojennych, uchod\u017ac\u00f3w i os\u00f3b wysiedlonych. Zorganizowa\u0142 ewakuacj\u0119 110 student\u00f3w zagranicznych z Sarajewa w najbardziej trudnych i niebezpiecznych warunkach.<\/p>\n\n\n\n<p>W dniu 17.09.1997 r., wykonuj\u0105c obowi\u0105zki s\u0142u\u017cbowe na terenie Bo\u015bni i Hercegowiny, poni\u00f3s\u0142 \u015bmier\u0107 w katastrofie helikoptera ONZ. Razem z nim zgin\u0119\u0142o 12 urz\u0119dnik\u00f3w ONZ.<\/p>\n\n\n\n<p>By\u0142 \u017conaty; osieroci\u0142 dwoje dzieci.<\/p>\n\n\n\n<p>Za po\u015bwi\u0119cenie, ofiarno\u015b\u0107 i odwag\u0119 odznaczony dwukrotnie br\u0105zowym medalem ONZ \u201eW s\u0142u\u017cbie dla pokoju\u201d, wyr\u00f3\u017cnieniem dow\u00f3dcy wojskowego misji i listem pochwalnym szefa misji. Odznaczony medalem &#8222;Za zas\u0142ugi dla obronno\u015bci kraju&#8221; i &#8222;Z\u0142otym krzy\u017cem zas\u0142ugi&#8221;.<\/p>\n\n\n\n<p><strong><em>Cze\u015b\u0107 Jego Pami\u0119ci<\/em><\/strong><\/p>\n\n\n\n<figure class=\"wp-block-gallery columns-0 wp-block-gallery-1 is-layout-flex wp-block-gallery-is-layout-flex\"><ul class=\"blocks-gallery-grid\"><li class=\"blocks-gallery-item\"><figure><img loading=\"lazy\" decoding=\"async\" width=\"1186\" height=\"792\" src=\"https:\/\/swmsw.pl\/wp\/wp-content\/uploads\/2021\/09\/4.Support-Unit-Zagrzeb-Andrzej-pierwszy-z-prawej.jpg\" alt=\"\" data-id=\"4378\" data-full-url=\"https:\/\/swmsw.pl\/wp\/wp-content\/uploads\/2021\/09\/4.Support-Unit-Zagrzeb-Andrzej-pierwszy-z-prawej.jpg\" data-link=\"https:\/\/swmsw.pl\/?attachment_id=4378\" class=\"wp-image-4378\" srcset=\"https:\/\/swmsw.pl\/wp\/wp-content\/uploads\/2021\/09\/4.Support-Unit-Zagrzeb-Andrzej-pierwszy-z-prawej.jpg 1186w, https:\/\/swmsw.pl\/wp\/wp-content\/uploads\/2021\/09\/4.Support-Unit-Zagrzeb-Andrzej-pierwszy-z-prawej-600x401.jpg 600w, https:\/\/swmsw.pl\/wp\/wp-content\/uploads\/2021\/09\/4.Support-Unit-Zagrzeb-Andrzej-pierwszy-z-prawej-300x200.jpg 300w, https:\/\/swmsw.pl\/wp\/wp-content\/uploads\/2021\/09\/4.Support-Unit-Zagrzeb-Andrzej-pierwszy-z-prawej-768x513.jpg 768w\" sizes=\"(max-width: 1186px) 100vw, 1186px\" \/><\/figure><\/li><li class=\"blocks-gallery-item\"><figure><img loading=\"lazy\" decoding=\"async\" width=\"920\" height=\"613\" src=\"https:\/\/swmsw.pl\/wp\/wp-content\/uploads\/2021\/09\/2.Obelisk-w-miejscu-katastrofy-helikoptera.jpg\" alt=\"\" data-id=\"4374\" data-full-url=\"https:\/\/swmsw.pl\/wp\/wp-content\/uploads\/2021\/09\/2.Obelisk-w-miejscu-katastrofy-helikoptera.jpg\" data-link=\"https:\/\/swmsw.pl\/?attachment_id=4374\" class=\"wp-image-4374\" srcset=\"https:\/\/swmsw.pl\/wp\/wp-content\/uploads\/2021\/09\/2.Obelisk-w-miejscu-katastrofy-helikoptera.jpg 920w, https:\/\/swmsw.pl\/wp\/wp-content\/uploads\/2021\/09\/2.Obelisk-w-miejscu-katastrofy-helikoptera-600x400.jpg 600w, https:\/\/swmsw.pl\/wp\/wp-content\/uploads\/2021\/09\/2.Obelisk-w-miejscu-katastrofy-helikoptera-300x200.jpg 300w, https:\/\/swmsw.pl\/wp\/wp-content\/uploads\/2021\/09\/2.Obelisk-w-miejscu-katastrofy-helikoptera-768x512.jpg 768w\" sizes=\"(max-width: 920px) 100vw, 920px\" \/><\/figure><\/li><li class=\"blocks-gallery-item\"><figure><img loading=\"lazy\" decoding=\"async\" width=\"640\" height=\"480\" src=\"https:\/\/swmsw.pl\/wp\/wp-content\/uploads\/2021\/09\/IMG_4190.jpg\" alt=\"\" data-id=\"4376\" data-full-url=\"https:\/\/swmsw.pl\/wp\/wp-content\/uploads\/2021\/09\/IMG_4190.jpg\" data-link=\"https:\/\/swmsw.pl\/?attachment_id=4376\" class=\"wp-image-4376\" srcset=\"https:\/\/swmsw.pl\/wp\/wp-content\/uploads\/2021\/09\/IMG_4190.jpg 640w, https:\/\/swmsw.pl\/wp\/wp-content\/uploads\/2021\/09\/IMG_4190-600x450.jpg 600w, https:\/\/swmsw.pl\/wp\/wp-content\/uploads\/2021\/09\/IMG_4190-300x225.jpg 300w\" sizes=\"(max-width: 640px) 100vw, 640px\" \/><\/figure><\/li><li class=\"blocks-gallery-item\"><figure><img loading=\"lazy\" decoding=\"async\" width=\"640\" height=\"480\" src=\"https:\/\/swmsw.pl\/wp\/wp-content\/uploads\/2021\/09\/IMG_4192.jpg\" alt=\"\" data-id=\"4377\" data-full-url=\"https:\/\/swmsw.pl\/wp\/wp-content\/uploads\/2021\/09\/IMG_4192.jpg\" data-link=\"https:\/\/swmsw.pl\/?attachment_id=4377\" class=\"wp-image-4377\" srcset=\"https:\/\/swmsw.pl\/wp\/wp-content\/uploads\/2021\/09\/IMG_4192.jpg 640w, https:\/\/swmsw.pl\/wp\/wp-content\/uploads\/2021\/09\/IMG_4192-600x450.jpg 600w, https:\/\/swmsw.pl\/wp\/wp-content\/uploads\/2021\/09\/IMG_4192-300x225.jpg 300w\" sizes=\"(max-width: 640px) 100vw, 640px\" \/><\/figure><\/li><\/ul><\/figure>\n","protected":false},"excerpt":{"rendered":"<p>W dniu 17.09.2021 r. mijaj\u0105 24 lata od tragicznej \u015bmierci Naszego Kolegi podkom. Andrzeja Bulera. Andrzej, od 1992 r. by\u0142 trzykrotnie delegowany do s\u0142u\u017cby w polskich kontyngentach policyjnych si\u0142 pokojowych ONZ w by\u0142ej Jugos\u0142awii. Oddany&#46;&#46;&#46;<\/p>\n","protected":false},"author":1,"featured_media":4374,"comment_status":"closed","ping_status":"open","sticky":false,"template":"","format":"standard","meta":{"ngg_post_thumbnail":0,"footnotes":""},"categories":[9],"tags":[],"_links":{"self":[{"href":"https:\/\/swmsw.pl\/index.php?rest_route=\/wp\/v2\/posts\/4373"}],"collection":[{"href":"https:\/\/swmsw.pl\/index.php?rest_route=\/wp\/v2\/posts"}],"about":[{"href":"https:\/\/swmsw.pl\/index.php?rest_route=\/wp\/v2\/types\/post"}],"author":[{"embeddable":true,"href":"https:\/\/swmsw.pl\/index.php?rest_route=\/wp\/v2\/users\/1"}],"replies":[{"embeddable":true,"href":"https:\/\/swmsw.pl\/index.php?rest_route=%2Fwp%2Fv2%2Fcomments&post=4373"}],"version-history":[{"count":2,"href":"https:\/\/swmsw.pl\/index.php?rest_route=\/wp\/v2\/posts\/4373\/revisions"}],"predecessor-version":[{"id":4380,"href":"https:\/\/swmsw.pl\/index.php?rest_route=\/wp\/v2\/posts\/4373\/revisions\/4380"}],"wp:featuredmedia":[{"embeddable":true,"href":"https:\/\/swmsw.pl\/index.php?rest_route=\/wp\/v2\/media\/4374"}],"wp:attachment":[{"href":"https:\/\/swmsw.pl\/index.php?rest_route=%2Fwp%2Fv2%2Fmedia&parent=4373"}],"wp:term":[{"taxonomy":"category","embeddable":true,"href":"https:\/\/swmsw.pl\/index.php?rest_route=%2Fwp%2Fv2%2Fcategories&post=4373"},{"taxonomy":"post_tag","embeddable":true,"href":"https:\/\/swmsw.pl\/index.php?rest_route=%2Fwp%2Fv2%2Ftags&post=4373"}],"curies":[{"name":"wp","href":"https:\/\/api.w.org\/{rel}","templated":true}]}}