{"id":4144,"date":"2021-06-13T19:46:47","date_gmt":"2021-06-13T19:46:47","guid":{"rendered":"https:\/\/swmsw.pl\/?p=4144"},"modified":"2021-06-13T19:49:12","modified_gmt":"2021-06-13T19:49:12","slug":"podziekowania","status":"publish","type":"post","link":"https:\/\/swmsw.pl\/?p=4144","title":{"rendered":"Podzi\u0119kowania"},"content":{"rendered":"\n<figure class=\"wp-block-image size-full is-resized\"><img loading=\"lazy\" decoding=\"async\" src=\"https:\/\/swmsw.pl\/wp\/wp-content\/uploads\/2021\/06\/194137080_480069396410162_5128022720526534602_n.jpg\" alt=\"\" class=\"wp-image-4146\" width=\"479\" height=\"647\" srcset=\"https:\/\/swmsw.pl\/wp\/wp-content\/uploads\/2021\/06\/194137080_480069396410162_5128022720526534602_n.jpg 639w, https:\/\/swmsw.pl\/wp\/wp-content\/uploads\/2021\/06\/194137080_480069396410162_5128022720526534602_n-600x809.jpg 600w, https:\/\/swmsw.pl\/wp\/wp-content\/uploads\/2021\/06\/194137080_480069396410162_5128022720526534602_n-222x300.jpg 222w\" sizes=\"(max-width: 479px) 100vw, 479px\" \/><\/figure>\n\n\n\n<p>Po raz drugi uczestnicz\u0105c w II Rajdzie Motocyklowym Weteran\u00f3w uczcili\u015bmy pami\u0119\u0107 o \u017co\u0142nierzach, funkcjonariuszach, pracownikach zmar\u0142ych i poleg\u0142ych w misjach i operacjach poza granicami pa\u0144stwa.  W\u015br\u00f3d motocyklist\u00f3w byli \u017co\u0142nierze WP i przedstawiciele innych s\u0142u\u017cb -Policji, Stra\u017cy Po\u017carnej, Stra\u017cy Granicznej, SKW, SWW i SOP. Motocykli\u015bci odwiedzili groby 120 \u017co\u0142nierzy, 5 policjant\u00f3w, funkcjonariusza S\u0142u\u017cby Ochrony Pa\u0144stwa i ratownika medycznego. <\/p>\n\n\n\n<p>Wsp\u00f3lnie z  Dyrektorem Centrum Weterana Dzia\u0142a\u0144 Poza Granicami Pa\u0144stwa &#8211; Panem p\u0142k Szczepanem G\u0142uszczakiem, postanowili\u015bmy uhonorowa\u0107 dyplomami tych kierownik\u00f3w jednostek organizacyjnych Policji, kt\u00f3rzy wykazali si\u0119 empati\u0105 i pomogli organizacyjnie w przygotowaniu wizyt motocyklist\u00f3w odwiedzaj\u0105cych miejsca wiecznego spoczynku policjant\u00f3w poleg\u0142ych na misjach. Na ich mogi\u0142ach z\u0142o\u017cono wi\u0105zanki kwiat\u00f3w i wie\u0144ce oraz zap\u0142on\u0119\u0142y znicze pami\u0119ci. <\/p>\n\n\n\n<p>Podzi\u0119kowania kierujemy do Komendanta Wojew\u00f3dzkiego Policji w \u0141odzi, Komendanta Szko\u0142y Policji w S\u0142upsku, Komendanta Powiatowego Policji w \u017barach, Naczelnika Wydzia\u0142u Organizacji i Dowodzenia Szko\u0142y Policji w S\u0142upsku, Dow\u00f3dcy 73. Batalionu Lekkiej Piechoty WOT oraz Dow\u00f3dcy 18. Batalionu Powietrznodesantowego, kt\u00f3ry nie ogl\u0105daj\u0105c si\u0119 na brak policjant\u00f3w przy mogile podinsp. Bogdana Laskowskiego, przygotowa\u0142 w Bielsku-Bia\u0142ej wspania\u0142\u0105 uroczysto\u015b\u0107 z udzia\u0142em swojego Kapelana.<\/p>\n\n\n\n<p>Bardzo dzi\u0119kuj\u0119 Paniom: rzecznik prasowej  w \u017barach oraz z Wydzia\u0142u Komunikacji Spo\u0142ecznej KWP w \u0141odzi &#8211; dobra robota.<\/p>\n\n\n\n<p>Marek, Prezes<\/p>\n","protected":false},"excerpt":{"rendered":"<p>Po raz drugi uczestnicz\u0105c w II Rajdzie Motocyklowym Weteran\u00f3w uczcili\u015bmy pami\u0119\u0107 o \u017co\u0142nierzach, funkcjonariuszach, pracownikach zmar\u0142ych i poleg\u0142ych w misjach i operacjach poza granicami pa\u0144stwa. W\u015br\u00f3d motocyklist\u00f3w byli \u017co\u0142nierze WP i przedstawiciele innych s\u0142u\u017cb -Policji,&#46;&#46;&#46;<\/p>\n","protected":false},"author":1,"featured_media":4145,"comment_status":"closed","ping_status":"open","sticky":false,"template":"","format":"standard","meta":{"ngg_post_thumbnail":0,"footnotes":""},"categories":[11,9],"tags":[],"_links":{"self":[{"href":"https:\/\/swmsw.pl\/index.php?rest_route=\/wp\/v2\/posts\/4144"}],"collection":[{"href":"https:\/\/swmsw.pl\/index.php?rest_route=\/wp\/v2\/posts"}],"about":[{"href":"https:\/\/swmsw.pl\/index.php?rest_route=\/wp\/v2\/types\/post"}],"author":[{"embeddable":true,"href":"https:\/\/swmsw.pl\/index.php?rest_route=\/wp\/v2\/users\/1"}],"replies":[{"embeddable":true,"href":"https:\/\/swmsw.pl\/index.php?rest_route=%2Fwp%2Fv2%2Fcomments&post=4144"}],"version-history":[{"count":2,"href":"https:\/\/swmsw.pl\/index.php?rest_route=\/wp\/v2\/posts\/4144\/revisions"}],"predecessor-version":[{"id":4148,"href":"https:\/\/swmsw.pl\/index.php?rest_route=\/wp\/v2\/posts\/4144\/revisions\/4148"}],"wp:featuredmedia":[{"embeddable":true,"href":"https:\/\/swmsw.pl\/index.php?rest_route=\/wp\/v2\/media\/4145"}],"wp:attachment":[{"href":"https:\/\/swmsw.pl\/index.php?rest_route=%2Fwp%2Fv2%2Fmedia&parent=4144"}],"wp:term":[{"taxonomy":"category","embeddable":true,"href":"https:\/\/swmsw.pl\/index.php?rest_route=%2Fwp%2Fv2%2Fcategories&post=4144"},{"taxonomy":"post_tag","embeddable":true,"href":"https:\/\/swmsw.pl\/index.php?rest_route=%2Fwp%2Fv2%2Ftags&post=4144"}],"curies":[{"name":"wp","href":"https:\/\/api.w.org\/{rel}","templated":true}]}}