{"id":4139,"date":"2021-06-09T15:28:48","date_gmt":"2021-06-09T15:28:48","guid":{"rendered":"https:\/\/swmsw.pl\/?p=4139"},"modified":"2021-06-09T15:32:11","modified_gmt":"2021-06-09T15:32:11","slug":"okiem-prezesa-olsnienie","status":"publish","type":"post","link":"https:\/\/swmsw.pl\/?p=4139","title":{"rendered":"Okiem Prezesa &#8211; Ol\u015bnienie"},"content":{"rendered":"\n<p>Wr\u00f3ci\u0142em z Krakowa, gdzie uczestniczy\u0142em w obchodach Dnia Weterana Dzia\u0142a\u0144 Poza Granicami Pa\u0144stwa i Mi\u0119dzynarodowego Dnia Uczestnik\u00f3w Misji Pokojowych ONZ. Uroczysto\u015b\u0107 mia\u0142a godny charakter, chocia\u017c z uwagi na COVID odby\u0142a si\u0119 w koszarach 16 batalionu powietrznodesantowego, ale \u017co\u0142nierze dali rad\u0119. Nasza delegacja dost\u0105pi\u0142a zaszczytu wsp\u00f3lnego zdj\u0119cia ze Zwierzchnikiem Si\u0142 Zbrojnych, Prezydentem RP.<\/p>\n\n\n\n<p>Wkr\u00f3tce odb\u0119d\u0105 si\u0119 kolejne obchody Dnia Weterana\u2026 nie to nie pomy\u0142ka\u2026 mam na my\u015bli Dzie\u0144 Weterana\u2026 Walk o Niepodleg\u0142o\u015b\u0107 RP.<\/p>\n\n\n\n<p>O pr\u00f3bach uznania kombatant\u00f3w, os\u00f3b represjonowanych i weteran\u00f3w misji zagranicznych w opracowywanych projektach ustaw za jednolitych odbiorc\u00f3w honorowania ich zas\u0142ug dla Ojczyzny pisa\u0142em ju\u017c w listopadzie 2019 r. &#8211; <a rel=\"noreferrer noopener\" href=\"https:\/\/swmsw.pl\/?p=2246\" target=\"_blank\">https:\/\/swmsw.pl\/?p=2246<\/a><\/p>\n\n\n\n<p>Puentuj\u0105c \u2013 wtedy napisa\u0142em\u2026 <em>Od lat trwa dyskusja na tematy zwi\u0105zane z uprawnieniami kombatant\u00f3w i weteran\u00f3w (poni\u017cej link do ciekawego artyku\u0142u). Wydaje si\u0119, \u017ce Urz\u0105d ds. Kombatant\u00f3w i Os\u00f3b Represjonowanych nie ma interesu w ujednoliceniu uprawnie\u0144 wynikaj\u0105cych z ustaw, Ministerstwo Obrony Narodowej okopa\u0142o si\u0119 \u201ena z g\u00f3ry upatrzonych pozycjach\u201d &nbsp;\u2013 po ci\u0119\u017ckiej pracy nad nowelizacj\u0105 ustawy o weteranach, MSWiA ogl\u0105da si\u0119 na MON\u2026 i tu konkluzja \u2013 tam na g\u00f3rze, w\u015br\u00f3d polityk\u00f3w nie ma podzia\u0142u na Kombatant\u00f3w i Weteran\u00f3w \u2013 chc\u0105 mie\u0107 \u015bwi\u0119ty spok\u00f3j. Czy znajdzie si\u0119 w ko\u0144cu polityk, kt\u00f3ry tupnie nog\u0105 i uregulowane zostanie uhonorowanie\u2026 bez podzia\u0142u na kombatant\u00f3w i weteran\u00f3w, &nbsp;zielonych i niebieskich \u2013 za nasz\u0105 trudn\u0105 s\u0142u\u017cb\u0119 poza granicami pa\u0144stwa i walk\u0119 o demokratyczn\u0105 Polsk\u0119. Decyzja w tej sprawie pilnie potrzebna.<\/em> <a rel=\"noreferrer noopener\" href=\"https:\/\/wkuzielonagora.wp.mil.pl\/u\/PZ_Nr_10_-_Weteran_czy_Kombatant.pdf\" target=\"_blank\">https:\/\/wkuzielonagora.wp.mil.pl\/u\/PZ_Nr_10_-_Weteran_czy_Kombatant.pdf<\/a><\/p>\n\n\n\n<p>To by\u0142a cz\u0119\u015b\u0107 prawdy. B\u0119d\u0105c w po\u0142owie II tomu ksi\u0105\u017cki*, kt\u00f3ra jest zbiorem tekst\u00f3w Ignacego Matuszewskiego**, sp\u0142yn\u0119\u0142o na mnie ol\u015bnienie\u2026 wszystkiemu winien cel polityczny, kt\u00f3rym by\u0142o &#8211; uhonorowanie elektoratu.<\/p>\n\n\n\n<p>Zatem na pr\u00f3\u017cno wskaza\u0142em polityka, kt\u00f3ry mia\u0142 tupn\u0105\u0107 nog\u0105, na pr\u00f3\u017cno wezwa\u0142em do tablicy organy pa\u0144stwowe. Nawet Centrum Weterana Dzia\u0142a\u0144 Poza Granicami Pa\u0144stwa nie dzia\u0142a w tej sprawie, bo\u2026 jest organem podleg\u0142ym MON.<\/p>\n\n\n\n<p>Jak to zrobiono?<\/p>\n\n\n\n<p>Dokonano tego nowelizuj\u0105c w marcu 2014 r. Ustaw\u0119 z dnia 24 stycznia 1991 r. o kombatantach oraz niekt\u00f3rych osobach b\u0119d\u0105cych ofiarami represji wojennych i okresu powojennego\u2026 wprowadzaj\u0105c w \u017cycie Korpus Weteran\u00f3w Walk o Niepodleg\u0142o\u015b\u0107 Rzeczypospolitej Polskiej, a dzie\u0144 1 wrze\u015bnia ustanowiono Dniem Weterana Walk o Niepodleg\u0142o\u015b\u0107 RP.<\/p>\n\n\n\n<p>I \u2026 wszyscy zadowoleni\u2026 Szef Urz\u0119du ds. Kombatant\u00f3w i Os\u00f3b represjonowanych, bo\u2026 by\u0142o ju\u017c krucho z cz\u0142onkami (sic!). Weterani Walk \/\u2026\/, bo uzyskali benefity, z kt\u00f3rych najwa\u017cniejszy to dost\u0119p do Dom\u00f3w Kombatanta i o\u015brodk\u00f3w leczniczych\u2026 rz\u0105dz\u0105cy \u2013 maj\u0105 wierny elektorat&#8230;<\/p>\n\n\n\n<p>Wg Ignacego Matuszewskiego <em>cel polityczny \u2013 to program tego, co pragnie si\u0119 osi\u0105gn\u0105\u0107. Cel strategiczny, to metoda jak cel polityczny utrwali\u0107<\/em> &#8211; dokonano tego skutecznie, honoruj\u0105c siebie niejako przy okazji.<\/p>\n\n\n\n<p>Dlatego\u2026 nie b\u0119d\u0119 ju\u017c pisa\u0142 na ten temat. Jeste\u015bmy bogatym pa\u0144stwem.<\/p>\n\n\n\n<p>Marek, Prezes<\/p>\n\n\n\n<p><em>* <\/em>Tom I nosi tytu\u0142<em> Nie Ma Wolno\u015bci Bez Wielko\u015bci, <\/em>a drugi<em> O Polsk\u0119 Ca\u0142\u0105 Wielk\u0105 i Woln\u0105<\/em>.<\/p>\n\n\n\n<p>**<em>Ignacy Matuszewski (1891-1946) \u2013 oficer wywiadu, literat, polityk, ekonomista, geopolityk i publicysta. Antykomunista! Jego zas\u0142ugi i wielko\u015b\u0107 zosta\u0142y zapomniane \/\u2026\/. Prezentowany wyb\u00f3r tekst\u00f3w z lat 1912-1946 stanowi zdecydowan\u0105 wi\u0119kszo\u015b\u0107 jego dorobku publicystycznego. Apogeum jego politycznej publicystyki przypad\u0142o na lata II wojny \u015bwiatowej. By\u0142 w\u00f3wczas <\/em>\u201e<em>pierwszym pi\u00f3rem<\/em>\u201d<em> sprawy polskiej, budz\u0105cym zgodn\u0105 nienawi\u015b\u0107 Moskwy, Berlina, Londynu i Waszyngtonu.&nbsp;&nbsp;&nbsp;&nbsp;&nbsp;&nbsp;&nbsp;&nbsp;&nbsp;&nbsp;&nbsp;&nbsp;&nbsp;&nbsp;&nbsp;&nbsp;&nbsp;&nbsp;&nbsp;&nbsp;&nbsp;&nbsp;&nbsp;&nbsp;&nbsp;&nbsp;&nbsp;&nbsp;&nbsp;&nbsp;&nbsp;&nbsp;&nbsp;&nbsp;&nbsp;&nbsp;&nbsp;&nbsp;&nbsp;&nbsp;&nbsp;&nbsp;&nbsp;&nbsp;&nbsp;&nbsp;&nbsp;&nbsp;&nbsp;&nbsp;&nbsp;&nbsp;&nbsp;&nbsp;&nbsp;&nbsp;&nbsp;&nbsp;&nbsp;&nbsp;&nbsp;&nbsp;&nbsp;&nbsp;&nbsp;&nbsp;&nbsp;&nbsp;&nbsp;&nbsp;&nbsp;&nbsp;&nbsp;&nbsp;&nbsp;&nbsp;&nbsp;&nbsp;&nbsp;&nbsp;&nbsp;&nbsp;&nbsp;&nbsp;&nbsp;                                                                                                                     &nbsp;&nbsp;&nbsp;&nbsp;&nbsp;&nbsp;&nbsp;&nbsp;                                                                                                           S\u0142awomir Cenckiewicz<\/em><\/p>\n","protected":false},"excerpt":{"rendered":"<p>Wr\u00f3ci\u0142em z Krakowa, gdzie uczestniczy\u0142em w obchodach Dnia Weterana Dzia\u0142a\u0144 Poza Granicami Pa\u0144stwa i Mi\u0119dzynarodowego Dnia Uczestnik\u00f3w Misji Pokojowych ONZ. Uroczysto\u015b\u0107 mia\u0142a godny charakter, chocia\u017c z uwagi na COVID odby\u0142a si\u0119 w koszarach 16 batalionu&#46;&#46;&#46;<\/p>\n","protected":false},"author":1,"featured_media":4142,"comment_status":"closed","ping_status":"open","sticky":false,"template":"","format":"standard","meta":{"ngg_post_thumbnail":0,"footnotes":""},"categories":[17],"tags":[],"_links":{"self":[{"href":"https:\/\/swmsw.pl\/index.php?rest_route=\/wp\/v2\/posts\/4139"}],"collection":[{"href":"https:\/\/swmsw.pl\/index.php?rest_route=\/wp\/v2\/posts"}],"about":[{"href":"https:\/\/swmsw.pl\/index.php?rest_route=\/wp\/v2\/types\/post"}],"author":[{"embeddable":true,"href":"https:\/\/swmsw.pl\/index.php?rest_route=\/wp\/v2\/users\/1"}],"replies":[{"embeddable":true,"href":"https:\/\/swmsw.pl\/index.php?rest_route=%2Fwp%2Fv2%2Fcomments&post=4139"}],"version-history":[{"count":2,"href":"https:\/\/swmsw.pl\/index.php?rest_route=\/wp\/v2\/posts\/4139\/revisions"}],"predecessor-version":[{"id":4143,"href":"https:\/\/swmsw.pl\/index.php?rest_route=\/wp\/v2\/posts\/4139\/revisions\/4143"}],"wp:featuredmedia":[{"embeddable":true,"href":"https:\/\/swmsw.pl\/index.php?rest_route=\/wp\/v2\/media\/4142"}],"wp:attachment":[{"href":"https:\/\/swmsw.pl\/index.php?rest_route=%2Fwp%2Fv2%2Fmedia&parent=4139"}],"wp:term":[{"taxonomy":"category","embeddable":true,"href":"https:\/\/swmsw.pl\/index.php?rest_route=%2Fwp%2Fv2%2Fcategories&post=4139"},{"taxonomy":"post_tag","embeddable":true,"href":"https:\/\/swmsw.pl\/index.php?rest_route=%2Fwp%2Fv2%2Ftags&post=4139"}],"curies":[{"name":"wp","href":"https:\/\/api.w.org\/{rel}","templated":true}]}}