{"id":3971,"date":"2021-04-28T14:40:12","date_gmt":"2021-04-28T14:40:12","guid":{"rendered":"https:\/\/swmsw.pl\/?p=3971"},"modified":"2021-04-28T14:40:14","modified_gmt":"2021-04-28T14:40:14","slug":"obchody-dnia-weterana-przygotowania","status":"publish","type":"post","link":"https:\/\/swmsw.pl\/?p=3971","title":{"rendered":"Obchody &#8222;Dnia Weterana&#8221; &#8211; przygotowania"},"content":{"rendered":"\n<p>Na zaproszenie Dyrektora Centrum Weterana Dzia\u0142a\u0144 Poza Granicami Pa\u0144stwa &#8211; p\u0142k Szczepana G\u0142uszczaka, w dniu 28 kwietnia 2021 r. odby\u0142o si\u0119 spotkanie rady organizacji pozarz\u0105dowych zrzeszaj\u0105cych weteran\u00f3w i rodziny poleg\u0142ych w misjach.<\/p>\n\n\n\n<p>Prezentacja pt. \u201eMaj \u2013 miesi\u0105cem Weterana\u201d, przybli\u017cy\u0142a zebranym przedsi\u0119wzi\u0119cia zwi\u0105zane ze zbli\u017caj\u0105cymi si\u0119 obchodami \u201eDnia Weterana\u201d.<\/p>\n\n\n\n<p>Z uwagi na Covidowe obostrzenia, tegoroczne uroczysto\u015bci dostosowane b\u0119d\u0105 do aktualnych wymog\u00f3w sanitarnych i odb\u0119d\u0105 si\u0119 wzorem ubieg\u0142orocznych, tj. w Katedrze Polowej WP, przed Grobem Nieznanego \u017bo\u0142nierza i Centrum Weterana.<\/p>\n\n\n\n<p>Zakres przedsi\u0119wzi\u0119\u0107 towarzysz\u0105cych obchodom i ich terminy przedstawiono na slajdzie.<\/p>\n\n\n\n<p>Tradycyjnie przed spotkaniem przed Pomnikiem Poleg\u0142ych zapalono znicz.<\/p>\n\n\n\n<figure class=\"wp-block-gallery columns-1 is-cropped wp-block-gallery-1 is-layout-flex wp-block-gallery-is-layout-flex\"><ul class=\"blocks-gallery-grid\"><li class=\"blocks-gallery-item\"><figure><img loading=\"lazy\" decoding=\"async\" width=\"800\" height=\"533\" src=\"https:\/\/swmsw.pl\/wp\/wp-content\/uploads\/2021\/04\/179657353_478551896753109_4512002341017069946_n.jpg\" alt=\"\" data-id=\"3973\" data-full-url=\"https:\/\/swmsw.pl\/wp\/wp-content\/uploads\/2021\/04\/179657353_478551896753109_4512002341017069946_n.jpg\" data-link=\"https:\/\/swmsw.pl\/?attachment_id=3973\" class=\"wp-image-3973\" srcset=\"https:\/\/swmsw.pl\/wp\/wp-content\/uploads\/2021\/04\/179657353_478551896753109_4512002341017069946_n.jpg 800w, https:\/\/swmsw.pl\/wp\/wp-content\/uploads\/2021\/04\/179657353_478551896753109_4512002341017069946_n-600x400.jpg 600w, https:\/\/swmsw.pl\/wp\/wp-content\/uploads\/2021\/04\/179657353_478551896753109_4512002341017069946_n-300x200.jpg 300w, https:\/\/swmsw.pl\/wp\/wp-content\/uploads\/2021\/04\/179657353_478551896753109_4512002341017069946_n-768x512.jpg 768w\" sizes=\"(max-width: 800px) 100vw, 800px\" \/><\/figure><\/li><li class=\"blocks-gallery-item\"><figure><img loading=\"lazy\" decoding=\"async\" width=\"800\" height=\"533\" src=\"https:\/\/swmsw.pl\/wp\/wp-content\/uploads\/2021\/04\/179874183_368572867822857_6390670536033478_n.jpg\" alt=\"\" data-id=\"3972\" data-full-url=\"https:\/\/swmsw.pl\/wp\/wp-content\/uploads\/2021\/04\/179874183_368572867822857_6390670536033478_n.jpg\" data-link=\"https:\/\/swmsw.pl\/?attachment_id=3972\" class=\"wp-image-3972\" srcset=\"https:\/\/swmsw.pl\/wp\/wp-content\/uploads\/2021\/04\/179874183_368572867822857_6390670536033478_n.jpg 800w, https:\/\/swmsw.pl\/wp\/wp-content\/uploads\/2021\/04\/179874183_368572867822857_6390670536033478_n-600x400.jpg 600w, https:\/\/swmsw.pl\/wp\/wp-content\/uploads\/2021\/04\/179874183_368572867822857_6390670536033478_n-300x200.jpg 300w, https:\/\/swmsw.pl\/wp\/wp-content\/uploads\/2021\/04\/179874183_368572867822857_6390670536033478_n-768x512.jpg 768w\" sizes=\"(max-width: 800px) 100vw, 800px\" \/><\/figure><\/li><li class=\"blocks-gallery-item\"><figure><img loading=\"lazy\" decoding=\"async\" width=\"800\" height=\"533\" src=\"https:\/\/swmsw.pl\/wp\/wp-content\/uploads\/2021\/04\/179290684_919276768806103_8481999370876677806_n.jpg\" alt=\"\" data-id=\"3974\" data-full-url=\"https:\/\/swmsw.pl\/wp\/wp-content\/uploads\/2021\/04\/179290684_919276768806103_8481999370876677806_n.jpg\" data-link=\"https:\/\/swmsw.pl\/?attachment_id=3974\" class=\"wp-image-3974\" srcset=\"https:\/\/swmsw.pl\/wp\/wp-content\/uploads\/2021\/04\/179290684_919276768806103_8481999370876677806_n.jpg 800w, https:\/\/swmsw.pl\/wp\/wp-content\/uploads\/2021\/04\/179290684_919276768806103_8481999370876677806_n-600x400.jpg 600w, https:\/\/swmsw.pl\/wp\/wp-content\/uploads\/2021\/04\/179290684_919276768806103_8481999370876677806_n-300x200.jpg 300w, https:\/\/swmsw.pl\/wp\/wp-content\/uploads\/2021\/04\/179290684_919276768806103_8481999370876677806_n-768x512.jpg 768w\" sizes=\"(max-width: 800px) 100vw, 800px\" \/><\/figure><\/li><li class=\"blocks-gallery-item\"><figure><img loading=\"lazy\" decoding=\"async\" width=\"300\" height=\"225\" src=\"https:\/\/swmsw.pl\/wp\/wp-content\/uploads\/2021\/04\/176982333_789680781973372_1927090146259005706_n-300x225.jpg\" alt=\"\" data-id=\"3975\" data-full-url=\"https:\/\/swmsw.pl\/wp\/wp-content\/uploads\/2021\/04\/176982333_789680781973372_1927090146259005706_n.jpg\" data-link=\"https:\/\/swmsw.pl\/?attachment_id=3975\" class=\"wp-image-3975\" srcset=\"https:\/\/swmsw.pl\/wp\/wp-content\/uploads\/2021\/04\/176982333_789680781973372_1927090146259005706_n-300x225.jpg 300w, https:\/\/swmsw.pl\/wp\/wp-content\/uploads\/2021\/04\/176982333_789680781973372_1927090146259005706_n-600x450.jpg 600w, https:\/\/swmsw.pl\/wp\/wp-content\/uploads\/2021\/04\/176982333_789680781973372_1927090146259005706_n.jpg 640w\" sizes=\"(max-width: 300px) 100vw, 300px\" \/><\/figure><\/li><\/ul><\/figure>\n","protected":false},"excerpt":{"rendered":"<p>Na zaproszenie Dyrektora Centrum Weterana Dzia\u0142a\u0144 Poza Granicami Pa\u0144stwa &#8211; p\u0142k Szczepana G\u0142uszczaka, w dniu 28 kwietnia 2021 r. odby\u0142o si\u0119 spotkanie rady organizacji pozarz\u0105dowych zrzeszaj\u0105cych weteran\u00f3w i rodziny poleg\u0142ych w misjach. Prezentacja pt. \u201eMaj&#46;&#46;&#46;<\/p>\n","protected":false},"author":1,"featured_media":3975,"comment_status":"closed","ping_status":"open","sticky":false,"template":"","format":"standard","meta":{"ngg_post_thumbnail":0,"footnotes":""},"categories":[11],"tags":[],"_links":{"self":[{"href":"https:\/\/swmsw.pl\/index.php?rest_route=\/wp\/v2\/posts\/3971"}],"collection":[{"href":"https:\/\/swmsw.pl\/index.php?rest_route=\/wp\/v2\/posts"}],"about":[{"href":"https:\/\/swmsw.pl\/index.php?rest_route=\/wp\/v2\/types\/post"}],"author":[{"embeddable":true,"href":"https:\/\/swmsw.pl\/index.php?rest_route=\/wp\/v2\/users\/1"}],"replies":[{"embeddable":true,"href":"https:\/\/swmsw.pl\/index.php?rest_route=%2Fwp%2Fv2%2Fcomments&post=3971"}],"version-history":[{"count":1,"href":"https:\/\/swmsw.pl\/index.php?rest_route=\/wp\/v2\/posts\/3971\/revisions"}],"predecessor-version":[{"id":3976,"href":"https:\/\/swmsw.pl\/index.php?rest_route=\/wp\/v2\/posts\/3971\/revisions\/3976"}],"wp:featuredmedia":[{"embeddable":true,"href":"https:\/\/swmsw.pl\/index.php?rest_route=\/wp\/v2\/media\/3975"}],"wp:attachment":[{"href":"https:\/\/swmsw.pl\/index.php?rest_route=%2Fwp%2Fv2%2Fmedia&parent=3971"}],"wp:term":[{"taxonomy":"category","embeddable":true,"href":"https:\/\/swmsw.pl\/index.php?rest_route=%2Fwp%2Fv2%2Fcategories&post=3971"},{"taxonomy":"post_tag","embeddable":true,"href":"https:\/\/swmsw.pl\/index.php?rest_route=%2Fwp%2Fv2%2Ftags&post=3971"}],"curies":[{"name":"wp","href":"https:\/\/api.w.org\/{rel}","templated":true}]}}