{"id":3965,"date":"2021-04-26T12:41:06","date_gmt":"2021-04-26T12:41:06","guid":{"rendered":"https:\/\/swmsw.pl\/?p=3965"},"modified":"2021-05-06T19:15:30","modified_gmt":"2021-05-06T19:15:30","slug":"7-ultramaraton-powstanca-1944-2021","status":"publish","type":"post","link":"https:\/\/swmsw.pl\/?p=3965","title":{"rendered":"7. Ultramaraton Powsta\u0144ca 1944-2021"},"content":{"rendered":"\n<p>Kole\u017canki i Koledzy Weterani, oraz Nasi Sympatycy&#8230;<br><br>Pragn\u0119 Was zainteresowa\u0107 7. Ultramaratonem Powsta\u0144ca 1944-2021 org. przez gmin\u0119 Wieliszew, w kt\u00f3rym Stowarzyszenie uczestniczy od lat w ramach projektu WETERANI RP odnosz\u0105c spore sukcesy.<\/p>\n\n\n\n<p>7. Ultramaraton Powsta\u0144ca 1944-2021 odb\u0119dzie si\u0119 w dniu 1 sierpnia 2021 (06:30 \u2013 16:30). W 77. rocznic\u0119 wybuchu Powstania Warszawskiego na wymagaj\u0105cej trasie o d\u0142ugo\u015bci 63 km indywidualnie lub w sztafetach (od 2 do 7 os\u00f3b) zawodnicy b\u0119d\u0105 musieli przeby\u0107 szlak &#8222;kuriera powsta\u0144czego&#8221; i zaliczy\u0107 kolejne punkty kontrolne i punkty zmian, zwi\u0105zane z historycznym szlakiem Polski Walcz\u0105cej.<br>Wzorem ubieg\u0142ych lat, Stowarzyszenie planuje wzi\u0105\u0107 udzia\u0142 w wydarzeniu. Dzi\u015b mamy ju\u017c sztafet\u0119, kt\u00f3ra pobiegnie w 2-osobowym sk\u0142adzie.&nbsp;Do drugiej sztafety, 7-osobowej, mo\u017cna jeszcze do\u0142\u0105czy\u0107. W przypadku wi\u0119kszej ilo\u015bci ch\u0119tnych, jest jeszcze mo\u017cliwo\u015b\u0107 utworzenia kolejnej sztafety WETERANI RP&#8230;. chyba, \u017ce kto\u015b zdecyduje si\u0119 pobiec ca\u0142y ok. 63km dystans. Jestem jak co roku Koordynatorem przedsi\u0119wzi\u0119cia.<br>Marek, Prezes<\/p>\n\n\n\n<p>PS. Z ostatniej chwili&#8230; <\/p>\n\n\n\n<p>Na dzie\u0144 06.05.2021 mamy kompletne 2 sztafety 2-osobowe i jedn\u0105 7-osobow\u0105. Wszystkim zapisanym dzi\u0119kuj\u0119 za odzew i ch\u0119\u0107 wsparcia WETERANI RP w tegorocznym 7. Ultramaratonie Powsta\u0144ca 1944-2021, Marek.<\/p>\n","protected":false},"excerpt":{"rendered":"<p>Kole\u017canki i Koledzy Weterani, oraz Nasi Sympatycy&#8230; Pragn\u0119 Was zainteresowa\u0107 7. Ultramaratonem Powsta\u0144ca 1944-2021 org. przez gmin\u0119 Wieliszew, w kt\u00f3rym Stowarzyszenie uczestniczy od lat w ramach projektu WETERANI RP odnosz\u0105c spore sukcesy. 7. Ultramaraton Powsta\u0144ca&#46;&#46;&#46;<\/p>\n","protected":false},"author":1,"featured_media":3967,"comment_status":"closed","ping_status":"open","sticky":false,"template":"","format":"standard","meta":{"ngg_post_thumbnail":0,"footnotes":""},"categories":[5],"tags":[],"_links":{"self":[{"href":"https:\/\/swmsw.pl\/index.php?rest_route=\/wp\/v2\/posts\/3965"}],"collection":[{"href":"https:\/\/swmsw.pl\/index.php?rest_route=\/wp\/v2\/posts"}],"about":[{"href":"https:\/\/swmsw.pl\/index.php?rest_route=\/wp\/v2\/types\/post"}],"author":[{"embeddable":true,"href":"https:\/\/swmsw.pl\/index.php?rest_route=\/wp\/v2\/users\/1"}],"replies":[{"embeddable":true,"href":"https:\/\/swmsw.pl\/index.php?rest_route=%2Fwp%2Fv2%2Fcomments&post=3965"}],"version-history":[{"count":3,"href":"https:\/\/swmsw.pl\/index.php?rest_route=\/wp\/v2\/posts\/3965\/revisions"}],"predecessor-version":[{"id":3980,"href":"https:\/\/swmsw.pl\/index.php?rest_route=\/wp\/v2\/posts\/3965\/revisions\/3980"}],"wp:featuredmedia":[{"embeddable":true,"href":"https:\/\/swmsw.pl\/index.php?rest_route=\/wp\/v2\/media\/3967"}],"wp:attachment":[{"href":"https:\/\/swmsw.pl\/index.php?rest_route=%2Fwp%2Fv2%2Fmedia&parent=3965"}],"wp:term":[{"taxonomy":"category","embeddable":true,"href":"https:\/\/swmsw.pl\/index.php?rest_route=%2Fwp%2Fv2%2Fcategories&post=3965"},{"taxonomy":"post_tag","embeddable":true,"href":"https:\/\/swmsw.pl\/index.php?rest_route=%2Fwp%2Fv2%2Ftags&post=3965"}],"curies":[{"name":"wp","href":"https:\/\/api.w.org\/{rel}","templated":true}]}}