{"id":3915,"date":"2021-03-29T17:37:19","date_gmt":"2021-03-29T17:37:19","guid":{"rendered":"https:\/\/swmsw.pl\/?p=3915"},"modified":"2021-03-29T17:37:21","modified_gmt":"2021-03-29T17:37:21","slug":"xxxii-rotacja-jednostki-specjalnej-polskiej-policji-w-kosowie","status":"publish","type":"post","link":"https:\/\/swmsw.pl\/?p=3915","title":{"rendered":"XXXII Rotacja Jednostki Specjalnej Polskiej Policji w Kosowie"},"content":{"rendered":"\n<p><strong>17 marca 2021 r. Wydzia\u0142 Misji Zagranicznych i Oficer\u00f3w \u0141\u0105cznikowych Biura Mi\u0119dzynarodowej Wsp\u00f3\u0142pracy Policji KGP przeprowadzi\u0142 kolejn\u0105 rotacj\u0119 Jednostki Specjalnej Polskiej Policji pe\u0142ni\u0105cej s\u0142u\u017cb\u0119 w ramach Misji Unii Europejskiej w zakresie praworz\u0105dno\u015bci w Kosowie (EULEX Kosowo). W tym dniu policjanci XXXII rotacji JSPP zast\u0105pili wracaj\u0105cych do kraju po zako\u0144czeniu delegowania funkcjonariuszy XXXI rotacji JSPP. Obecna zmiana JSPP sk\u0142ada si\u0119 ze 105 policjant\u00f3w, wyselekcjonowanych podczas wieloetapowego procesu naboru i przeszkolonych w zakresie realizacji zada\u0144 w ramach kontyngent\u00f3w policyjnych.<\/strong><\/p>\n\n\n\n<figure class=\"wp-block-image size-full is-resized\"><img loading=\"lazy\" decoding=\"async\" src=\"https:\/\/swmsw.pl\/wp\/wp-content\/uploads\/2021\/03\/1-361264_g.jpg\" alt=\"\" class=\"wp-image-3917\" width=\"449\" height=\"415\" srcset=\"https:\/\/swmsw.pl\/wp\/wp-content\/uploads\/2021\/03\/1-361264_g.jpg 598w, https:\/\/swmsw.pl\/wp\/wp-content\/uploads\/2021\/03\/1-361264_g-300x277.jpg 300w\" sizes=\"(max-width: 449px) 100vw, 449px\" \/><\/figure>\n\n\n\n<p>Podczas szkolenia przygotowuj\u0105cego do s\u0142u\u017cby poza granicami kraju szczeg\u00f3lny nacisk po\u0142o\u017cono na uwzgl\u0119dnienie specyfiki miejsca pe\u0142nienia s\u0142u\u017cby, a tak\u017ce rodzaj zada\u0144 mandatowych misji wykonywanych przez funkcjonariuszy JSPP na terytorium Kosowa.<\/p>\n\n\n\n<p>Z uwagi na panuj\u0105cy stan epidemiczny i zwi\u0105zane z nim ograniczenia, proces szkolenia i wymiany obu rotacji zosta\u0142 przeprowadzony w zgodzie z przepisami obowi\u0105zuj\u0105cego re\u017cimu sanitarnego.&nbsp;&nbsp;<\/p>\n\n\n\n<p>Do zada\u0144 Polskiego Kontyngentu Policyjnego w Kosowie nale\u017cy m.in. pomoc we wzmacnianiu wieloetnicznych s\u0142u\u017cb porz\u0105dku publicznego oraz wspomaganie miejscowych organ\u00f3w odpowiedzialnych za zapewnienie przestrzegania prawa. Policjanci Jednostki Specjalnej Polskiej Policji w Kosowie wykonuj\u0105 zadania zgodne z obowi\u0105zuj\u0105cym mandatem misji EULEX, do kt\u00f3rych nale\u017c\u0105 mi\u0119dzy innymi:<\/p>\n\n\n\n<ul><li>pomoc Policji lokalnej w utrzymywaniu porz\u0105dku i bezpiecze\u0144stwa publicznego poprzez patrolowanie rejon\u00f3w o wysokim stopniu zagro\u017cenia;<\/li><li>konwojowanie przedstawicieli mniejszo\u015bci etnicznych; &nbsp;<\/li><li>zabezpieczanie proces\u00f3w s\u0105dowych o podwy\u017cszonym ryzyku;<\/li><li>w przypadku wyst\u0119powania zamieszek o pod\u0142o\u017cu etnicznym przywracanie porz\u0105dku w formule pododdzia\u0142u zwartego Policji;<\/li><li>dokonywanie zatrzyma\u0144 os\u00f3b podejrzanych o zbrodnie wojenne, kt\u00f3re zosta\u0142y pope\u0142nione w czasie trwania konfliktu kosowskiego.<\/li><\/ul>\n\n\n\n<p>W sk\u0142ad Polskiego Kontyngentu Policyjnego misji EULEX w Kosowie, opr\u00f3cz kolejnych rotacji JSPP, wchodz\u0105 tak\u017ce tzw. eksperci policyjni. S\u0105 to funkcjonariusze polskiej Policji posiadaj\u0105cy szczeg\u00f3ln\u0105 wiedz\u0119 i umiej\u0119tno\u015bci zawodowe wymagane na specjalistycznych stanowiskach w poszczeg\u00f3lnych kom\u00f3rkach misji. Najlepsi spo\u015br\u00f3d funkcjonariuszy wyselekcjonowanych, przeszkolonych i przygotowanych przez Wydzia\u0142 Misji Zagranicznych i Oficer\u00f3w \u0141\u0105cznikowych BMWP KGP, s\u0105 zg\u0142aszani do konkurs\u00f3w na stanowiska eksperckie og\u0142aszane cyklicznie przez misje. Po przej\u015bciu procedury kwalifikacji w Europejskiej S\u0142u\u017cbie Dzia\u0142a\u0144 Zewn\u0119trznych i zwyci\u0119stwie w konkursie, do kt\u00f3rego kandyduj\u0105 r\u00f3wnie\u017c funkcjonariusze z innych kraj\u00f3w europejskich, polscy policjanci pe\u0142ni\u0105 s\u0142u\u017cb\u0119 na samodzielnych stanowiskach misji odpowiadaj\u0105cych ich kwalifikacjom. Warto zaznaczy\u0107, \u017ce Zast\u0119pca Szefa Misji EULEX w Kosowie to r\u00f3wnie\u017c polski policjant insp. Cezary Luba.<\/p>\n\n\n\n<p>Polscy policjanci stanowi\u0105 najwi\u0119ksz\u0105 liczebnie grup\u0119 narodow\u0105 wchodz\u0105c\u0105 w sk\u0142ad misji EULEX. Za profesjonalizm, zaanga\u017cowanie i bezstronno\u015b\u0107, polscy policjanci s\u0105 oceniani wysoko nie tylko przez w\u0142adze misji. Ponad dwudziestoletnia obecno\u015b\u0107 polskiej Policji w Kosowie i jej dzia\u0142ania na rzecz bezpiecze\u0144stwa jego mieszka\u0144c\u00f3w, przek\u0142ada si\u0119 r\u00f3wnie\u017c na uznanie w\u015br\u00f3d spo\u0142ecze\u0144stwa kosowskiego, bez wzgl\u0119du na narodowo\u015b\u0107.<\/p>\n\n\n\n<p>(BMWP KGP) <\/p>\n\n\n\n<p><em>\u0179r\u00f3d\u0142o: Informacyjny Serwis Policyjny <a rel=\"noreferrer noopener\" href=\"https:\/\/isp.policja.pl\/\" target=\"_blank\">https:\/\/isp.policja.pl\/<\/a><\/em><\/p>\n","protected":false},"excerpt":{"rendered":"<p>17 marca 2021 r. Wydzia\u0142 Misji Zagranicznych i Oficer\u00f3w \u0141\u0105cznikowych Biura Mi\u0119dzynarodowej Wsp\u00f3\u0142pracy Policji KGP przeprowadzi\u0142 kolejn\u0105 rotacj\u0119 Jednostki Specjalnej Polskiej Policji pe\u0142ni\u0105cej s\u0142u\u017cb\u0119 w ramach Misji Unii Europejskiej w zakresie praworz\u0105dno\u015bci w Kosowie (EULEX&#46;&#46;&#46;<\/p>\n","protected":false},"author":1,"featured_media":3916,"comment_status":"closed","ping_status":"open","sticky":false,"template":"","format":"standard","meta":{"ngg_post_thumbnail":0,"footnotes":""},"categories":[10],"tags":[],"_links":{"self":[{"href":"https:\/\/swmsw.pl\/index.php?rest_route=\/wp\/v2\/posts\/3915"}],"collection":[{"href":"https:\/\/swmsw.pl\/index.php?rest_route=\/wp\/v2\/posts"}],"about":[{"href":"https:\/\/swmsw.pl\/index.php?rest_route=\/wp\/v2\/types\/post"}],"author":[{"embeddable":true,"href":"https:\/\/swmsw.pl\/index.php?rest_route=\/wp\/v2\/users\/1"}],"replies":[{"embeddable":true,"href":"https:\/\/swmsw.pl\/index.php?rest_route=%2Fwp%2Fv2%2Fcomments&post=3915"}],"version-history":[{"count":1,"href":"https:\/\/swmsw.pl\/index.php?rest_route=\/wp\/v2\/posts\/3915\/revisions"}],"predecessor-version":[{"id":3918,"href":"https:\/\/swmsw.pl\/index.php?rest_route=\/wp\/v2\/posts\/3915\/revisions\/3918"}],"wp:featuredmedia":[{"embeddable":true,"href":"https:\/\/swmsw.pl\/index.php?rest_route=\/wp\/v2\/media\/3916"}],"wp:attachment":[{"href":"https:\/\/swmsw.pl\/index.php?rest_route=%2Fwp%2Fv2%2Fmedia&parent=3915"}],"wp:term":[{"taxonomy":"category","embeddable":true,"href":"https:\/\/swmsw.pl\/index.php?rest_route=%2Fwp%2Fv2%2Fcategories&post=3915"},{"taxonomy":"post_tag","embeddable":true,"href":"https:\/\/swmsw.pl\/index.php?rest_route=%2Fwp%2Fv2%2Ftags&post=3915"}],"curies":[{"name":"wp","href":"https:\/\/api.w.org\/{rel}","templated":true}]}}