{"id":3903,"date":"2021-03-22T16:37:03","date_gmt":"2021-03-22T16:37:03","guid":{"rendered":"https:\/\/swmsw.pl\/?p=3903"},"modified":"2021-09-06T13:43:30","modified_gmt":"2021-09-06T13:43:30","slug":"nie-pozostajemy-obojetni","status":"publish","type":"post","link":"https:\/\/swmsw.pl\/?p=3903","title":{"rendered":"Pomoc przysz\u0142a za p\u00f3\u017ano&#8230;"},"content":{"rendered":"\n<p>Informacja o potrzebie pilnej pomocy ukaza\u0142a si\u0119 na naszym FB w dniu 15 marca 2021 r. \u2026 Rados\u0142aw Flis, pseudo Hiszpan, funkcjonariusz KWP z Lublina, le\u017c\u0105cy w szpitalu na Szaser\u00f3w, potrzebuje osocza krwi ozdrowie\u0144c\u00f3w &#8211; grupa krwi ARh plus.<\/p>\n\n\n\n<p>Na reakcj\u0119 nie trzeba by\u0142o d\u0142ugo czeka\u0107. Weteran Maciej Cichosz, s\u0142u\u017c\u0105cy w Dow\u00f3dztwie Wojsk Obrony Terytorialnej w Zegrzu, udost\u0119pni\u0142 informacj\u0119 \u017bo\u0142nierzom WOT, a  Marcin Zawi\u015blak z dolno\u015bl\u0105skiego ko\u0142a Stowarzyszenia poinformowa\u0142, \u017ce pi\u0119ciu cz\u0142onk\u00f3w klubu honorowych dawc\u00f3w krwi ze Z\u0142otoryi odda\u0142o po 450 ml krwi w Regionalnym Centrum Krwiodawstwa i Krwiolecznictwa (RCKIK) w Legnicy ze wskazaniem potrzebuj\u0105cego. <\/p>\n\n\n\n<p>To dobrze, \u017ce s\u0105 w\u015br\u00f3d nas ludzie na kt\u00f3rych mo\u017cna liczy\u0107&#8230; dzi\u0119kuj\u0119 Wam za dobre serca i ch\u0119\u0107 niesienia pomocy. Nie zawsze jednak zd\u0105\u017cymy, tak by\u0142o tym razem &#8211; dla  Rados\u0142awa Flisa by\u0142o ju\u017c za p\u00f3\u017ano, zmar\u0142. <\/p>\n\n\n\n<p>Spoczywaj w pokoju Kolego. <\/p>\n\n\n\n<figure class=\"wp-block-image size-large\"><img loading=\"lazy\" decoding=\"async\" width=\"300\" height=\"285\" src=\"https:\/\/swmsw.pl\/wp\/wp-content\/uploads\/2021\/03\/163725962_2127383440726480_2428505793252224510_n-300x285.jpg\" alt=\"\" class=\"wp-image-3905\" srcset=\"https:\/\/swmsw.pl\/wp\/wp-content\/uploads\/2021\/03\/163725962_2127383440726480_2428505793252224510_n-300x285.jpg 300w, https:\/\/swmsw.pl\/wp\/wp-content\/uploads\/2021\/03\/163725962_2127383440726480_2428505793252224510_n.jpg 379w\" sizes=\"(max-width: 300px) 100vw, 300px\" \/><\/figure>\n\n\n\n<p><\/p>\n","protected":false},"excerpt":{"rendered":"<p>Informacja o potrzebie pilnej pomocy ukaza\u0142a si\u0119 na naszym FB w dniu 15 marca 2021 r. \u2026 Rados\u0142aw Flis, pseudo Hiszpan, funkcjonariusz KWP z Lublina, le\u017c\u0105cy w szpitalu na Szaser\u00f3w, potrzebuje osocza krwi ozdrowie\u0144c\u00f3w &#8211;&#46;&#46;&#46;<\/p>\n","protected":false},"author":1,"featured_media":3904,"comment_status":"closed","ping_status":"open","sticky":false,"template":"","format":"standard","meta":{"ngg_post_thumbnail":0,"footnotes":""},"categories":[4],"tags":[],"_links":{"self":[{"href":"https:\/\/swmsw.pl\/index.php?rest_route=\/wp\/v2\/posts\/3903"}],"collection":[{"href":"https:\/\/swmsw.pl\/index.php?rest_route=\/wp\/v2\/posts"}],"about":[{"href":"https:\/\/swmsw.pl\/index.php?rest_route=\/wp\/v2\/types\/post"}],"author":[{"embeddable":true,"href":"https:\/\/swmsw.pl\/index.php?rest_route=\/wp\/v2\/users\/1"}],"replies":[{"embeddable":true,"href":"https:\/\/swmsw.pl\/index.php?rest_route=%2Fwp%2Fv2%2Fcomments&post=3903"}],"version-history":[{"count":6,"href":"https:\/\/swmsw.pl\/index.php?rest_route=\/wp\/v2\/posts\/3903\/revisions"}],"predecessor-version":[{"id":3914,"href":"https:\/\/swmsw.pl\/index.php?rest_route=\/wp\/v2\/posts\/3903\/revisions\/3914"}],"wp:featuredmedia":[{"embeddable":true,"href":"https:\/\/swmsw.pl\/index.php?rest_route=\/wp\/v2\/media\/3904"}],"wp:attachment":[{"href":"https:\/\/swmsw.pl\/index.php?rest_route=%2Fwp%2Fv2%2Fmedia&parent=3903"}],"wp:term":[{"taxonomy":"category","embeddable":true,"href":"https:\/\/swmsw.pl\/index.php?rest_route=%2Fwp%2Fv2%2Fcategories&post=3903"},{"taxonomy":"post_tag","embeddable":true,"href":"https:\/\/swmsw.pl\/index.php?rest_route=%2Fwp%2Fv2%2Ftags&post=3903"}],"curies":[{"name":"wp","href":"https:\/\/api.w.org\/{rel}","templated":true}]}}