{"id":3775,"date":"2020-12-30T19:46:15","date_gmt":"2020-12-30T19:46:15","guid":{"rendered":"https:\/\/swmsw.pl\/?p=3775"},"modified":"2020-12-30T21:57:34","modified_gmt":"2020-12-30T21:57:34","slug":"porozumienie-w-sprawie-wspolpracy","status":"publish","type":"post","link":"https:\/\/swmsw.pl\/?p=3775","title":{"rendered":"Porozumienie w sprawie wsp\u00f3\u0142pracy"},"content":{"rendered":"\n<p><strong>W dniu 30 grudnia 2020 r. Komendant G\u0142\u00f3wny Stra\u017cy Granicznej \u2013 gen. dyw. SG Tomasz Praga i Prezes Stowarzyszenia Weteran\u00f3w Dzia\u0142a\u0144 Poza Granicami Rzeczypospolitej Polskiej \u2013 m\u0142. insp. w st. spocz. Marek G\u00f3rnicki podpisali porozumienie w sprawie wsp\u00f3\u0142pracy.<\/strong><\/p>\n\n\n\n<p>&nbsp;W preambule dokumentu &nbsp;napisano &#8211; \u201ePrzekonani o potrzebie propagowania w\u015br\u00f3d spo\u0142ecze\u0144stwa tradycji naszej kontrybucji dla \u015bwiatowego pokoju, podtrzymywania pami\u0119ci o tych, kt\u00f3rzy w imi\u0119 tego, w co wierzyli oddali&nbsp; \u017cycie oraz dzia\u0142aj\u0105c w poczuciu odpowiedzialno\u015bci za kszta\u0142towanie \u015bwiadomo\u015bci historycznej i postaw obywatelskich deklarujemy wzajemn\u0105 wsp\u00f3\u0142prac\u0119 w zakresie\u2026\u201d &nbsp;<\/p>\n\n\n\n<p>\u2026edukowania m\u0142odzie\u017cy szkolnej w organizowanych w szko\u0142ach i uczelniach prelekcjach dot. udzia\u0142u funkcjonariuszy Stra\u017cy Granicznej w misjach zagranicznych i umowach bilateralnych na rzecz \u015bwiatowego pokoju;<\/p>\n\n\n\n<p>tworzenia p\u0142aszczyzny wymiany informacji, wiedzy i do\u015bwiadcze\u0144 pomi\u0119dzy osobami i instytucjami zainteresowanymi tematyk\u0105 misyjn\u0105, w tym udzia\u0142 w&nbsp;szkoleniach przygotowuj\u0105cych do pe\u0142nienia s\u0142u\u017cby poza granic\u0105 RP;<\/p>\n\n\n\n<p>dzia\u0142aniach na rzecz integracji \u015brodowiska weteran\u00f3w;<\/p>\n\n\n\n<p>podtrzymywania i upowszechniania w\u015br\u00f3d spo\u0142ecze\u0144stwa tradycji narodowej, piel\u0119gnowania polsko\u015bci oraz rozwoju \u015bwiadomo\u015bci narodowej, obywatelskiej i kulturowej oraz promowania Rzeczypospolitej Polskiej za granic\u0105.<\/p>\n\n\n\n<p>Powy\u017csze realizowane b\u0119dzie poprzez m.in.: wzajemny udzia\u0142 prelegent\u00f3w Stra\u017cy Granicznej i Stowarzyszenia we wsp\u00f3lnych przedsi\u0119wzi\u0119ciach, w szczeg\u00f3lno\u015bci w konferencjach, odczytach i pogadankach z m\u0142odzie\u017c\u0105; wymian\u0119 do\u015bwiadcze\u0144 wynikaj\u0105cych z odmiennej specyfiki s\u0142u\u017cby w rejonach misji zagranicznych na szkoleniach kandydat\u00f3w do wyjazdu; wspieraniu logistycznym inicjatyw Stowarzyszenia przez Stra\u017c Graniczn\u0105, w tym nieodp\u0142atnego u\u017cyczania lub udost\u0119pniania &nbsp;nieruchomo\u015bci i sprz\u0119tu, w miar\u0119 posiadanych si\u0142 i \u015brodk\u00f3w; nieodp\u0142atne udost\u0119pnianie przez Stowarzyszenie Weteran\u00f3w Dzia\u0142a\u0144 Poza Granicami Rzeczypospolitej Polskiej zbior\u00f3w i kolekcji, w szczeg\u00f3lno\u015bci: dokument\u00f3w, fotografii, odznacze\u0144, przedmiot\u00f3w osobistych, na potrzeby wystaw i ekspozycji dotycz\u0105cych udzia\u0142u funkcjonariuszy Stra\u017cy Granicznej w misjach.<\/p>\n\n\n\n<p>Porozumienie o wsp\u00f3\u0142pracy Stra\u017cy Granicznej i Stowarzyszenia Weteran\u00f3w Dzia\u0142a\u0144 Poza Granicami Rzeczypospolitej Polskiej jest wynikiem uzgodnie\u0144 ukierunkowanych na podj\u0119cie dzia\u0142a\u0144 zmierzaj\u0105cych do okre\u015blenia szczeg\u00f3\u0142owych zasad i form wsp\u00f3\u0142pracy pomi\u0119dzy Stronami.<\/p>\n\n\n\n<p>Panu Komendantowi G\u0142\u00f3wnemu Stra\u017cy Granicznej &#8211; gen. dyw. SG Tomaszowi Praga, \u017cycz\u0119 sukces\u00f3w w dowodzeniu formacj\u0105, a funkcjonariuszom SG pe\u0142ni\u0105cym s\u0142u\u017cb\u0119 poza krajem, powrotu w zdrowiu i poczuciu dobrze spe\u0142nionego obowi\u0105zku.<\/p>\n\n\n\n<p>Marek G\u00f3rnicki, &nbsp;Prezes Zarz\u0105du                                                                                  Stowarzyszenia Weteran\u00f3w Dzia\u0142a\u0144                                                                                                      poza Granicami Rzeczypospolitej Polskiej<\/p>\n","protected":false},"excerpt":{"rendered":"<p>W dniu 30 grudnia 2020 r. Komendant G\u0142\u00f3wny Stra\u017cy Granicznej \u2013 gen. dyw. SG Tomasz Praga i Prezes Stowarzyszenia Weteran\u00f3w Dzia\u0142a\u0144 Poza Granicami Rzeczypospolitej Polskiej \u2013 m\u0142. insp. w st. spocz. Marek G\u00f3rnicki podpisali porozumienie&#46;&#46;&#46;<\/p>\n","protected":false},"author":1,"featured_media":3786,"comment_status":"closed","ping_status":"open","sticky":false,"template":"","format":"standard","meta":{"ngg_post_thumbnail":0,"footnotes":""},"categories":[4],"tags":[],"_links":{"self":[{"href":"https:\/\/swmsw.pl\/index.php?rest_route=\/wp\/v2\/posts\/3775"}],"collection":[{"href":"https:\/\/swmsw.pl\/index.php?rest_route=\/wp\/v2\/posts"}],"about":[{"href":"https:\/\/swmsw.pl\/index.php?rest_route=\/wp\/v2\/types\/post"}],"author":[{"embeddable":true,"href":"https:\/\/swmsw.pl\/index.php?rest_route=\/wp\/v2\/users\/1"}],"replies":[{"embeddable":true,"href":"https:\/\/swmsw.pl\/index.php?rest_route=%2Fwp%2Fv2%2Fcomments&post=3775"}],"version-history":[{"count":4,"href":"https:\/\/swmsw.pl\/index.php?rest_route=\/wp\/v2\/posts\/3775\/revisions"}],"predecessor-version":[{"id":3787,"href":"https:\/\/swmsw.pl\/index.php?rest_route=\/wp\/v2\/posts\/3775\/revisions\/3787"}],"wp:featuredmedia":[{"embeddable":true,"href":"https:\/\/swmsw.pl\/index.php?rest_route=\/wp\/v2\/media\/3786"}],"wp:attachment":[{"href":"https:\/\/swmsw.pl\/index.php?rest_route=%2Fwp%2Fv2%2Fmedia&parent=3775"}],"wp:term":[{"taxonomy":"category","embeddable":true,"href":"https:\/\/swmsw.pl\/index.php?rest_route=%2Fwp%2Fv2%2Fcategories&post=3775"},{"taxonomy":"post_tag","embeddable":true,"href":"https:\/\/swmsw.pl\/index.php?rest_route=%2Fwp%2Fv2%2Ftags&post=3775"}],"curies":[{"name":"wp","href":"https:\/\/api.w.org\/{rel}","templated":true}]}}