{"id":3415,"date":"2020-08-12T07:15:17","date_gmt":"2020-08-12T07:15:17","guid":{"rendered":"https:\/\/swmsw.pl\/?p=3415"},"modified":"2020-08-12T07:17:33","modified_gmt":"2020-08-12T07:17:33","slug":"stanowisko-komendanta-glownego-policji","status":"publish","type":"post","link":"https:\/\/swmsw.pl\/?p=3415","title":{"rendered":"Stanowisko Komendanta G\u0142\u00f3wnego Policji"},"content":{"rendered":"\n<p>Publikujemy odpowied\u017a Komendanta G\u0142\u00f3wnego Policji gen. insp. Jaros\u0142awa Szymczyka w&nbsp;zwi\u0105zku z&nbsp;pismem z&nbsp;dnia 8 sierpnia 2020 r. Pana Borysa Budki, Przewodnicz\u0105cego Klubu Parlamentarnego Koalicja Obywatelska w&nbsp;sprawie dzia\u0142a\u0144 Policji w&nbsp;zwi\u0105zku z&nbsp;protestem w&nbsp;dniu 7 sierpnia 2020 r.<\/p>\n\n\n\n<p><em>\u0179r\u00f3d\u0142o: <\/em><a href=\"https:\/\/nszzp.pl\/\" target=\"_blank\" rel=\"noreferrer noopener\"><em>https:\/\/nszzp.pl\/<\/em><\/a><\/p>\n\n\n\n<figure class=\"wp-block-image size-full\"><img loading=\"lazy\" decoding=\"async\" width=\"560\" height=\"925\" src=\"https:\/\/swmsw.pl\/wp\/wp-content\/uploads\/2020\/08\/Budka_Odpowiedz_KGP_1-1-1.jpg\" alt=\"\" class=\"wp-image-3419\" srcset=\"https:\/\/swmsw.pl\/wp\/wp-content\/uploads\/2020\/08\/Budka_Odpowiedz_KGP_1-1-1.jpg 560w, https:\/\/swmsw.pl\/wp\/wp-content\/uploads\/2020\/08\/Budka_Odpowiedz_KGP_1-1-1-182x300.jpg 182w\" sizes=\"(max-width: 560px) 100vw, 560px\" \/><\/figure>\n\n\n\n<figure class=\"wp-block-image size-full\"><img loading=\"lazy\" decoding=\"async\" width=\"681\" height=\"815\" src=\"https:\/\/swmsw.pl\/wp\/wp-content\/uploads\/2020\/08\/KO_str_1.jpg\" alt=\"\" class=\"wp-image-3418\" srcset=\"https:\/\/swmsw.pl\/wp\/wp-content\/uploads\/2020\/08\/KO_str_1.jpg 681w, https:\/\/swmsw.pl\/wp\/wp-content\/uploads\/2020\/08\/KO_str_1-600x718.jpg 600w, https:\/\/swmsw.pl\/wp\/wp-content\/uploads\/2020\/08\/KO_str_1-251x300.jpg 251w\" sizes=\"(max-width: 681px) 100vw, 681px\" \/><\/figure>\n\n\n\n<figure class=\"wp-block-image size-full\"><img loading=\"lazy\" decoding=\"async\" width=\"667\" height=\"769\" src=\"https:\/\/swmsw.pl\/wp\/wp-content\/uploads\/2020\/08\/KO_str_2.jpg\" alt=\"\" class=\"wp-image-3417\" srcset=\"https:\/\/swmsw.pl\/wp\/wp-content\/uploads\/2020\/08\/KO_str_2.jpg 667w, https:\/\/swmsw.pl\/wp\/wp-content\/uploads\/2020\/08\/KO_str_2-600x692.jpg 600w, https:\/\/swmsw.pl\/wp\/wp-content\/uploads\/2020\/08\/KO_str_2-260x300.jpg 260w\" sizes=\"(max-width: 667px) 100vw, 667px\" \/><\/figure>\n","protected":false},"excerpt":{"rendered":"<p>Publikujemy odpowied\u017a Komendanta G\u0142\u00f3wnego Policji gen. insp. Jaros\u0142awa Szymczyka w&nbsp;zwi\u0105zku z&nbsp;pismem z&nbsp;dnia 8 sierpnia 2020 r. Pana Borysa Budki, Przewodnicz\u0105cego Klubu Parlamentarnego Koalicja Obywatelska w&nbsp;sprawie dzia\u0142a\u0144 Policji w&nbsp;zwi\u0105zku z&nbsp;protestem w&nbsp;dniu 7 sierpnia 2020 r. \u0179r\u00f3d\u0142o:&#46;&#46;&#46;<\/p>\n","protected":false},"author":1,"featured_media":3421,"comment_status":"closed","ping_status":"open","sticky":false,"template":"","format":"standard","meta":{"ngg_post_thumbnail":0,"footnotes":""},"categories":[4],"tags":[],"_links":{"self":[{"href":"https:\/\/swmsw.pl\/index.php?rest_route=\/wp\/v2\/posts\/3415"}],"collection":[{"href":"https:\/\/swmsw.pl\/index.php?rest_route=\/wp\/v2\/posts"}],"about":[{"href":"https:\/\/swmsw.pl\/index.php?rest_route=\/wp\/v2\/types\/post"}],"author":[{"embeddable":true,"href":"https:\/\/swmsw.pl\/index.php?rest_route=\/wp\/v2\/users\/1"}],"replies":[{"embeddable":true,"href":"https:\/\/swmsw.pl\/index.php?rest_route=%2Fwp%2Fv2%2Fcomments&post=3415"}],"version-history":[{"count":2,"href":"https:\/\/swmsw.pl\/index.php?rest_route=\/wp\/v2\/posts\/3415\/revisions"}],"predecessor-version":[{"id":3422,"href":"https:\/\/swmsw.pl\/index.php?rest_route=\/wp\/v2\/posts\/3415\/revisions\/3422"}],"wp:featuredmedia":[{"embeddable":true,"href":"https:\/\/swmsw.pl\/index.php?rest_route=\/wp\/v2\/media\/3421"}],"wp:attachment":[{"href":"https:\/\/swmsw.pl\/index.php?rest_route=%2Fwp%2Fv2%2Fmedia&parent=3415"}],"wp:term":[{"taxonomy":"category","embeddable":true,"href":"https:\/\/swmsw.pl\/index.php?rest_route=%2Fwp%2Fv2%2Fcategories&post=3415"},{"taxonomy":"post_tag","embeddable":true,"href":"https:\/\/swmsw.pl\/index.php?rest_route=%2Fwp%2Fv2%2Ftags&post=3415"}],"curies":[{"name":"wp","href":"https:\/\/api.w.org\/{rel}","templated":true}]}}