{"id":3002,"date":"2020-05-19T18:07:18","date_gmt":"2020-05-19T18:07:18","guid":{"rendered":"https:\/\/swmsw.pl\/?p=3002"},"modified":"2020-05-19T18:13:29","modified_gmt":"2020-05-19T18:13:29","slug":"z-historia-w-tle-rekonesans-w-iraku-5-5-maj-2004","status":"publish","type":"post","link":"https:\/\/swmsw.pl\/?p=3002","title":{"rendered":"Z histori\u0105 w tle\u2026 rekonesans w Iraku (5\/5) \u2013 maj 2004"},"content":{"rendered":"\n<p>Fragment ksi\u0105\u017cki \u201eMisyjne wspomnienia\u201d wydanej w 2013 roku w WSPol w Szczytnie.<\/p>\n\n\n\n<p><strong>Cz\u0119\u015b\u0107 5 \u2013 Powr\u00f3t<\/strong><\/p>\n\n\n\n<p>Trzy honkery i trzy stary 266 tworz\u0105 kolumn\u0119. Pierwszy star nadaje tempo, dymi\u0105c jak cholera &#8211; ju\u017c nie jestem zdziwiony. Na trasie mijamy d\u0142ugie kolumny ameryka\u0144skich transporter\u00f3w opancerzonych. Sprz\u0119t wida\u0107 nowiutki, wyposa\u017cony w kratownice przeciwko pociskom z granatnik\u00f3w. Mam nieodparte wra\u017cenie, \u017ce to przerost formy nad tre\u015bci\u0105. Przeciwnik ju\u017c nie ma takiego uzbrojenia. Czy sko\u0144czy si\u0119 to podobnie jak walka Dawida z Goliatem? &#8211; no nie, chyba si\u0119 zagalopowa\u0142em. W Tallil CASA ju\u017c grza\u0142a silniki. Przy pasie startowym sta\u0142a wygl\u0105daj\u0105ca na zapomnian\u0105 paleta z butelkowan\u0105 wod\u0105. Okaza\u0142a si\u0119 pomocna do obmycia z kurzu. Na chwil\u0119 moj\u0105 uwag\u0119 przyku\u0142 startuj\u0105cy F-16. Z perspektywy oko\u0142o 100 metr\u00f3w my\u015bliwiec nie wygl\u0105da\u0142 imponuj\u0105co. Poszed\u0142 do g\u00f3ry na dopalaczach tak szybko, \u017ce po chwili by\u0142 ju\u017c tylko punkcikiem na niebie. My te\u017c ko\u0142ujemy. CASA zatrzymuje si\u0119. Silniki wyj\u0105 najwy\u017csz\u0105 moc\u0105. Pilot trzyma samolot na hamulcach. Kad\u0142ub dr\u017cy. I ju\u017c\u2026 zaczyna si\u0119 jazda, kr\u00f3tka jazda. Takiego startu jeszcze nie mia\u0142em. W g\u00f3r\u0119 poszli\u015bmy b\u0142yskawicznie. Ci\u015bnienie w uszach i \u017co\u0142\u0105dek daj\u0105 zna\u0107 o sobie. Czy powo\u017c\u0105cy zapatrzy\u0142 si\u0119 na koleg\u0119 z F-a? To \u017cart, wiem przecie\u017c, \u017ce to wzgl\u0119dy bezpiecze\u0144stwa. Nikt nie chce dosta\u0107 rakiet\u0105 z ziemi. Dziewi\u0119\u0107 godzin lotu. Mi\u0119dzyl\u0105dowanie w Turcji i Warszawa. Fajnie jest znowu st\u0105pa\u0107 po polskiej ziemi. <\/p>\n\n\n\n<p>Policjanci, instruktorzy nie wyjechali do Iraku. Na mundurach polowych wyje\u017cd\u017caj\u0105cych na misje odblaskowe napisy POLICJA mimo up\u0142ywu lat \u201eurzepione\u201d nie zosta\u0142y.<\/p>\n\n\n\n<p class=\"has-text-align-left\"><em>Ostatnia cz\u0119\u015b\u0107 wspomnie\u0144 z rekonesansu<\/em> <em>w Camp Babilon<\/em>.<\/p>\n\n\n\n<figure class=\"wp-block-image size-large\"><img loading=\"lazy\" decoding=\"async\" width=\"300\" height=\"225\" src=\"https:\/\/swmsw.pl\/wp\/wp-content\/uploads\/2020\/05\/000_0012-300x225.jpg\" alt=\"\" class=\"wp-image-3003\" srcset=\"https:\/\/swmsw.pl\/wp\/wp-content\/uploads\/2020\/05\/000_0012-300x225.jpg 300w, https:\/\/swmsw.pl\/wp\/wp-content\/uploads\/2020\/05\/000_0012-600x450.jpg 600w, https:\/\/swmsw.pl\/wp\/wp-content\/uploads\/2020\/05\/000_0012-768x576.jpg 768w, https:\/\/swmsw.pl\/wp\/wp-content\/uploads\/2020\/05\/000_0012-1536x1152.jpg 1536w, https:\/\/swmsw.pl\/wp\/wp-content\/uploads\/2020\/05\/000_0012-200x150.jpg 200w, https:\/\/swmsw.pl\/wp\/wp-content\/uploads\/2020\/05\/000_0012.jpg 2032w\" sizes=\"(max-width: 300px) 100vw, 300px\" \/><figcaption><em>Taras Pa\u0142acu Sadama Huseina<\/em><\/figcaption><\/figure>\n\n\n\n<figure class=\"wp-block-image size-large\"><img loading=\"lazy\" decoding=\"async\" width=\"300\" height=\"225\" src=\"https:\/\/swmsw.pl\/wp\/wp-content\/uploads\/2020\/05\/000_0018-300x225.jpg\" alt=\"\" class=\"wp-image-3004\" srcset=\"https:\/\/swmsw.pl\/wp\/wp-content\/uploads\/2020\/05\/000_0018-300x225.jpg 300w, https:\/\/swmsw.pl\/wp\/wp-content\/uploads\/2020\/05\/000_0018-600x450.jpg 600w, https:\/\/swmsw.pl\/wp\/wp-content\/uploads\/2020\/05\/000_0018-768x576.jpg 768w, https:\/\/swmsw.pl\/wp\/wp-content\/uploads\/2020\/05\/000_0018-1536x1152.jpg 1536w, https:\/\/swmsw.pl\/wp\/wp-content\/uploads\/2020\/05\/000_0018-200x150.jpg 200w, https:\/\/swmsw.pl\/wp\/wp-content\/uploads\/2020\/05\/000_0018.jpg 2032w\" sizes=\"(max-width: 300px) 100vw, 300px\" \/><figcaption><em>Ameryka\u0144ska sto\u0142\u00f3wka \u017co\u0142nierska<\/em><\/figcaption><\/figure>\n\n\n\n<div class=\"wp-block-group\"><div class=\"wp-block-group__inner-container is-layout-flow wp-block-group-is-layout-flow\">\n<figure class=\"wp-block-image size-large\"><img loading=\"lazy\" decoding=\"async\" width=\"300\" height=\"225\" src=\"https:\/\/swmsw.pl\/wp\/wp-content\/uploads\/2020\/05\/000_0017-300x225.jpg\" alt=\"\" class=\"wp-image-3005\" srcset=\"https:\/\/swmsw.pl\/wp\/wp-content\/uploads\/2020\/05\/000_0017-300x225.jpg 300w, https:\/\/swmsw.pl\/wp\/wp-content\/uploads\/2020\/05\/000_0017-600x450.jpg 600w, https:\/\/swmsw.pl\/wp\/wp-content\/uploads\/2020\/05\/000_0017-768x576.jpg 768w, https:\/\/swmsw.pl\/wp\/wp-content\/uploads\/2020\/05\/000_0017-1536x1152.jpg 1536w, https:\/\/swmsw.pl\/wp\/wp-content\/uploads\/2020\/05\/000_0017-200x150.jpg 200w, https:\/\/swmsw.pl\/wp\/wp-content\/uploads\/2020\/05\/000_0017.jpg 2032w\" sizes=\"(max-width: 300px) 100vw, 300px\" \/><figcaption><em>Polskie Honkery<\/em><\/figcaption><\/figure>\n<\/div><\/div>\n\n\n\n<p><em>Zdj\u0119cia &#8211; autor<\/em><\/p>\n","protected":false},"excerpt":{"rendered":"<p>Fragment ksi\u0105\u017cki \u201eMisyjne wspomnienia\u201d wydanej w 2013 roku w WSPol w Szczytnie. Cz\u0119\u015b\u0107 5 \u2013 Powr\u00f3t Trzy honkery i trzy stary 266 tworz\u0105 kolumn\u0119. Pierwszy star nadaje tempo, dymi\u0105c jak cholera &#8211; ju\u017c nie jestem&#46;&#46;&#46;<\/p>\n","protected":false},"author":1,"featured_media":3004,"comment_status":"closed","ping_status":"open","sticky":false,"template":"","format":"standard","meta":{"ngg_post_thumbnail":0,"footnotes":""},"categories":[12],"tags":[],"_links":{"self":[{"href":"https:\/\/swmsw.pl\/index.php?rest_route=\/wp\/v2\/posts\/3002"}],"collection":[{"href":"https:\/\/swmsw.pl\/index.php?rest_route=\/wp\/v2\/posts"}],"about":[{"href":"https:\/\/swmsw.pl\/index.php?rest_route=\/wp\/v2\/types\/post"}],"author":[{"embeddable":true,"href":"https:\/\/swmsw.pl\/index.php?rest_route=\/wp\/v2\/users\/1"}],"replies":[{"embeddable":true,"href":"https:\/\/swmsw.pl\/index.php?rest_route=%2Fwp%2Fv2%2Fcomments&post=3002"}],"version-history":[{"count":2,"href":"https:\/\/swmsw.pl\/index.php?rest_route=\/wp\/v2\/posts\/3002\/revisions"}],"predecessor-version":[{"id":3007,"href":"https:\/\/swmsw.pl\/index.php?rest_route=\/wp\/v2\/posts\/3002\/revisions\/3007"}],"wp:featuredmedia":[{"embeddable":true,"href":"https:\/\/swmsw.pl\/index.php?rest_route=\/wp\/v2\/media\/3004"}],"wp:attachment":[{"href":"https:\/\/swmsw.pl\/index.php?rest_route=%2Fwp%2Fv2%2Fmedia&parent=3002"}],"wp:term":[{"taxonomy":"category","embeddable":true,"href":"https:\/\/swmsw.pl\/index.php?rest_route=%2Fwp%2Fv2%2Fcategories&post=3002"},{"taxonomy":"post_tag","embeddable":true,"href":"https:\/\/swmsw.pl\/index.php?rest_route=%2Fwp%2Fv2%2Ftags&post=3002"}],"curies":[{"name":"wp","href":"https:\/\/api.w.org\/{rel}","templated":true}]}}