{"id":2783,"date":"2020-05-02T11:27:23","date_gmt":"2020-05-02T11:27:23","guid":{"rendered":"https:\/\/swmsw.pl\/?p=2783"},"modified":"2020-05-02T12:09:10","modified_gmt":"2020-05-02T12:09:10","slug":"zyczenia-z-okazji-dnia-strazaka","status":"publish","type":"post","link":"https:\/\/swmsw.pl\/?p=2783","title":{"rendered":"\u017byczenia z okazji Dnia Stra\u017caka"},"content":{"rendered":"\n<p>Warszawa, dnia 4 maja 2020 r.<\/p>\n\n\n\n<p>Koledzy Weterani, <\/p>\n\n\n\n<p>Z okazji Dnia Stra\u017caka, wszystkim Funkcjonariuszom Stra\u017cy Po\u017carnej, sk\u0142adam \u017cyczenia pomy\u015blno\u015bci i satysfakcji z wykonywanej s\u0142u\u017cby.<\/p>\n\n\n\n<p>Szczeg\u00f3lny pok\u0142on weteranom &#8211; funkcjonariuszom i weteranom &#8211; funkcjonariuszom w stanie spoczynku &#8211; cz\u0142onkom naszego Stowarzyszenia.<\/p>\n\n\n\n<p>Waszym Rodzinom, podzi\u0119kowania za udzielane wsparcie i zrozumienie dla znaczenia Waszej s\u0142u\u017cby.<\/p>\n\n\n\n<p>Bezpiecznych powrot\u00f3w do dom\u00f3w z ka\u017cdej akcji.<\/p>\n\n\n\n<p>Marek G\u00f3rnicki, Prezes Stowarzyszenia Weteran\u00f3w Dzia\u0142a\u0144 Poza Granicami Rzeczypospolitej Polskiej wraz z Zarz\u0105dem<\/p>\n","protected":false},"excerpt":{"rendered":"<p>Warszawa, dnia 4 maja 2020 r. Koledzy Weterani, Z okazji Dnia Stra\u017caka, wszystkim Funkcjonariuszom Stra\u017cy Po\u017carnej, sk\u0142adam \u017cyczenia pomy\u015blno\u015bci i satysfakcji z wykonywanej s\u0142u\u017cby. Szczeg\u00f3lny pok\u0142on weteranom &#8211; funkcjonariuszom i weteranom &#8211; funkcjonariuszom w stanie&#46;&#46;&#46;<\/p>\n","protected":false},"author":1,"featured_media":2784,"comment_status":"closed","ping_status":"open","sticky":false,"template":"","format":"standard","meta":{"ngg_post_thumbnail":0,"footnotes":""},"categories":[4],"tags":[],"_links":{"self":[{"href":"https:\/\/swmsw.pl\/index.php?rest_route=\/wp\/v2\/posts\/2783"}],"collection":[{"href":"https:\/\/swmsw.pl\/index.php?rest_route=\/wp\/v2\/posts"}],"about":[{"href":"https:\/\/swmsw.pl\/index.php?rest_route=\/wp\/v2\/types\/post"}],"author":[{"embeddable":true,"href":"https:\/\/swmsw.pl\/index.php?rest_route=\/wp\/v2\/users\/1"}],"replies":[{"embeddable":true,"href":"https:\/\/swmsw.pl\/index.php?rest_route=%2Fwp%2Fv2%2Fcomments&post=2783"}],"version-history":[{"count":3,"href":"https:\/\/swmsw.pl\/index.php?rest_route=\/wp\/v2\/posts\/2783\/revisions"}],"predecessor-version":[{"id":2787,"href":"https:\/\/swmsw.pl\/index.php?rest_route=\/wp\/v2\/posts\/2783\/revisions\/2787"}],"wp:featuredmedia":[{"embeddable":true,"href":"https:\/\/swmsw.pl\/index.php?rest_route=\/wp\/v2\/media\/2784"}],"wp:attachment":[{"href":"https:\/\/swmsw.pl\/index.php?rest_route=%2Fwp%2Fv2%2Fmedia&parent=2783"}],"wp:term":[{"taxonomy":"category","embeddable":true,"href":"https:\/\/swmsw.pl\/index.php?rest_route=%2Fwp%2Fv2%2Fcategories&post=2783"},{"taxonomy":"post_tag","embeddable":true,"href":"https:\/\/swmsw.pl\/index.php?rest_route=%2Fwp%2Fv2%2Ftags&post=2783"}],"curies":[{"name":"wp","href":"https:\/\/api.w.org\/{rel}","templated":true}]}}