{"id":2569,"date":"2020-02-29T16:38:18","date_gmt":"2020-02-29T16:38:18","guid":{"rendered":"https:\/\/swmsw.pl\/?p=2569"},"modified":"2020-02-29T18:51:23","modified_gmt":"2020-02-29T18:51:23","slug":"dzien-pamieci-wojny-za-niepodleglosc-moldawii","status":"publish","type":"post","link":"https:\/\/swmsw.pl\/?p=2569","title":{"rendered":"Dzie\u0144 Pami\u0119ci wojny o niepodleg\u0142o\u015b\u0107 Mo\u0142dawii"},"content":{"rendered":"\n<p>Na zaproszenie majora Alic Brighidin\u00a0 ze Stowarzyszenia Wierno\u015b\u0107 Ojczy\u017anie, kt\u00f3re jednoczy weteran\u00f3w wojny o niepodleg\u0142o\u015b\u0107 Mo\u0142dawii reprezentowa\u0142em Stowarzyszenie na\u00a0uroczysto\u015bci z okazji Dnia Pami\u0119ci 28. rocznicy rozpocz\u0119cia wojny o niepodleg\u0142o\u015b\u0107 Mo\u0142dawii. Spotkanie odby\u0142o si\u0119 w Parafii Prawos\u0142awnej pod wezwaniem \u015aw. Jana na warszawskiej Woli. <\/p>\n\n\n\n<p>W uroczysto\u015bci wzi\u0119li udzia\u0142 przedstawiciele wetera\u0144skich stowarzysze\u0144 oraz organizacji Polski Czarny Krzy\u017c.<\/p>\n\n\n\n<p>Po kr\u00f3tkiej mszy w intencji zabitych i poleg\u0142ych w wojnie, uczestniczyli\u015bmy\nw pocz\u0119stunku na kt\u00f3rym serwowano mo\u0142dawskie potrawy i wina &#8211; by\u0142a to okazja do\nwspomnie\u0144.<\/p>\n","protected":false},"excerpt":{"rendered":"<p>Na zaproszenie majora Alic Brighidin\u00a0 ze Stowarzyszenia Wierno\u015b\u0107 Ojczy\u017anie, kt\u00f3re jednoczy weteran\u00f3w wojny o niepodleg\u0142o\u015b\u0107 Mo\u0142dawii reprezentowa\u0142em Stowarzyszenie na\u00a0uroczysto\u015bci z okazji Dnia Pami\u0119ci 28. rocznicy rozpocz\u0119cia wojny o niepodleg\u0142o\u015b\u0107 Mo\u0142dawii. Spotkanie odby\u0142o si\u0119 w Parafii&#46;&#46;&#46;<\/p>\n","protected":false},"author":1,"featured_media":2570,"comment_status":"closed","ping_status":"open","sticky":false,"template":"","format":"standard","meta":{"ngg_post_thumbnail":0,"footnotes":""},"categories":[12],"tags":[],"_links":{"self":[{"href":"https:\/\/swmsw.pl\/index.php?rest_route=\/wp\/v2\/posts\/2569"}],"collection":[{"href":"https:\/\/swmsw.pl\/index.php?rest_route=\/wp\/v2\/posts"}],"about":[{"href":"https:\/\/swmsw.pl\/index.php?rest_route=\/wp\/v2\/types\/post"}],"author":[{"embeddable":true,"href":"https:\/\/swmsw.pl\/index.php?rest_route=\/wp\/v2\/users\/1"}],"replies":[{"embeddable":true,"href":"https:\/\/swmsw.pl\/index.php?rest_route=%2Fwp%2Fv2%2Fcomments&post=2569"}],"version-history":[{"count":5,"href":"https:\/\/swmsw.pl\/index.php?rest_route=\/wp\/v2\/posts\/2569\/revisions"}],"predecessor-version":[{"id":2597,"href":"https:\/\/swmsw.pl\/index.php?rest_route=\/wp\/v2\/posts\/2569\/revisions\/2597"}],"wp:featuredmedia":[{"embeddable":true,"href":"https:\/\/swmsw.pl\/index.php?rest_route=\/wp\/v2\/media\/2570"}],"wp:attachment":[{"href":"https:\/\/swmsw.pl\/index.php?rest_route=%2Fwp%2Fv2%2Fmedia&parent=2569"}],"wp:term":[{"taxonomy":"category","embeddable":true,"href":"https:\/\/swmsw.pl\/index.php?rest_route=%2Fwp%2Fv2%2Fcategories&post=2569"},{"taxonomy":"post_tag","embeddable":true,"href":"https:\/\/swmsw.pl\/index.php?rest_route=%2Fwp%2Fv2%2Ftags&post=2569"}],"curies":[{"name":"wp","href":"https:\/\/api.w.org\/{rel}","templated":true}]}}