{"id":2369,"date":"2020-01-02T10:29:38","date_gmt":"2020-01-02T10:29:38","guid":{"rendered":"https:\/\/swmsw.pl\/?p=2369"},"modified":"2020-05-26T09:42:54","modified_gmt":"2020-05-26T09:42:54","slug":"sp-podinsp-bogdan-laskowski-wspomnienie","status":"publish","type":"post","link":"https:\/\/swmsw.pl\/?p=2369","title":{"rendered":"\u015ap. podinsp. Bogdan Laskowski &#8211; wspomnienie"},"content":{"rendered":"\n<p>\u015ap. podinsp. Bogdan Laskowski,  Dow\u00f3dca Polskiego Kontyngentu Policyjnego misji ONZ w Liberii (UNMIL),  zm. 6 stycznia 2005 r. w Monrowii na malari\u0119 m\u00f3zgow\u0105.<\/p>\n\n\n\n<p>Studiowa\u0142\nna Wydziale Metalurgicznym Politechniki \u015al\u0105skiej uzyskuj\u0105c w 1972 r. tytu\u0142 in\u017cyniera\no specjalno\u015bci \u201emetalurgia metali nie\u017celaznych\u201d. W czasach studenckich nale\u017ca\u0142\ndo Zrzeszenia Student\u00f3w Polskich. O\u017ceni\u0142 si\u0119 w dniu 5 maja 1975 r. Ze zwi\u0105zku\nurodzi\u0142 si\u0119 syn i dwie c\u00f3rki \u2013 bli\u017aniaczki.<\/p>\n\n\n\n<p>Do\ns\u0142u\u017cby w Milicji Obywatelskiej wst\u0105pi\u0142 w dniu 1 grudnia 1975 r. Stopie\u0144\noficerski uzyska\u0142 w dniu 15 czerwca 1978 r. Ca\u0142\u0105\ns\u0142u\u017cb\u0119 pracowa\u0142 w Wydziale Techniki Operacyjnej Komendy Wojew\u00f3dzkiej Policji w\nBielsku \u2013 Bia\u0142ej, a nast\u0119pnie KWP w Katowicach \u2013 delegatura w Bielsku \u2013 Bia\u0142ej.\n<\/p>\n\n\n\n<p>W kwietniu 1993 r. zosta\u0142 delegowany na okres\njednego roku do misji ONZ (UNPROFOR &#8211; Jugos\u0142awia) w charakterze obserwatora\npolicyjnego, w 1995 r. pe\u0142ni\u0142 s\u0142u\u017cb\u0119 w si\u0142ach policyjnych\nONZ (UNIPTF), kt\u00f3re wchodzi\u0142y w sk\u0142ad misji ONZ w Bo\u015bni i\nHercegowinie &#8211; by\u0142 zast\u0119pc\u0105 dow\u00f3dcy kontyngentu.\nDo kraju powr\u00f3ci\u0142 w 1996 r. W\nroku 1997 r. &#8211; ponownie delegowany do pe\u0142nienia s\u0142u\u017cby w polskiej grupie\npolicyjnej UNIPTF, kt\u00f3r\u0105 pe\u0142ni\u0142 do 1998 r. &nbsp;W latach 2000 \u2013 2001 przebywa\u0142 w Albanii w\nramach Multinational Advisory Police Element (MAPE)\n&#8211; operacji Unii Zachodnioeuropejskiej.<\/p>\n\n\n\n<p>Odznaczony\nSrebrnym Krzy\u017cem Zas\u0142ugi, Br\u0105zow\u0105 Odznak\u0105 \u201eZa Zas\u0142ugi w Ochronie Porz\u0105dku\nPublicznego\u201d, Br\u0105zow\u0105 Odznak\u0105 \u201eW S\u0142u\u017cbie Narodu\u201d i medalami ONZ za s\u0142u\u017cb\u0119 w\nimi\u0119 pokoju.<\/p>\n\n\n\n<p>Mianowany po\u015bmiertnie na stopie\u0144 podinspektora Policji w dniu 12 stycznia 2005 r.<\/p>\n\n\n\n<p><em>Fragmenty ksi\u0105\u017cki M.G\u00f3rnicki \u201eMisyjne wspomnienia\u201d (str. 159-161 i 229-230)<\/em><\/p>\n\n\n\n<h5 class=\"wp-block-heading\">Bodek <\/h5>\n\n\n\n<p>Wieloletnia znajomo\u015b\u0107 zaowocowa\u0142a przyja\u017ani\u0105 mi\u0119dzy naszymi rodzinami,\ntak wi\u0119c par\u0119 akapit\u00f3w po\u015bwi\u0119conych mojemu przyjacielowi i jego rodzinie nale\u017cy\nsi\u0119 bez zb\u0119dnych wyja\u015bnie\u0144. Pierwszy raz o tym, jak martwi\u0142 si\u0119 tr\u00f3jk\u0105 swoich\ndzieci (\u0141ukasz i dwie bli\u017aniaczki Maja i Natalia) dostrzeg\u0142em, gdy &#8211; b\u0119d\u0105c na\nmisji &#8211; dowiedzia\u0142 si\u0119, \u017ce syna zatrzyma\u0142a policja za hu\u015btanie si\u0119 na \u0142a\u0144cuchu\nmi\u0119dzy s\u0142upkami\u2026 chyba przy przej\u015bciu dla pieszych. Bzdet, no ewidentny bzdet.\nPewnie ch\u0142opaki sobie jaja robili, wiadomo, by\u0142a to klasa maturalna, a tu\ntrzeba zdawa\u0107 na studia. Martwi\u0142 si\u0119 o \u0141ukasza i to by\u0142o wida\u0107 &#8211; b\u0119d\u0105c za\ngranic\u0105 informacje z kraju zawsze nale\u017c\u0105 do tych z gatunku wra\u017cliwych. Bodek\nuko\u0144czy\u0142 z&nbsp;wyr\u00f3\u017cnieniem Politechnik\u0119 \u015al\u0105sk\u0105 i&nbsp;jak ka\u017cdy rodzic mia\u0142\nwobec dzieci jakie\u015b oczekiwania. Jak si\u0119 wkr\u00f3tce okaza\u0142o, ch\u0142opak dosta\u0142 si\u0119 na\nstudia bez najmniejszego problemu. Bli\u017aniaczki sz\u0142y jak burza i&nbsp;opr\u00f3cz\noch\u00f3w i ach\u00f3w, nie za cz\u0119stych, ale jednak, mniej o nich s\u0142ysza\u0142em, za to\nwidzia\u0142em, \u017ce pannice si\u0119 z nich robi\u0142y, \u017ce a\u017c mi\u0142o by\u0142o popatrze\u0107. Zmartwienia\nojca by\u0142y bezpodstawne. \u0141ukasz uko\u0144czy\u0142 politechnik\u0119. Realizuje si\u0119 naukowo &#8211;\npracuje w Katedrze In\u017cynierii Komputerowej. <\/p>\n\n\n\n<p>Wiadomo\u015b\u0107 o tragicznej \u015bmierci Majki dopad\u0142a mnie, czyni\u0105c spustoszenie\nw&nbsp; resztkach mojej wiary w sprawiedliwo\u015b\u0107 na tym padole \u0142ez i nieszcz\u0119\u015b\u0107\nwszelakich. Wsiedli\u015bmy z Zo\u015bk\u0105 i&nbsp;ch\u0142opakami w poci\u0105g, pojechali\u015bmy do\nBielska-Bia\u0142ej i&nbsp;uczestniczyli\u015bmy w po\u017cegnaniu cudnej dziewczyny, dopiero\nco rozpoczynaj\u0105cej doros\u0142e \u017cycie. Z Jasi\u0105 i Bodkiem przytulali\u015bmy si\u0119, p\u0142acz\u0105c\njak bobry. Mn\u00f3stwo m\u0142odzie\u017cy i&nbsp;zap\u0142akana, \u017cegnaj\u0105ca siostr\u0119 Natalia. <\/p>\n\n\n\n<p>Min\u0119\u0142y dwa lata, Bodeczek przyst\u0105pi\u0142 do post\u0119powania kwalifi kacyjnego,\nprzeszed\u0142 je bez problemu &#8211; no, bo jak nie ja, to kto, ku\u017awa? &#8211; i wyjecha\u0142 do\nLiberii &#8211; by\u0142 dow\u00f3dc\u0105 policyjnego kontyngentu. Okres rocznej s\u0142u\u017cby w misji\nko\u0144czy\u0142 mu si\u0119 za miesi\u0105c. By\u0142 na ostatnim urlopie w&nbsp; kraju. W przeddzie\u0144\nwylotu nocowa\u0142 u nas. Z rozrzewnieniem wspominam jego brudne okulary. Tym razem\nich zapomnia\u0142. Du\u017c\u0105 cze\u015b\u0107 wieczoru po\u015bwi\u0119cili\u015bmy na odwiedzanie aptek, \u017ceby\nkupi\u0107 w\u0142a\u015bciwe jednoraz\u00f3wki. Cieszy\u0142 si\u0119 nimi jak dziecko. Wsp\u00f3lne zdj\u0119cie z\ntego wieczoru ukazuje nas dw\u00f3ch z Jurkiem, moim wiernym psem, Serbem z Nowego\nSadu. Rano odwioz\u0142em Bodka na lotnisko. Odlecia\u0142 do \u201emoja Afryka\u201d. Gdzie\u015b tak\npo dw\u00f3ch tygodniach dostali\u015bmy z Liberii informacj\u0119, \u017ce Bogdan chory na malari\u0119\nle\u017cy w jorda\u0144skim szpitalu polowym. Zadzwoni\u0142em do Jasi, informuj\u0105c j\u0105 o tym,\nco wiedzieli\u015bmy. Nic nie zapowiada\u0142o tragedii, wszak Liberia nie jest krajem\nuznanym przez WHO za malaryczny. \u015amier\u0107 mojego przyjaciela \u015bci\u0119\u0142a mnie z n\u00f3g,\ntak po prostu. Do kraju przylecia\u0142 swoim ostatnim lotem. Na warszawskim Cargo\nklepa\u0142em trumn\u0119 &#8211; rozmawiali\u015bmy sobie. Dotar\u0142o do mnie, \u017ce mam w tym ju\u017c\nniejak\u0105 wpraw\u0119. Znowu przytula\u0142em Jasi\u0119. Ta postawna kobieta by\u0142a cieniem. Do\nBielska-Bia\u0142ej jecha\u0142em razem z Bodziem. Na pogrzebie nie zawiod\u0142a misyjna\ngwardia. \u017begnaj\u0105c si\u0119 z&nbsp;Jasi\u0105 us\u0142ysza\u0142em, \u017ce \u017cyje ju\u017c tylko dla Natalii.\nMarek, ja ju\u017c nie mog\u0119, nie mog\u0119\u2026 <\/p>\n\n\n\n<p>Wiadomo\u015b\u0107 o \u015bmierci Naty, drugiej bli\u017aniaczki, r\u00f3wnie\u017c w wypadku drogowym\nwyda\u0142a mi si\u0119 kpin\u0105. Podtrzymywa\u0142em Jasi\u0119 w ko\u015bciele i za trumn\u0105. Tragedi\u0105 tej\njednej rodziny mo\u017cna by obdzieli\u0107 scenariusze kilku fi lm\u00f3w. Marku, ja nie\nmog\u0119, nie mog\u0119, ju\u017c wi\u0119cej nie mog\u0119\u2026 <\/p>\n\n\n\n<p>Podczas ostatniej unijnej misji przeje\u017cd\u017ca\u0142em przez Bielsko-Bia\u0142\u0105. By\u0142em\nchyba pod specjalnym nadzorem pani sprzedaj\u0105cej kwiaty i znicze, bo relacje z\nmoich wizyt szybko dociera\u0142y do Jasi. Z drugiej strony &#8211; wiedzia\u0142a, \u017ce by\u0142em,\nbo cmentarz sta\u0142 si\u0119 jej drugim domem. Iz dana u dan (powiedzonko Bodka) o\ngodzinie 13 wychodzi\u0142a z pracy i p\u0119dzi\u0142a na cmentarz. Gdy wr\u00f3ci\u0142em do kraju,\nbyli\u015bmy w sta\u0142ym kontakcie telefonicznym. By\u0142a na \u015brodkach uspokajaj\u0105cych. Gdy\ndzwoni\u0142a i czu\u0142em, \u017ce mia\u0142a wyj\u0105tkowego do\u0142a, proponowa\u0142em pomoc psychologa.\nPani\u0105 policyjn\u0105 psycholog z Bielska pozna\u0142em przy okazji pogrzeb\u00f3w &#8211; w tym\nokresie cz\u0119sto do siebie dzwonili\u015bmy. Wystarczy\u0142 jeden telefon i by\u0142a przy\nJasi. Kilkakrotnie wsiada\u0142em w poci\u0105g i jecha\u0142em do Bielska. Sp\u0119dzali\u015bmy dzie\u0144\nna rozmowach. By\u0142em s\u0142uchaczem i w zasadzie nie musia\u0142em si\u0119 odzywa\u0107. W\ns\u0142oneczn\u0105 niedziel\u0119 le\u017cakowa\u0142em na dzia\u0142ce, gdy zadzwoni\u0142a Jasia. M\u00f3wi\u0142a cicho\n&#8211; ostatnio bardzo cicho m\u00f3wi\u0142a, jakby wa\u017c\u0105c ka\u017cde s\u0142owo. Zapyta\u0142em, czy chce\npomocy &#8211; nie, nie chc\u0119, mo\u017ce jutro &#8211; na pewno nie chcesz? &#8211; na pewno.\nRozmawiali\u015bmy kilkana\u015bcie minut. W poniedzia\u0142ek zadzwoni\u0142a psycholog &#8211; czy pan\nju\u017c wie, \u017ce pani Jasia nie \u017cyje\u2026 Pierwsze chwile, wiadomo\u2026 ale p\u00f3\u017aniej\u2026 Jasiu,\nja Ci\u0119, ku\u017awa, rozumiem, bardzo, ale to bardzo Ci\u0119 rozumiem. Rozmawia\u0142em z \u0141ukaszem,\nczeka\u0142em na informacj\u0119 o pogrzebie. Zadzwoni\u0142 o godzinie 10. Pogrzeb mia\u0142 si\u0119\nodby\u0107 o godzinie 13. Cho\u0107bym mia\u0142 si\u0119 zes&#8230; to z Warszawy nie dojad\u0119. Tylko na\nprzejazd przez Raszyn trzeba godziny. Nie dawa\u0142em jednak za wygran\u0105. Przez my\u015bl\nprzelatywa\u0142y kombinacje wszelakich mo\u017cliwo\u015bci. Mo\u017ce na kogutach!!! Podpowiada\u0142a\nkole\u017canka &#8211; powoli schodzi\u0142o ze mnie powietrze &#8211; wystarczy, nie jad\u0119, to\nszale\u0144stwo, to nie ma sensu. \u0141ukaszu, pewnie by\u0142e\u015b zaj\u0119ty i&nbsp;zapomnia\u0142e\u015b.\nAle by\u0142o mi zajebi\u015bcie przykro i&nbsp;przykro jest mi nadal. <\/p>\n\n\n\n<p>Ostatnie wsp\u00f3lne zdj\u0119cie z Bodkiem wisi nade mn\u0105 w pracy. Mam je te\u017c na\nkominku w&nbsp;domu. Podj\u0105\u0142em pr\u00f3b\u0119 upami\u0119tnienia przyjaciela. W Komendzie\nG\u0142\u00f3wnej Policji znajduje si\u0119 tablica z&nbsp; nazwiskami policjant\u00f3w poleg\u0142ych\nna s\u0142u\u017cbie. Okaza\u0142o si\u0119 jednak, \u017ce jego \u015bmier\u0107 nie spe\u0142nia jakiego\u015b tam\nkryterium. A przecie\u017c nikt inny opr\u00f3cz mnie nie wie, jaki mia\u0142e\u015b szacunek dla\nmunduru. Pami\u0119tasz Tw\u00f3j przejazd przez W\u0119gry w mundurze? Pami\u0119tasz jaja, jakie\nz tego wynik\u0142y? Du\u017co my\u015bl\u0119 o moim przyjacielu i zadaj\u0119 sobie mn\u00f3stwo pyta\u0144.\nZawsze sprowadzaj\u0105 si\u0119 do jednego&#8230; dlaczego? <\/p>\n\n\n\n<p>PS Wspomina\u0142em,\n\u017ce dobrze gotowa\u0142? Jego specjalno\u015bci\u0105 by\u0142a faszerowana papryka (punjena\npaprika).<\/p>\n\n\n\n<h5 class=\"wp-block-heading\">Moja\nmisja zako\u0144czona <\/h5>\n\n\n\n<p>O tym, \u017ce bezskutecznie stara\u0142em si\u0119 upami\u0119tni\u0107 Bodeczka\nwpisem do Ksi\u0119gi Pami\u0119ci i umieszczeniem tabliczki epitafijnej na Tablicy\nPami\u0119ci &#8211; ju\u017c pisa\u0142em. Nie ma si\u0119 wi\u0119c co dziwi\u0107, \u017ce pismo przes\u0142ane z Gabinetu\n01 o mo\u017cliwo\u015bci uhonorowania i wyr\u00f3\u017cnienia poleg\u0142ych policjant\u00f3w podczas\nobchod\u00f3w 95. rocznicy powstania Policji zaintrygowa\u0142o mnie do tego stopnia, \u017ce\n\u201ebiegusiem\u201d pojawi\u0142em si\u0119 w pokoju Irka \u2013 Naczelnika. Decyzja mog\u0142a by\u0107 tylko\njedna &#8211; pisz \u201eWniosek\u201d. <\/p>\n\n\n\n<p>Ogarn\u0119\u0142a mnie \u201egor\u0105czka\u201d. W przygotowanie niezb\u0119dnych\ndokument\u00f3w zaanga\u017cowali si\u0119 dobrzy ludzie. Z archiwum KWP w Katowicach \u201ena\ncito\u201d otrzyma\u0142em skany niezb\u0119dnych \u201epapier\u00f3w\u201d. Robert (kolega z pokoju) zaj\u0105\u0142\nsi\u0119 obr\u00f3bk\u0105 graficzn\u0105 zdj\u0119cia \u2013 powsta\u0142o z fotografii na kt\u00f3rej Bodek stoi na\nlotnisku w Monrowii maj\u0105c za sob\u0105 lwa w klatce. Po dw\u00f3ch tygodniach\ndokumentacja by\u0142a gotowa.<\/p>\n\n\n\n<p>Zaproszenie na spotkanie Komisji proceduralnej, maj\u0105cej na\npodstawie zg\u0142oszonych wniosk\u00f3w dokona\u0107 \u201eoceny zasadno\u015bci wyr\u00f3\u017cnienia poleg\u0142ych\npolicjant\u00f3w\u201d w imieniu Przewodnicz\u0105cego Komisji, Pierwszego Zast\u0119pcy Komendanta\nG\u0142\u00f3wnego Policji, przes\u0142a\u0142 Dyrektor Gabinetu KGP (pami\u0119tacie Roberta z Banja\nLuki?). <\/p>\n\n\n\n<p>Do Sali Generalskiej uda\u0142em si\u0119 w bojowym nastroju. Przygotowa\u0142em powi\u0119kszone zdj\u0119cie przyjaciela, gotowy na przemow\u0119 w obronie tej jednej jedynej &#8211; wa\u017cnej tylko \u201edla mnie\u201d postaci. Maj\u0105c kartofla w gardle patrzy\u0142em na przyby\u0142ych \u201ez kraju\u201d oficer\u00f3w. Do om\u00f3wienia mieli\u015bmy 8 wniosk\u00f3w. <\/p>\n\n\n\n<p>Ju\u017c na wst\u0119pie Przewodnicz\u0105cy zaskoczy\u0142 mnie\/nas?\n\u201ePanowie, proponuj\u0119 nie dyskutowa\u0107 na temat \u015bmierci \u2013 kt\u00f3ra jest wa\u017cniejsza\u2026 w\nobliczu tragedii\u2026 &#8211; wnosz\u0119 o zatwierdzenie wszystkich wniosk\u00f3w\u2026 i pierwszy\npodni\u00f3s\u0142 r\u0119k\u0119 do g\u00f3ry\u201d. Sp\u0142yn\u0105\u0142 na mnie spok\u00f3j, kartofel zamieni\u0142 si\u0119 w \u0142zy, kt\u00f3rych\nopanowanie sz\u0142o mi z trudem. Jeszcze tylko odczytanie wszystkich wniosk\u00f3w\u2026\nMusia\u0142em wygl\u0105da\u0107 niespecjalnie, bo Robert gdy wychodzili\u015bmy klepn\u0105\u0142 mnie w\nrami\u0119\u2026 spokojnie \u201edru\u017ce\u201d, spokojnie. <\/p>\n\n\n\n<p>Uroczysto\u015b\u0107 odby\u0142a si\u0119 w Komendzie G\u0142\u00f3wnej Policji.\nZaproszenie Komendanta G\u0142\u00f3wnego Policji przes\u0142a\u0142em \u0141ukaszowi \u2013 przyjecha\u0142 z\n\u017con\u0105 i c\u00f3rk\u0105. Przywi\u00f3z\u0142 te\u017c odnalezione moje misyjne zdj\u0119cia. <\/p>\n\n\n\n<p>Na tym moja radosna tw\u00f3rczo\u015b\u0107 literacka si\u0119 ko\u0144czy. Powiem tylko, \u017ce czuj\u0119 si\u0119 spe\u0142niony. To, co przez lata mnie \u201enakr\u0119ca\u0142o\u201d, nie dawa\u0142o spokoju\u2026 jak b\u00f3l z\u0119ba \u201e\u0107mi\u0142o\u201d &#8211; zrealizowa\u0142em. Czy dobrze?&#8230; nie wiem, ale\u2026 chcia\u0142bym wierzy\u0107\u2026 &#8211; \u017ce tak.<\/p>\n\n\n\n<figure class=\"wp-block-gallery columns-2 is-cropped wp-block-gallery-1 is-layout-flex wp-block-gallery-is-layout-flex\"><ul class=\"blocks-gallery-grid\"><li class=\"blocks-gallery-item\"><figure><img loading=\"lazy\" decoding=\"async\" width=\"300\" height=\"225\" src=\"https:\/\/swmsw.pl\/wp\/wp-content\/uploads\/2020\/05\/Lotnisko-w-Monrowii-300x225.jpg\" alt=\"\" data-id=\"3212\" class=\"wp-image-3212\" srcset=\"https:\/\/swmsw.pl\/wp\/wp-content\/uploads\/2020\/05\/Lotnisko-w-Monrowii-300x225.jpg 300w, https:\/\/swmsw.pl\/wp\/wp-content\/uploads\/2020\/05\/Lotnisko-w-Monrowii-scaled-600x450.jpg 600w, https:\/\/swmsw.pl\/wp\/wp-content\/uploads\/2020\/05\/Lotnisko-w-Monrowii-768x576.jpg 768w, https:\/\/swmsw.pl\/wp\/wp-content\/uploads\/2020\/05\/Lotnisko-w-Monrowii-1536x1152.jpg 1536w, https:\/\/swmsw.pl\/wp\/wp-content\/uploads\/2020\/05\/Lotnisko-w-Monrowii-2048x1536.jpg 2048w\" sizes=\"(max-width: 300px) 100vw, 300px\" \/><figcaption class=\"blocks-gallery-item__caption\">Lotnisko w Monrowii<\/figcaption><\/figure><\/li><li class=\"blocks-gallery-item\"><figure><img loading=\"lazy\" decoding=\"async\" width=\"300\" height=\"227\" src=\"https:\/\/swmsw.pl\/wp\/wp-content\/uploads\/2020\/05\/MG-300x227.jpg\" alt=\"\" data-id=\"3213\" class=\"wp-image-3213\" srcset=\"https:\/\/swmsw.pl\/wp\/wp-content\/uploads\/2020\/05\/MG-300x227.jpg 300w, https:\/\/swmsw.pl\/wp\/wp-content\/uploads\/2020\/05\/MG-600x455.jpg 600w, https:\/\/swmsw.pl\/wp\/wp-content\/uploads\/2020\/05\/MG-768x582.jpg 768w, https:\/\/swmsw.pl\/wp\/wp-content\/uploads\/2020\/05\/MG-1536x1165.jpg 1536w, https:\/\/swmsw.pl\/wp\/wp-content\/uploads\/2020\/05\/MG-2048x1553.jpg 2048w\" sizes=\"(max-width: 300px) 100vw, 300px\" \/><figcaption class=\"blocks-gallery-item__caption\">Dwa tygodnie przed \u015bmierci\u0105<\/figcaption><\/figure><\/li><li class=\"blocks-gallery-item\"><figure><img loading=\"lazy\" decoding=\"async\" width=\"300\" height=\"225\" src=\"https:\/\/swmsw.pl\/wp\/wp-content\/uploads\/2020\/05\/Pami\u0119\u0107-o-Bodeczku-podtrzymuje-A.Walczuk-300x225.jpg\" alt=\"\" data-id=\"3214\" class=\"wp-image-3214\" srcset=\"https:\/\/swmsw.pl\/wp\/wp-content\/uploads\/2020\/05\/Pami\u0119\u0107-o-Bodeczku-podtrzymuje-A.Walczuk-300x225.jpg 300w, https:\/\/swmsw.pl\/wp\/wp-content\/uploads\/2020\/05\/Pami\u0119\u0107-o-Bodeczku-podtrzymuje-A.Walczuk-scaled-600x450.jpg 600w, https:\/\/swmsw.pl\/wp\/wp-content\/uploads\/2020\/05\/Pami\u0119\u0107-o-Bodeczku-podtrzymuje-A.Walczuk-768x576.jpg 768w, https:\/\/swmsw.pl\/wp\/wp-content\/uploads\/2020\/05\/Pami\u0119\u0107-o-Bodeczku-podtrzymuje-A.Walczuk-1536x1152.jpg 1536w, https:\/\/swmsw.pl\/wp\/wp-content\/uploads\/2020\/05\/Pami\u0119\u0107-o-Bodeczku-podtrzymuje-A.Walczuk-2048x1536.jpg 2048w\" sizes=\"(max-width: 300px) 100vw, 300px\" \/><figcaption class=\"blocks-gallery-item__caption\">Pami\u0119\u0107 o Bodeczku podtrzymuje A.Walczuk<\/figcaption><\/figure><\/li><li class=\"blocks-gallery-item\"><figure><img loading=\"lazy\" decoding=\"async\" width=\"300\" height=\"174\" src=\"https:\/\/swmsw.pl\/wp\/wp-content\/uploads\/2020\/05\/tablica-ze-zdj\u0119ciem-300x174.jpg\" alt=\"\" data-id=\"3215\" class=\"wp-image-3215\" srcset=\"https:\/\/swmsw.pl\/wp\/wp-content\/uploads\/2020\/05\/tablica-ze-zdj\u0119ciem-300x174.jpg 300w, https:\/\/swmsw.pl\/wp\/wp-content\/uploads\/2020\/05\/tablica-ze-zdj\u0119ciem-600x349.jpg 600w, https:\/\/swmsw.pl\/wp\/wp-content\/uploads\/2020\/05\/tablica-ze-zdj\u0119ciem-768x447.jpg 768w, https:\/\/swmsw.pl\/wp\/wp-content\/uploads\/2020\/05\/tablica-ze-zdj\u0119ciem-1536x893.jpg 1536w, https:\/\/swmsw.pl\/wp\/wp-content\/uploads\/2020\/05\/tablica-ze-zdj\u0119ciem-2048x1191.jpg 2048w\" sizes=\"(max-width: 300px) 100vw, 300px\" \/><\/figure><\/li><\/ul><\/figure>\n\n\n\n<p>no images were found<\/p>\n","protected":false},"excerpt":{"rendered":"<p>\u015ap. podinsp. Bogdan Laskowski, Dow\u00f3dca Polskiego Kontyngentu Policyjnego misji ONZ w Liberii (UNMIL), zm. 6 stycznia 2005 r. w Monrowii na malari\u0119 m\u00f3zgow\u0105. Studiowa\u0142 na Wydziale Metalurgicznym Politechniki \u015al\u0105skiej uzyskuj\u0105c w 1972 r. tytu\u0142 in\u017cyniera&#46;&#46;&#46;<\/p>\n","protected":false},"author":1,"featured_media":2370,"comment_status":"closed","ping_status":"open","sticky":false,"template":"","format":"standard","meta":{"ngg_post_thumbnail":0,"footnotes":""},"categories":[9],"tags":[],"_links":{"self":[{"href":"https:\/\/swmsw.pl\/index.php?rest_route=\/wp\/v2\/posts\/2369"}],"collection":[{"href":"https:\/\/swmsw.pl\/index.php?rest_route=\/wp\/v2\/posts"}],"about":[{"href":"https:\/\/swmsw.pl\/index.php?rest_route=\/wp\/v2\/types\/post"}],"author":[{"embeddable":true,"href":"https:\/\/swmsw.pl\/index.php?rest_route=\/wp\/v2\/users\/1"}],"replies":[{"embeddable":true,"href":"https:\/\/swmsw.pl\/index.php?rest_route=%2Fwp%2Fv2%2Fcomments&post=2369"}],"version-history":[{"count":8,"href":"https:\/\/swmsw.pl\/index.php?rest_route=\/wp\/v2\/posts\/2369\/revisions"}],"predecessor-version":[{"id":3223,"href":"https:\/\/swmsw.pl\/index.php?rest_route=\/wp\/v2\/posts\/2369\/revisions\/3223"}],"wp:featuredmedia":[{"embeddable":true,"href":"https:\/\/swmsw.pl\/index.php?rest_route=\/wp\/v2\/media\/2370"}],"wp:attachment":[{"href":"https:\/\/swmsw.pl\/index.php?rest_route=%2Fwp%2Fv2%2Fmedia&parent=2369"}],"wp:term":[{"taxonomy":"category","embeddable":true,"href":"https:\/\/swmsw.pl\/index.php?rest_route=%2Fwp%2Fv2%2Fcategories&post=2369"},{"taxonomy":"post_tag","embeddable":true,"href":"https:\/\/swmsw.pl\/index.php?rest_route=%2Fwp%2Fv2%2Ftags&post=2369"}],"curies":[{"name":"wp","href":"https:\/\/api.w.org\/{rel}","templated":true}]}}