{"id":2336,"date":"2019-12-28T09:55:54","date_gmt":"2019-12-28T09:55:54","guid":{"rendered":"https:\/\/swmsw.pl\/?p=2336"},"modified":"2019-12-28T09:55:54","modified_gmt":"2019-12-28T09:55:54","slug":"projekt-weterani-rp-w-2019-roku","status":"publish","type":"post","link":"https:\/\/swmsw.pl\/?p=2336","title":{"rendered":"Projekt Weterani RP w 2019 roku"},"content":{"rendered":"\n<p>kr\u00f3tkie\nprzypomnienie\u2026<\/p>\n\n\n\n<p>\u201e\u2026 jest skierowany do \u015brodowiska weteran\u00f3w\ni naszych sympatyk\u00f3w. <strong>WETERANI RP<\/strong>&nbsp;to pomys\u0142 na promocj\u0119 naszego\n\u015brodowiska, docieraj\u0105cy ponad podzia\u0142ami r\u00f3wnie\u017c do Tych, kt\u00f3rzy nie s\u0105\nstowarzyszeni i do naszych sympatyk\u00f3w. Wirtualny Projekt &nbsp;<strong>WETERANI RP<\/strong>,\nbez prezesa, zb\u0119dnej nadbudowy, sk\u0142adek i papierologii\u2026&nbsp; bezkosztowy\u2026 mo\u017ce\ntylko wydatek na koszulk\u0119 w barwach narodowych z napisem na plecach&nbsp;<strong>WETERANI\n&nbsp;RP\u201d.<\/strong><\/p>\n\n\n\n<p>Dzia\u0142alno\u015b\u0107 charytatywna, biegi:\ncrossowe, uliczne, ku pami\u0119ci, przej\u015bcia g\u00f3rskie, Liga Strzelecka i spotkania z\nm\u0142odzie\u017c\u0105 &#8211; od tego zacz\u0119li\u015bmy.<\/p>\n\n\n\n<p>Du\u017cy udzia\u0142 w promocji Projektu w\u015br\u00f3d\nwetera\u0144skiego \u015brodowiska i naszych sympatyk\u00f3w mia\u0142 artyku\u0142, kt\u00f3ry ukaza\u0142 si\u0119 w miesi\u0119czniku\nPOLICJA 997, z kt\u00f3rego mo\u017cna by\u0142o si\u0119 dowiedzie\u0107 o pomy\u015ble, dedykowanym r\u00f3wnie\u017c\ndo os\u00f3b niestowarzyszonych.<\/p>\n\n\n\n<p>Projekt \u201erozkr\u0119ci\u0142\u201d si\u0119 w styczniu &#8211; z ca\u0142ej\nPolski kilkunastu \u201enaszych\u201d zg\u0142osi\u0142o udzia\u0142 w biegach okoliczno\u015bciowych\nWielkiej Orkiestry \u015awi\u0105tecznej Pomocy.<\/p>\n\n\n\n<p>Uczestniczyli\u015bmy w charytatywnych zbi\u00f3rkach\n\u015brodk\u00f3w na rzecz Fundacji Pomocy Wdowom i Sierotom Po Poleg\u0142ych Policjantach,\nbior\u0105c udzia\u0142 w Balu Oficerskim oraz w czterech edycjach Ligi Strzeleckiej\nFunkcjonariuszy, \u017bo\u0142nierzy i Weteran\u00f3w, w kt\u00f3rych doch\u00f3d z konkurencji\nstrzeleckiej Przyjaci\u00f3\u0142 S\u0142u\u017cb przeznaczony jest na rzecz Fundacji.<\/p>\n\n\n\n<p>Wzi\u0119li\u015bmy udzia\u0142 w Charytatywnym 5.\nBiegu Powstania Styczniowego w Kucharach \u017bydowskich k\/P\u0142o\u0144ska, z kt\u00f3rego doch\u00f3d\nprzeznaczony by\u0142 dla dotkni\u0119tej nieuleczaln\u0105 chorob\u0105 dziewczynki i w projekcie\n\u201eWyprawa po zdrowie dla Jasia na 100-lecie powstania Policji\u201d. Nasz sympatyk\nprzeszed\u0142 wraz z policjantami KMP Tychy, odcinek Kubalonka \u2013 Ustro\u0144, zbieraj\u0105c\n\u015brodki dla ma\u0142ego ch\u0142opca na rehabilitacj\u0119.<\/p>\n\n\n\n<p>Wsp\u00f3\u0142organizowali\u015bmy charytatywne\nOtwarte Zawody Strzeleckie \u201eStrzelamy dla Stasia i Patryka\u201d, finansuj\u0105c je z\ndarowizny PGE Fundacja.<\/p>\n\n\n\n<p>Startowali\u015bmy w kilkudziesi\u0119ciu imprezach sportowych.<\/p>\n\n\n\n<p>Kr\u00f3tkie dystanse:<\/p>\n\n\n\n<ul><li>Przeszkodowy Bieg o Puchar Komendanta\nMiejskiego Policji w Tarnowie,<\/li><li>Sztafetowy Bieg o Puchar Komendanta 3\nRzeszowskiej Brygady LOG, <\/li><li>Wieliszewski Crossing,<\/li><li>IV Bieg z Butelk\u0105 Mleka w Pi\u0105tnicy,<\/li><li>VII Bieg Pami\u0119ci \u017bo\u0142nierzy \u017bandarmerii\nWojskowej im. sier\u017c. Marcina Pastusiaka i kpr. Grzegorza Bukowskiego w Mi\u0144sku\nMazowieckim,<\/li><li>Bieg na Agrykoli na 100-lecie Policji,<\/li><li>Bieg Powstania Warszawskiego,<\/li><li>Marszobieg na Czantori\u0119,<\/li><li>31. Bieg Niepodleg\u0142o\u015bci, kt\u00f3ry\nprzebiegli\u015bmy wraz z cz\u0142onkami &nbsp;Zrzeszenia\nWeteran\u00f3w Dzia\u0142a\u0144 Poza Granicami Pa\u0144stwa.<\/li><\/ul>\n\n\n\n<p>Maratony i p\u00f3\u0142maratony:<\/p>\n\n\n\n<ul><li>III Mistrzostwa Polski S\u0142u\u017cb Mundurowych\nw Ekstremalnym P\u00f3\u0142maratonie G\u00f3rskim,<\/li><li>III P\u00f3\u0142maraton Zegrzy\u0144ski,<\/li><li>XIII Hunters P\u00f3\u0142maraton w Grodzisku\nWielkopolskim,<\/li><li>XV EKO Jurajski P\u00f3\u0142maraton w Rudawie,<\/li><li>Nocny 4F P\u00f3\u0142maraton Praski,<\/li><li>Krempna&nbsp;\nMaguRan 22 i 12 km,<\/li><li>Maraton D\u0119bno,<\/li><li>Orlen Warsaw Maraton,<\/li><li>Maraton w Kijowie,<\/li><\/ul>\n\n\n\n<p>Ekstremalne:<\/p>\n\n\n\n<ul><li>Ultramaraton Powsta\u0144ca 1944 \u2013 2019 ( 63\nkm w sztafetach 2&nbsp; i 6. osobowej)<\/li><li>Ultramaraton WARNELAND \u2013 54 km,<\/li><li>Maraton Komandosa w Lubli\u0144cu,<\/li><li>Wilkowice Biegi 55.95 km,<\/li><li>Dusio\u0142ek G\u00f3rski XVII Rajd \u2013 Wi\u015bniowa, <\/li><li>VI Edycja imprezy g\u00f3rskiej \u201eCh\u0142osta\nBeskidzka\u201d \u2013 rajd 58 km<\/li><\/ul>\n\n\n\n<p>Projekt WETERANI RP dumnie prezentuje\nswoje koszulki na&nbsp; mi\u0119dzynarodowym\nTurnieju S\u0142u\u017cb Mundurowych w Pi\u0142ce No\u017cnej Halowej im. podkom. Andrzeja Struja,\ntragicznie zamar\u0142ego policjanta.<\/p>\n\n\n\n<p>Spektakularne by\u0142o r\u00f3wnie\u017c wej\u015bcie na Mount\nBlanc i przes\u0142anie relacji filmowych z flag\u0105 Stowarzyszenia w roli g\u0142\u00f3wnej.<\/p>\n\n\n\n<p>Uczestnicz\u0105c w imprezach sportowych promujemy\nwetera\u0144skie \u015brodowisko. Charakterystyczne koszulki z napisem WETERANI RP\nwzbudzaj\u0105 zainteresowanie i pytania\u2026 przed startem i biegn\u0105c, mo\u017cna wiele wyja\u015bni\u0107,\nbo\u2026 spo\u0142ecze\u0144stwu brakuje wiedzy, nt. udzia\u0142u s\u0142u\u017cb podleg\u0142ych MSWiA w misjach\nzagranicznych \u2013 s\u0105 one najcz\u0119\u015bciej kojarzone z wojskiem\u2026 <\/p>\n\n\n\n<ul><li>m\u0142odzie\u017c szkolna s\u0142uchaj\u0105c prelekcji nt.\nudzia\u0142u s\u0142u\u017cb podleg\u0142ych ministrowi swia w misjach poza granicami pa\u0144stwa jest\nzaskoczona, gdy m\u00f3wi\u0119 o Pa\u0144stwowej Stra\u017cy Po\u017carnej \u2013 to oni te\u017c ?&#8230; <\/li><li>mylone s\u0105 poj\u0119cia kombatant i weteran &#8211;\nsprawy nie u\u0142atwiaj\u0105 dziennikarze, kt\u00f3rym te\u017c cz\u0119sto myli si\u0119 znaczenie tych s\u0142\u00f3w\n&#8211; a mo\u017ce ?\u2026 wspania\u0142\u0105 prezentacj\u0119 na ten temat, z kt\u00f3r\u0105 Centrum Weterana Dzia\u0142a\u0144\nPoza Granicami Pa\u0144stwa wyst\u0119puje w szko\u0142ach skierowa\u0107 te\u017c do student\u00f3w\ndziennikarstwa ?<\/li><\/ul>\n\n\n\n<p>Specjalne podzi\u0119kowania kieruj\u0119 dla\nweteran\u00f3w nie b\u0119d\u0105cych cz\u0142onkami Stowarzyszenia i sympatyk\u00f3w, kt\u00f3rzy \u201epo\u0142kn\u0119li\u201d\nbakcyla i stanowi\u0105 ko\u0142o nap\u0119dowe Projektu &#8211; to \u201ediamenty\u201d sportowe, bo\u2026 jak nie\nzauwa\u017cy\u0107 Krzysztofa z Biegu Komandosa w Lubli\u0144cu, Paw\u0142a przesy\u0142aj\u0105cego\npozdrowienia z maratonu w Kijowie, czy te\u017c Krzysztofa z Akademii Sportu Medyk\n\u0141om\u017ca.<\/p>\n\n\n\n<p>Zach\u0119cam do przysy\u0142ania informacji z wydarze\u0144,\nw kt\u00f3rych uczestnicz\u0105c identyfikujecie si\u0119 z ide\u0105 Projektu\u2026 Pami\u0119tajcie\u2026 to nie\ntylko bieganie &#8211; przyk\u0142adem jest wej\u015bcie Krzysztofa na Mount Blanc i Dusio\u0142ek\nG\u00f3rski Artura.<\/p>\n\n\n\n<p>Uwa\u017cam, \u017ce projekt WETERANI RP w 2019\nroku spe\u0142ni\u0142 swoje cele i dobrze rokuje na przysz\u0142o\u015b\u0107.<\/p>\n\n\n\n<p>Z wetera\u0144skim pozdrowieniem,<\/p>\n\n\n\n<p>Marek, Prezes<\/p>\n\n\n\n<p>no images were found<\/p>\n","protected":false},"excerpt":{"rendered":"<p>kr\u00f3tkie przypomnienie\u2026 \u201e\u2026 jest skierowany do \u015brodowiska weteran\u00f3w i naszych sympatyk\u00f3w. WETERANI RP&nbsp;to pomys\u0142 na promocj\u0119 naszego \u015brodowiska, docieraj\u0105cy ponad podzia\u0142ami r\u00f3wnie\u017c do Tych, kt\u00f3rzy nie s\u0105 stowarzyszeni i do naszych sympatyk\u00f3w. Wirtualny Projekt &nbsp;WETERANI&#46;&#46;&#46;<\/p>\n","protected":false},"author":1,"featured_media":2367,"comment_status":"closed","ping_status":"open","sticky":false,"template":"","format":"standard","meta":{"ngg_post_thumbnail":0,"footnotes":""},"categories":[5],"tags":[],"_links":{"self":[{"href":"https:\/\/swmsw.pl\/index.php?rest_route=\/wp\/v2\/posts\/2336"}],"collection":[{"href":"https:\/\/swmsw.pl\/index.php?rest_route=\/wp\/v2\/posts"}],"about":[{"href":"https:\/\/swmsw.pl\/index.php?rest_route=\/wp\/v2\/types\/post"}],"author":[{"embeddable":true,"href":"https:\/\/swmsw.pl\/index.php?rest_route=\/wp\/v2\/users\/1"}],"replies":[{"embeddable":true,"href":"https:\/\/swmsw.pl\/index.php?rest_route=%2Fwp%2Fv2%2Fcomments&post=2336"}],"version-history":[{"count":1,"href":"https:\/\/swmsw.pl\/index.php?rest_route=\/wp\/v2\/posts\/2336\/revisions"}],"predecessor-version":[{"id":2368,"href":"https:\/\/swmsw.pl\/index.php?rest_route=\/wp\/v2\/posts\/2336\/revisions\/2368"}],"wp:featuredmedia":[{"embeddable":true,"href":"https:\/\/swmsw.pl\/index.php?rest_route=\/wp\/v2\/media\/2367"}],"wp:attachment":[{"href":"https:\/\/swmsw.pl\/index.php?rest_route=%2Fwp%2Fv2%2Fmedia&parent=2336"}],"wp:term":[{"taxonomy":"category","embeddable":true,"href":"https:\/\/swmsw.pl\/index.php?rest_route=%2Fwp%2Fv2%2Fcategories&post=2336"},{"taxonomy":"post_tag","embeddable":true,"href":"https:\/\/swmsw.pl\/index.php?rest_route=%2Fwp%2Fv2%2Ftags&post=2336"}],"curies":[{"name":"wp","href":"https:\/\/api.w.org\/{rel}","templated":true}]}}