{"id":2321,"date":"2019-12-18T21:07:44","date_gmt":"2019-12-18T21:07:44","guid":{"rendered":"https:\/\/swmsw.pl\/?p=2321"},"modified":"2019-12-18T21:07:44","modified_gmt":"2019-12-18T21:07:44","slug":"spotkanie-w-misji-doradczej-unii-europejskiej-na-ukrainie","status":"publish","type":"post","link":"https:\/\/swmsw.pl\/?p=2321","title":{"rendered":"Spotkanie w Misji Doradczej Unii Europejskiej na Ukrainie"},"content":{"rendered":"\n<p>Mi\u0119dzynarodowe centrum\nkongresowe \u201eDom Ukrai\u0144ski\u201d w Kijowie by\u0142o miejscem spotkania kierownictwa i\npracownik\u00f3w Misji Doradczej Unii Europejskiej na Ukrainie (EUAM Ukraine, 13.12.2019\nr.).<\/p>\n\n\n\n<p>Po wyst\u0105pieniach Antti Juhani\nHartikainena, Szefa Misji, jego Zast\u0119pcy Fredrika Wesslaua oraz Szefowej Sztabu\nMaury O&#8217;Sullivan \u2013 medalami za s\u0142u\u017cb\u0119 w cywilnej misji zarz\u0105dzania kryzysowego odznaczeni\nzostali policjanci i pracownicy Misji, w tym dw\u00f3ch polskich policjant\u00f3w: insp.\nRobert \u017b\u00f3\u0142kiewski, Szef Biura Terenowego Misji w Charkowie oraz podinsp. Pawe\u0142\nKarnas, starszy doradca do spraw kryminalistyki.<\/p>\n\n\n\n<p>Powo\u0142ana w 2014 roku Misja\nza g\u0142\u00f3wny cel ma wspomaganie reformy cywilnego sektora bezpiecze\u0144stwa na Ukrainie,\nzatrudnia ponad 350 os\u00f3b, spo\u015br\u00f3d kt\u00f3rych po\u0142owa to obywatele kraj\u00f3w UE (g\u0142\u00f3wnie\npolicjanci) oraz Kanady, poza g\u0142\u00f3wn\u0105 siedzib\u0105 w Kijowie ma biura terenowe w\nCharkowie, Lwowie i Odessie oraz dwie jednostki mobilne.<\/p>\n\n\n\n<p>Zawo\u0142aniem Misji jest <em>doradza\u0107, by zwi\u0119kszy\u0107 zaufanie<\/em> (<em>Advising for trust<\/em>).<\/p>\n\n\n\n<p>Polski kontyngent to sze\u015bciu policjant\u00f3w (wkr\u00f3tce do\u0142\u0105czy kolejny), pracuj\u0105cych w Kijowie, Charkowie, Lwowie oraz Odessie.<\/p>\n\n\n\n<p>no images were found<\/p>\n","protected":false},"excerpt":{"rendered":"<p>Mi\u0119dzynarodowe centrum kongresowe \u201eDom Ukrai\u0144ski\u201d w Kijowie by\u0142o miejscem spotkania kierownictwa i pracownik\u00f3w Misji Doradczej Unii Europejskiej na Ukrainie (EUAM Ukraine, 13.12.2019 r.). Po wyst\u0105pieniach Antti Juhani Hartikainena, Szefa Misji, jego Zast\u0119pcy Fredrika Wesslaua oraz&#46;&#46;&#46;<\/p>\n","protected":false},"author":1,"featured_media":2322,"comment_status":"closed","ping_status":"open","sticky":false,"template":"","format":"standard","meta":{"ngg_post_thumbnail":0,"footnotes":""},"categories":[10],"tags":[],"_links":{"self":[{"href":"https:\/\/swmsw.pl\/index.php?rest_route=\/wp\/v2\/posts\/2321"}],"collection":[{"href":"https:\/\/swmsw.pl\/index.php?rest_route=\/wp\/v2\/posts"}],"about":[{"href":"https:\/\/swmsw.pl\/index.php?rest_route=\/wp\/v2\/types\/post"}],"author":[{"embeddable":true,"href":"https:\/\/swmsw.pl\/index.php?rest_route=\/wp\/v2\/users\/1"}],"replies":[{"embeddable":true,"href":"https:\/\/swmsw.pl\/index.php?rest_route=%2Fwp%2Fv2%2Fcomments&post=2321"}],"version-history":[{"count":1,"href":"https:\/\/swmsw.pl\/index.php?rest_route=\/wp\/v2\/posts\/2321\/revisions"}],"predecessor-version":[{"id":2323,"href":"https:\/\/swmsw.pl\/index.php?rest_route=\/wp\/v2\/posts\/2321\/revisions\/2323"}],"wp:featuredmedia":[{"embeddable":true,"href":"https:\/\/swmsw.pl\/index.php?rest_route=\/wp\/v2\/media\/2322"}],"wp:attachment":[{"href":"https:\/\/swmsw.pl\/index.php?rest_route=%2Fwp%2Fv2%2Fmedia&parent=2321"}],"wp:term":[{"taxonomy":"category","embeddable":true,"href":"https:\/\/swmsw.pl\/index.php?rest_route=%2Fwp%2Fv2%2Fcategories&post=2321"},{"taxonomy":"post_tag","embeddable":true,"href":"https:\/\/swmsw.pl\/index.php?rest_route=%2Fwp%2Fv2%2Ftags&post=2321"}],"curies":[{"name":"wp","href":"https:\/\/api.w.org\/{rel}","templated":true}]}}