{"id":2246,"date":"2019-11-18T14:55:22","date_gmt":"2019-11-18T14:55:22","guid":{"rendered":"https:\/\/swmsw.pl\/?p=2246"},"modified":"2019-11-28T15:09:34","modified_gmt":"2019-11-28T15:09:34","slug":"okiem-prezesa-3","status":"publish","type":"post","link":"https:\/\/swmsw.pl\/?p=2246","title":{"rendered":"Okiem Prezesa"},"content":{"rendered":"\n<p>Weterani Korpusu &nbsp;Weteran\u00f3w\nWalk o Niepodleg\u0142o\u015b\u0107 RP a Weterani Misji Zagranicznych\u2026dzisiaj \u201dtylko\u201d na\nprzyk\u0142adzie obchod\u00f3w Dnia Weterana\u201d.<\/p>\n\n\n\n<p>Zgodnie z Ustaw\u0105 z dnia 24 stycznia 1991 r. o kombatantach\noraz niekt\u00f3rych osobach b\u0119d\u0105cych ofiarami represji wojennych i okresu\npowojennego &nbsp;&nbsp;Kombatantami\ns\u0105 osoby, kt\u00f3re bra\u0142y udzia\u0142 w wojnach, dzia\u0142aniach zbrojnych i powstaniach\nnarodowych, wchodz\u0105c w sk\u0142ad formacji wojskowych lub organizacji walcz\u0105cych o\nsuwerenno\u015b\u0107 i niepodleg\u0142o\u015b\u0107 Rzeczypospolitej Polskiej.<\/p>\n\n\n\n<p>Nowelizacja wym. Ustawy, z marca 2014 r. m.in. wprowadzi\u0142a w \u017cycie Korpus Weteran\u00f3w Walk o Niepodleg\u0142o\u015b\u0107 Rzeczypospolitej Polskiej, a dzie\u0144 01 wrze\u015bnia ustanowiono Dniem Weterana Walk o Niepodleg\u0142o\u015b\u0107 RP.<\/p>\n\n\n\n<p>Pami\u0119tam jak ze zdziwieniem czyta\u0142em artyku\u0142 o wrze\u015bniowych obchodach\nDnia Weterana, gdy\u017c dziennikarz nie przytoczy\u0142 pe\u0142nej nazwy \u015bwi\u0119ta. Mamy wi\u0119c\nobchody Dnia Weterana Dzia\u0142a\u0144 Poza Granicami Pa\u0144stwa w dniu 29 maja i Dnia Weterana\nWalk o Niepodleg\u0142o\u015b\u0107 Rzeczypospolitej Polskiej w dniu 01 wrze\u015bnia &#8211; skoro \u201emiesza\u201d\nsi\u0119 dziennikarzom ?<\/p>\n\n\n\n<p>\u2026 problem zauwa\u017cy\u0142 Rados\u0142aw Lubczyk (Nowoczesna) podczas prac\nnad projektem nowelizacji Ustawy o Kombatantach \/\u2026\/, kt\u00f3ry zwr\u00f3ci\u0142 uwag\u0119, \u017ce\nprojekt &#8222;jest potrzebny, ale jego klub nie jest w stanie przej\u015b\u0107 obok\npewnych nie\u015bcis\u0142o\u015bci w nim zawartych. Zar\u00f3wno kombatanci, osoby represjonowane,\njak i weterani misji zagranicznych w opracowanych projektach ustaw powinny by\u0107\nbrane pod uwag\u0119 jako jednolity ich odbiorca. Uhonorowanie przywilejami\nwszystkich wymienionych grup powinno by\u0107 ujednolicone, bior\u0105c pod uwag\u0119, \u017ce\nosoby te przyczyni\u0142y si\u0119 i przyczyniaj\u0105 si\u0119 zar\u00f3wno do wolno\u015bci i suwerenno\u015bci\nPolski, jak i bezpiecze\u0144stwa jej obywateli&#8221; \u2013 tak si\u0119 jednak nie\nsta\u0142o.<\/p>\n\n\n\n<p>Od lat trwa dyskusja na tematy zwi\u0105zane z uprawnieniami kombatant\u00f3w i weteran\u00f3w (poni\u017cej link do ciekawego artyku\u0142u). Wydaje si\u0119, \u017ce Urz\u0105d ds. Kombatant\u00f3w i Os\u00f3b Represjonowanych nie ma interesu w ujednoliceniu uprawnie\u0144 wynikaj\u0105cych z ustaw, Ministerstwo Obrony Narodowej okopa\u0142o si\u0119 \u201ena z g\u00f3ry upatrzonych pozycjach\u201d &nbsp;&#8211; po ci\u0119\u017ckiej pracy nad nowelizacj\u0105 ustawy o weteranach, MSWiA ogl\u0105da si\u0119 na MON\u2026 i tu konkluzja \u2013 tam na g\u00f3rze, w\u015br\u00f3d polityk\u00f3w nie ma podzia\u0142u na Kombatant\u00f3w i Weteran\u00f3w \u2013 chc\u0105 mie\u0107 \u015bwi\u0119ty spok\u00f3j. Czy znajdzie si\u0119 w ko\u0144cu polityk, kt\u00f3ry tupnie nog\u0105 i uregulowane zostanie uhonorowanie\u2026 bez podzia\u0142u na kombatant\u00f3w i weteran\u00f3w, &nbsp;zielonych i niebieskich  &#8211; za nasz\u0105 trudn\u0105 s\u0142u\u017cb\u0119 poza granicami pa\u0144stwa i walk\u0119 o demokratyczn\u0105 Polsk\u0119. Decyzja w tej sprawie pilnie potrzebna.<\/p>\n\n\n\n<p> <a rel=\"noreferrer noopener\" aria-label=\" (otwiera si\u0119 na nowej zak\u0142adce)\" href=\"https:\/\/wkuzielonagora.wp.mil.pl\/u\/PZ_Nr_10_-_Weteran_czy_Kombatant.pdf\" target=\"_blank\">https:\/\/wkuzielonagora.wp.mil.pl\/u\/PZ_Nr_10_-_Weteran_czy_Kombatant.pdf<\/a> <\/p>\n\n\n\n<p>no images were found<\/p>\n","protected":false},"excerpt":{"rendered":"<p>Weterani Korpusu &nbsp;Weteran\u00f3w Walk o Niepodleg\u0142o\u015b\u0107 RP a Weterani Misji Zagranicznych\u2026dzisiaj \u201dtylko\u201d na przyk\u0142adzie obchod\u00f3w Dnia Weterana\u201d. Zgodnie z Ustaw\u0105 z dnia 24 stycznia 1991 r. o kombatantach oraz niekt\u00f3rych osobach b\u0119d\u0105cych ofiarami represji wojennych&#46;&#46;&#46;<\/p>\n","protected":false},"author":1,"featured_media":2253,"comment_status":"closed","ping_status":"open","sticky":false,"template":"","format":"standard","meta":{"ngg_post_thumbnail":0,"footnotes":""},"categories":[17],"tags":[],"_links":{"self":[{"href":"https:\/\/swmsw.pl\/index.php?rest_route=\/wp\/v2\/posts\/2246"}],"collection":[{"href":"https:\/\/swmsw.pl\/index.php?rest_route=\/wp\/v2\/posts"}],"about":[{"href":"https:\/\/swmsw.pl\/index.php?rest_route=\/wp\/v2\/types\/post"}],"author":[{"embeddable":true,"href":"https:\/\/swmsw.pl\/index.php?rest_route=\/wp\/v2\/users\/1"}],"replies":[{"embeddable":true,"href":"https:\/\/swmsw.pl\/index.php?rest_route=%2Fwp%2Fv2%2Fcomments&post=2246"}],"version-history":[{"count":2,"href":"https:\/\/swmsw.pl\/index.php?rest_route=\/wp\/v2\/posts\/2246\/revisions"}],"predecessor-version":[{"id":2252,"href":"https:\/\/swmsw.pl\/index.php?rest_route=\/wp\/v2\/posts\/2246\/revisions\/2252"}],"wp:featuredmedia":[{"embeddable":true,"href":"https:\/\/swmsw.pl\/index.php?rest_route=\/wp\/v2\/media\/2253"}],"wp:attachment":[{"href":"https:\/\/swmsw.pl\/index.php?rest_route=%2Fwp%2Fv2%2Fmedia&parent=2246"}],"wp:term":[{"taxonomy":"category","embeddable":true,"href":"https:\/\/swmsw.pl\/index.php?rest_route=%2Fwp%2Fv2%2Fcategories&post=2246"},{"taxonomy":"post_tag","embeddable":true,"href":"https:\/\/swmsw.pl\/index.php?rest_route=%2Fwp%2Fv2%2Ftags&post=2246"}],"curies":[{"name":"wp","href":"https:\/\/api.w.org\/{rel}","templated":true}]}}