{"id":2116,"date":"2019-11-05T15:29:45","date_gmt":"2019-11-05T15:29:45","guid":{"rendered":"https:\/\/swmsw.pl\/?p=2116"},"modified":"2019-11-05T15:37:55","modified_gmt":"2019-11-05T15:37:55","slug":"frontex-tworzy-staly-korpus-europejskiej-strazy-granicznej-i-przybrzeznej-rekrutacja","status":"publish","type":"post","link":"https:\/\/swmsw.pl\/?p=2116","title":{"rendered":"Frontex tworzy sta\u0142y Korpus Europejskiej Stra\u017cy Granicznej i Przybrze\u017cnej &#8211; rekrutacja"},"content":{"rendered":"\n<p>Przez pi\u0119tna\u015bcie lat Europejska Agencja Stra\u017cy Granicznej i Przybrze\u017cnej &#8211; Frontex wspiera\u0142a kraje europejskie na zewn\u0119trznych granicach Wsp\u00f3lnoty. Pomaga\u0142a s\u0142u\u017cbom krajowym w walce z przest\u0119pczo\u015bci\u0105 transgraniczn\u0105 i nielegaln\u0105 migracj\u0105, korzystaj\u0105c przez ten czas z ich zasob\u00f3w: zar\u00f3wno oficer\u00f3w jak i sprz\u0119tu.&nbsp; &nbsp;<\/p>\n\n\n\n<p>To si\u0119 jednak wkr\u00f3tce zmieni. Frontex tworzy bowiem sta\u0142y Korpus Europejskiej Stra\u017cy Granicznej i Przybrze\u017cnej, kt\u00f3ry b\u0119d\u0105 wsp\u00f3\u0142tworzy\u0107&nbsp; funkcjonariusze Frontexu oraz pa\u0144stw cz\u0142onkowskich UE. Ich zadaniem b\u0119dzie wspieranie kraj\u00f3w UE zmagaj\u0105cych si\u0119 z zagro\u017ceniami na granicach zewn\u0119trznych.<\/p>\n\n\n\n<p>Frontex&nbsp; poszukuje najlepszych kandydat\u00f3w do Korpusu Stra\u017cy Granicznej i Przybrze\u017cnej (kategoria 1) &#8211; os\u00f3b z do\u015bwiadczeniem w&nbsp; organach \u015bcigania oraz innych s\u0142u\u017cbach mundurowych (takich jak s\u0142u\u017cby celne, stra\u017c graniczna i przybrze\u017cna, s\u0142u\u017cby ratownicze, cywilnego zarz\u0105dzania kryzysowego, wojskowych itd.) pozostaj\u0105cych w s\u0142u\u017cbie czynnej lub przeniesionych w stan spoczynku.<\/p>\n\n\n\n<p>Pocz\u0105tkowo planowany jest nab\u00f3r ponad 700 kandydat\u00f3w na oficer\u00f3w sta\u0142ego korpusu Frontexu (termin sk\u0142adania wniosk\u00f3w up\u0142ywa 16 grudnia 2019 r.). Zale\u017cnie od posiadanego do\u015bwiadczenia, mog\u0105 oni ubiega\u0107 si\u0119 o stanowiska na trzech szczeblach: podstawowym, \u015brednim lub zaawansowanym.<\/p>\n\n\n\n<p>Korpus b\u0119dzie wspiera\u0107 kraje UE w nast\u0119puj\u0105cych zadaniach:                             <\/p>\n\n\n\n<p>&#8211; kontroli granic l\u0105dowych, morskich i powietrznych,                                            &#8211; monitoringu granic,                                                                                                                 &#8211; zbieraniu i dzieleniu si\u0119 informacjami na temat sytuacji na granicach UE i poza jej obszarem,                                                                                                           &#8211; operacjach poszukiwawczo-ratowniczych,                                                                     &#8211; operacjach powrotowych,                                                                                                    &#8211; zwalczaniu przest\u0119pczo\u015bci transgranicznej, w tym przemytu migrant\u00f3w, oszustw zwi\u0105zanych z fa\u0142szowaniem dokument\u00f3w i terroryzmu.<\/p>\n\n\n\n<p>Wi\u0119kszo\u015b\u0107 funkcjonariuszy korpusu stra\u017cy granicznej Frontexu b\u0119dzie nosi\u0107 mundury, zostanie wyposa\u017cona w bro\u0144 s\u0142u\u017cbow\u0105 i b\u0119dzie mog\u0142a przeprowadza\u0107 weryfikacj\u0119 to\u017csamo\u015bci i obywatelstwa, zezwala\u0107 lub odmawia\u0107 wjazdu do UE oraz patrolowa\u0107 obszar mi\u0119dzy przej\u015bciami granicznymi.<\/p>\n\n\n\n<p>Dodatkowe informacje na temat rekrutacji mo\u017cna znale\u017a\u0107 na stronie internetowej (w j\u0119zyku angielskim): <a rel=\"noreferrer noopener\" aria-label=\" (otwiera si\u0119 na nowej zak\u0142adce)\" href=\"https:\/\/frontex.europa.eu\/about-frontex\/careers\/frontex-border-guard-recruitment\/\" target=\"_blank\">https:\/\/frontex.europa.eu\/about-frontex\/careers\/frontex-border-guard-recruitment\/<\/a><\/p>\n\n\n\n<p>no images were found<\/p>\n","protected":false},"excerpt":{"rendered":"<p>Przez pi\u0119tna\u015bcie lat Europejska Agencja Stra\u017cy Granicznej i Przybrze\u017cnej &#8211; Frontex wspiera\u0142a kraje europejskie na zewn\u0119trznych granicach Wsp\u00f3lnoty. Pomaga\u0142a s\u0142u\u017cbom krajowym w walce z przest\u0119pczo\u015bci\u0105 transgraniczn\u0105 i nielegaln\u0105 migracj\u0105, korzystaj\u0105c przez ten czas z ich&#46;&#46;&#46;<\/p>\n","protected":false},"author":1,"featured_media":2117,"comment_status":"closed","ping_status":"open","sticky":false,"template":"","format":"standard","meta":{"ngg_post_thumbnail":0,"footnotes":""},"categories":[4],"tags":[],"_links":{"self":[{"href":"https:\/\/swmsw.pl\/index.php?rest_route=\/wp\/v2\/posts\/2116"}],"collection":[{"href":"https:\/\/swmsw.pl\/index.php?rest_route=\/wp\/v2\/posts"}],"about":[{"href":"https:\/\/swmsw.pl\/index.php?rest_route=\/wp\/v2\/types\/post"}],"author":[{"embeddable":true,"href":"https:\/\/swmsw.pl\/index.php?rest_route=\/wp\/v2\/users\/1"}],"replies":[{"embeddable":true,"href":"https:\/\/swmsw.pl\/index.php?rest_route=%2Fwp%2Fv2%2Fcomments&post=2116"}],"version-history":[{"count":2,"href":"https:\/\/swmsw.pl\/index.php?rest_route=\/wp\/v2\/posts\/2116\/revisions"}],"predecessor-version":[{"id":2125,"href":"https:\/\/swmsw.pl\/index.php?rest_route=\/wp\/v2\/posts\/2116\/revisions\/2125"}],"wp:featuredmedia":[{"embeddable":true,"href":"https:\/\/swmsw.pl\/index.php?rest_route=\/wp\/v2\/media\/2117"}],"wp:attachment":[{"href":"https:\/\/swmsw.pl\/index.php?rest_route=%2Fwp%2Fv2%2Fmedia&parent=2116"}],"wp:term":[{"taxonomy":"category","embeddable":true,"href":"https:\/\/swmsw.pl\/index.php?rest_route=%2Fwp%2Fv2%2Fcategories&post=2116"},{"taxonomy":"post_tag","embeddable":true,"href":"https:\/\/swmsw.pl\/index.php?rest_route=%2Fwp%2Fv2%2Ftags&post=2116"}],"curies":[{"name":"wp","href":"https:\/\/api.w.org\/{rel}","templated":true}]}}