{"id":2110,"date":"2019-10-27T17:32:25","date_gmt":"2019-10-27T17:32:25","guid":{"rendered":"https:\/\/swmsw.pl\/?p=2110"},"modified":"2019-10-27T17:37:47","modified_gmt":"2019-10-27T17:37:47","slug":"okiem-prezesa-czyliwspomnienie-o-tych-co-odeszli","status":"publish","type":"post","link":"https:\/\/swmsw.pl\/?p=2110","title":{"rendered":"Okiem Prezesa, czyli\u2026wspomnienie o tych co odeszli"},"content":{"rendered":"\n<p>Ciesz\u0119 si\u0119, bardzo ale to bardzo ciesz\u0119 si\u0119, \u017ce\u2026 m\u00f3j tekst z poprzedniego roku jest aktualny\u2026<\/p>\n\n\n\n<p>Kole\u017canki i Koledzy Weterani,<\/p>\n\n\n\n<p>\u201e\u015awi\u0119to Zmar\u0142ych\u201d to dla mnie obrazy przyjaciela i koleg\u00f3w,\nkt\u00f3rych na co dzie\u0144 nosz\u0119 w swoim sercu \u2013 stracili \u017cycie pe\u0142ni\u0105c s\u0142u\u017cb\u0119 w\nkontyngentach policyjnych. Tak si\u0119 z\u0142o\u017cy\u0142o, \u017ce ze wszystkimi by\u0142em razem na\nmisjach pokojowych. <\/p>\n\n\n\n<p>Andrzej Kaczor zgin\u0105\u0142 w zasadzce na patrol ONZ w Kurdystanie\u2026\nzamiast mnie &#8211; by\u0142em na jego dw\u00f3ch pogrzebach w Iraku i trzecim w Polsce. <\/p>\n\n\n\n<p>Jurek Piekarski zgin\u0105\u0142 na Trasie Katowickiej wracaj\u0105c na\nBa\u0142kany z urlopu w kraju\u2026 jaki\u015b skur_ _ _l zawraca\u0142 ci\u0119\u017car\u00f3wk\u0105 na pasie zieleni\nwe mgle \u2013 \u017cegna\u0142em Jerzego w \u0141odzi. <\/p>\n\n\n\n<p>Andrzej Buler zgin\u0105\u0142 w katastrofie \u015bmig\u0142owca pod Fojnic\u0105 \u2013\njego trumn\u0119 wnosi\u0142em na pok\u0142ad samolotu w Sarajewie. <\/p>\n\n\n\n<p>Samoch\u00f3d Andrzeja \u0141ukasi\u0144skiego przygniot\u0142o drzewo\u2026 jecha\u0142\nna urlop do kochanej Rodziny \u2013 do celu mia\u0142 kilkana\u015bcie kilometr\u00f3w. <\/p>\n\n\n\n<p>Bodeczku!!!\u2026 a Ty? Wraca\u0142e\u015b do Liberii\u2026 m\u00f3wi\u0142e\u015b \u201emoja\nkochana Afryka\u201d\u2026 do ko\u0144ca misji mia\u0142e\u015b dwa tygodnie\u2026 dopad\u0142a Ci\u0119 malaria \u2013 do\ndzisiaj nie mog\u0119 si\u0119 pozbiera\u0107\u2026 szli\u015bmy z Jasi\u0105 za Twoj\u0105 trumn\u0105\u2026 hm\u2026Ten \u015awiat\njest jaki\u015b poje_ _ny, ale wiem, \u017ce czuwasz nade mn\u0105, chocia\u017c \u2013 niepotrzebnie tak\nszybko poci\u0105gn\u0105\u0142e\u015b Jasi\u0119 za sob\u0105. <br>\n<br>\n<\/p>\n\n\n\n<p>Pami\u0119tam, jak w Wydziale Kontyngent\u00f3w Policyjnych trzymali\u015bmy kciuki za policjant\u00f3w Jednostki Specjalnej Polskiej Policji podczas \u201ewydarze\u0144\u201d na mo\u015bcie w Mitrowicy i przed s\u0105dem w Mitrowicy. Rany odnios\u0142o wtedy po kilkudziesi\u0119ciu ch\u0142opak\u00f3w &#8211; naszych ch\u0142opak\u00f3w &#8211; Polak\u00f3w \u2013 nikt nie zgin\u0105\u0142. <\/p>\n\n\n\n<p>Bodeczek by powiedzia\u0142\u2026 \u201eKu\u017awa! Panie i Panowie Misjanci \u2013\ntak trzyma\u0107, ku\u017awa!\u2026 tak trzyma\u0107\u201d \u2026cholernie si\u0119 z Tob\u0105, Bodeczku, zgadzam.<\/p>\n\n\n\n<p>Marek, Prezes <\/p>\n","protected":false},"excerpt":{"rendered":"<p>Ciesz\u0119 si\u0119, bardzo ale to bardzo ciesz\u0119 si\u0119, \u017ce\u2026 m\u00f3j tekst z poprzedniego roku jest aktualny\u2026 Kole\u017canki i Koledzy Weterani, \u201e\u015awi\u0119to Zmar\u0142ych\u201d to dla mnie obrazy przyjaciela i koleg\u00f3w, kt\u00f3rych na co dzie\u0144 nosz\u0119 w&#46;&#46;&#46;<\/p>\n","protected":false},"author":1,"featured_media":1295,"comment_status":"closed","ping_status":"open","sticky":false,"template":"","format":"standard","meta":{"ngg_post_thumbnail":0,"footnotes":""},"categories":[9],"tags":[],"_links":{"self":[{"href":"https:\/\/swmsw.pl\/index.php?rest_route=\/wp\/v2\/posts\/2110"}],"collection":[{"href":"https:\/\/swmsw.pl\/index.php?rest_route=\/wp\/v2\/posts"}],"about":[{"href":"https:\/\/swmsw.pl\/index.php?rest_route=\/wp\/v2\/types\/post"}],"author":[{"embeddable":true,"href":"https:\/\/swmsw.pl\/index.php?rest_route=\/wp\/v2\/users\/1"}],"replies":[{"embeddable":true,"href":"https:\/\/swmsw.pl\/index.php?rest_route=%2Fwp%2Fv2%2Fcomments&post=2110"}],"version-history":[{"count":2,"href":"https:\/\/swmsw.pl\/index.php?rest_route=\/wp\/v2\/posts\/2110\/revisions"}],"predecessor-version":[{"id":2113,"href":"https:\/\/swmsw.pl\/index.php?rest_route=\/wp\/v2\/posts\/2110\/revisions\/2113"}],"wp:featuredmedia":[{"embeddable":true,"href":"https:\/\/swmsw.pl\/index.php?rest_route=\/wp\/v2\/media\/1295"}],"wp:attachment":[{"href":"https:\/\/swmsw.pl\/index.php?rest_route=%2Fwp%2Fv2%2Fmedia&parent=2110"}],"wp:term":[{"taxonomy":"category","embeddable":true,"href":"https:\/\/swmsw.pl\/index.php?rest_route=%2Fwp%2Fv2%2Fcategories&post=2110"},{"taxonomy":"post_tag","embeddable":true,"href":"https:\/\/swmsw.pl\/index.php?rest_route=%2Fwp%2Fv2%2Ftags&post=2110"}],"curies":[{"name":"wp","href":"https:\/\/api.w.org\/{rel}","templated":true}]}}