{"id":210,"date":"2019-02-16T14:47:07","date_gmt":"2019-02-16T14:47:07","guid":{"rendered":"https:\/\/swmsw.pl\/wp\/?p=210"},"modified":"2019-04-20T14:50:49","modified_gmt":"2019-04-20T14:50:49","slug":"szosty-charytatywny-bal-oficerski-policji-pod-patronatem-malzonki-prezydenta-rzeczypospolitej-polskiej-pani-agaty-kornhauser-dudy","status":"publish","type":"post","link":"https:\/\/swmsw.pl\/?p=210","title":{"rendered":"Sz\u00f3sty Charytatywny Bal Oficerski Policji pod patronatem Ma\u0142\u017conki Prezydenta Rzeczypospolitej Polskiej Pani Agaty Kornhauser-Dudy"},"content":{"rendered":"\n<p>16 lutego 2019 r., w Auli Kryszta\u0142owej Szko\u0142y G\u0142\u00f3wnej Gospodarstwa Wiejskiego w Warszawie odby\u0142 si\u0119 Sz\u00f3sty Charytatywny Bal Oficerski Policji pod patronatem Ma\u0142\u017conki Prezydenta Rzeczypospolitej Polskiej Pani Agaty Kornhauser-Dudy i honorowym przewodnictwem ma\u0142\u017conki Komendanta G\u0142\u00f3wnego Policji Pani Ma\u0142gorzaty Szymczyk. To powr\u00f3t do tradycji 20-lecia mi\u0119dzywojennego, do charytatywnych bali oficerskich polskiej Policji.<\/p>\n\n\n\n<p>G\u0142\u00f3wnym celem tego wydarzenia jest zebranie \u015brodk\u00f3w na wsparcie dzia\u0142alno\u015bci Fundacji Pomocy Wdowom i Sierotom po Poleg\u0142ych Policjantach.<\/p>\n\n\n\n<p>no images were found<\/p>\n\n\n\n<p><em>materia\u0142 i zdj\u0119cia KGP <\/em><\/p>\n","protected":false},"excerpt":{"rendered":"<p>16 lutego 2019 r., w Auli Kryszta\u0142owej Szko\u0142y G\u0142\u00f3wnej Gospodarstwa Wiejskiego w Warszawie odby\u0142 si\u0119 Sz\u00f3sty Charytatywny Bal Oficerski Policji pod patronatem Ma\u0142\u017conki Prezydenta Rzeczypospolitej Polskiej Pani Agaty Kornhauser-Dudy i honorowym przewodnictwem ma\u0142\u017conki Komendanta G\u0142\u00f3wnego&#46;&#46;&#46;<\/p>\n","protected":false},"author":1,"featured_media":212,"comment_status":"closed","ping_status":"open","sticky":false,"template":"","format":"standard","meta":{"ngg_post_thumbnail":25,"footnotes":""},"categories":[4],"tags":[],"_links":{"self":[{"href":"https:\/\/swmsw.pl\/index.php?rest_route=\/wp\/v2\/posts\/210"}],"collection":[{"href":"https:\/\/swmsw.pl\/index.php?rest_route=\/wp\/v2\/posts"}],"about":[{"href":"https:\/\/swmsw.pl\/index.php?rest_route=\/wp\/v2\/types\/post"}],"author":[{"embeddable":true,"href":"https:\/\/swmsw.pl\/index.php?rest_route=\/wp\/v2\/users\/1"}],"replies":[{"embeddable":true,"href":"https:\/\/swmsw.pl\/index.php?rest_route=%2Fwp%2Fv2%2Fcomments&post=210"}],"version-history":[{"count":1,"href":"https:\/\/swmsw.pl\/index.php?rest_route=\/wp\/v2\/posts\/210\/revisions"}],"predecessor-version":[{"id":211,"href":"https:\/\/swmsw.pl\/index.php?rest_route=\/wp\/v2\/posts\/210\/revisions\/211"}],"wp:featuredmedia":[{"embeddable":true,"href":"https:\/\/swmsw.pl\/index.php?rest_route=\/wp\/v2\/media\/212"}],"wp:attachment":[{"href":"https:\/\/swmsw.pl\/index.php?rest_route=%2Fwp%2Fv2%2Fmedia&parent=210"}],"wp:term":[{"taxonomy":"category","embeddable":true,"href":"https:\/\/swmsw.pl\/index.php?rest_route=%2Fwp%2Fv2%2Fcategories&post=210"},{"taxonomy":"post_tag","embeddable":true,"href":"https:\/\/swmsw.pl\/index.php?rest_route=%2Fwp%2Fv2%2Ftags&post=210"}],"curies":[{"name":"wp","href":"https:\/\/api.w.org\/{rel}","templated":true}]}}