{"id":2063,"date":"2019-10-13T18:49:43","date_gmt":"2019-10-13T18:49:43","guid":{"rendered":"https:\/\/swmsw.pl\/?p=2063"},"modified":"2019-10-15T19:42:39","modified_gmt":"2019-10-15T19:42:39","slug":"zer-kwestionuje-sluzbe-w-strefie-dzialan-wojennych","status":"publish","type":"post","link":"https:\/\/swmsw.pl\/?p=2063","title":{"rendered":"ZER kwestionuje s\u0142u\u017cb\u0119 w strefie dzia\u0142a\u0144 wojennych ?"},"content":{"rendered":"\n<p><em>(materia\u0142 archiwalny)<\/em><\/p>\n\n\n\n<p>ZER MSWiA odm\u00f3wi\u0142 podwy\u017cszenia emerytury o 0,5% podstawy wymiaru za ka\u017cdy rozpocz\u0119ty miesi\u0105c pe\u0142nienia s\u0142u\u017cby w Afganistanie, w strefie dzia\u0142a\u0144 wojennych. <\/p>\n\n\n\n<p>W dniu 6 grudnia 2017 r. wyst\u0105pi\u0142em do Zak\u0142adu Emerytalno-Rentowego MSWiA o zwi\u0119kszenie procentu mojej wys\u0142ugi emerytalnej z naliczonego mi 72,72% do 75%, w zwi\u0105zku z pe\u0142nieniem przeze mnie s\u0142u\u017cby w sk\u0142adzie Polskich Kontyngent\u00f3w Policyjnych w strefie dzia\u0142a\u0144 wojennych, w ramach misji pokojowych ONZ i Unii Europejskiej w Chorwacji oraz Afganistanie, za\u0142\u0105czaj\u0105c za\u015bwiadczenie KGP potwierdzaj\u0105ce te fakty. Kierowa\u0142em si\u0119 art. 15 ust. 3 Ustawy z dnia 18 lutego 1994 r. o zaopatrzeniu emerytalnym funkcjonariuszy Policji &#8230; m\u00f3wi\u0105cym, i\u017c \u201eEmerytur\u0119 podwy\u017csza si\u0119 o 0,5% podstawy wymiaru za ka\u017cdy rozpocz\u0119ty miesi\u0105c pe\u0142nienia s\u0142u\u017cby na froncie w czasie wojny oraz w strefie dzia\u0142a wojennych\u201d. W odpowiedzi otrzyma\u0142em Decyzj\u0119 Dyrektora ZER MSWiA o ponownym ustaleniu emerytury \u2013 podwy\u017cszeniu jej o 0,5% wymiaru za ka\u017cdy rozpocz\u0119ty miesi\u0105c pe\u0142nienia s\u0142u\u017cby w strefie dzia\u0142a wojennych, przys\u0142uguj\u0105cym za okres od 22.01.1993 r. do 01.06.1993 r., to jest za s\u0142u\u017cb\u0119 w Republice Chorwacji, w tzw. Krajinie. Otrzyma\u0142em r\u00f3wnolegle dwie decyzje odmowne w tej sprawie, dotycz\u0105ce s\u0142u\u017cby na misji ONZ w Chorwacji (Krajina) w okresie od 25 kwietnia 1994 r. do 26 pa\u017adziernika 1995 r. oraz dwukrotnej s\u0142u\u017cby w Islamskiej Republice Afganistanu EUPOL w okresach od 15 marca 2008 r. do 2 kwietnia 2009 r. oraz od 16 czerwca 2010 r. do 14 czerwca 2011 r. W pierwszym przypadku ZER wykaza\u0142 si\u0119 niestaranno\u015bci\u0105 w rozpatrywaniu wniosku, poniewa\u017c w uzasadnieniu odmowy pomyli\u0142 daty i poda\u0142, i\u017c wnioskowa\u0142em o przyznanie mi podwy\u017cszenia za okres od 25.05.1992 r. do 21.01.1993 r., zamiast \u2013 jak to mia\u0142o miejsce w moim wniosku i przes\u0142anym deo ZER za\u015bwiadczeniu KGP \u2013 za okres od 25 kwietnia 1994 r. do 26 pa\u017adziernika 1995 r., kiedy to Rejon Krajiny w Chorwacji pozostawa\u0142 wci\u0105\u017c w strefie dzia\u0142a wojennych (do 15 grudnia 1995 r.; zgodnie z Obwieszczeniem MSZ z dnia 15 maja 2008 r. w sprawie likwidacji strefy dzia\u0142a\u0144 wojennych w rejonie Krajiny, Republika Chorwacji). W drugim przypadku, dotycz\u0105cym okres\u00f3w s\u0142u\u017cby w Afganistanie, ZER stwierdzi\u0142 w uzasadnieniu odmowy, \u017ce nie nale\u017cy mi si\u0119 podwy\u017cszenie emerytury o 0,5% podstawy wymiaru za ka\u017cdy rozpocz\u0119ty miesi\u0105c pe\u0142nienia s\u0142u\u017cby w strefe dzia\u0142a\u0144 wojennych, jako \u017ce moja s\u0142u\u017cba mia\u0142a wy\u0142\u0105cznie charakter misji pokojowej. Uwa\u017cam, \u017ce Dyrektor ZER MSWiA zastosowa\u0142 niedopuszczaln\u0105 interpretacj\u0119 Ustawy z dnia 18 lutego 1994 r. o zaopatrzeniu emerytalnym funkcjonariuszy Policji &#8230;, jako \u017ce wymieniona ustawa nie okre\u015bla\u0142a rodzaju i charakteru s\u0142u\u017cby, a jedynie obligatoryjnie okre\u015bli\u0142a prawo do podwy\u017cszenia emerytury policjanta o 0,5% za ka\u017cdy rozpocz\u0119ty miesi\u0105c pe\u0142nienia s\u0142u\u017cby na froncie w czasie wojny oraz w strefie dzia\u0142a\u0144 wojennych, nie udzielaj\u0105c komukolwiek delegacji interpretacyjnej. Oburza mnie, i\u017c odpowiedzialny urz\u0119dnik ZER MSWIA, nie posiadaj\u0105c dostatecznej wiedzy odno\u015bnie s\u0142u\u017cby w kontyngentach policyjnych na terenie Afganistanu oraz sta\u0142ego zagro\u017cenia \u017cycia i zdrowia personelu mi\u0119dzynarodowego tam s\u0142u\u017c\u0105cego, w tym r\u00f3wnie\u017c polskich policjant\u00f3w, wydaje decyzj\u0119 sprzeczn\u0105 z jednoznacznym zapisem ustawy, na kt\u00f3r\u0105 to powo\u0142uje si\u0119. Jak wcze\u015bniej zaznaczy\u0142em, uzyska\u0142em wnioskowane podwy\u017cszenie podstawy wymiaru, nie mniej jednak chcia\u0142em zasygnalizowa\u0107 osobom zainteresowanym, zwi\u0105zanym z Polskimi Kontyngentami Policyjnymi, nieoczekiwane problemy dotycz\u0105ce s\u0142u\u017cby w strefie dzia\u0142a\u0144 wojennych. <\/p>\n\n\n\n<p>Mo\u017ce te\u017c czas zainteresowa\u0107 tym tematem KGP? <\/p>\n\n\n\n<p>Adam Kuna <\/p>\n","protected":false},"excerpt":{"rendered":"<p>(materia\u0142 archiwalny) ZER MSWiA odm\u00f3wi\u0142 podwy\u017cszenia emerytury o 0,5% podstawy wymiaru za ka\u017cdy rozpocz\u0119ty miesi\u0105c pe\u0142nienia s\u0142u\u017cby w Afganistanie, w strefie dzia\u0142a\u0144 wojennych. W dniu 6 grudnia 2017 r. wyst\u0105pi\u0142em do Zak\u0142adu Emerytalno-Rentowego MSWiA o&#46;&#46;&#46;<\/p>\n","protected":false},"author":1,"featured_media":2064,"comment_status":"closed","ping_status":"open","sticky":false,"template":"","format":"standard","meta":{"ngg_post_thumbnail":0,"footnotes":""},"categories":[17],"tags":[],"_links":{"self":[{"href":"https:\/\/swmsw.pl\/index.php?rest_route=\/wp\/v2\/posts\/2063"}],"collection":[{"href":"https:\/\/swmsw.pl\/index.php?rest_route=\/wp\/v2\/posts"}],"about":[{"href":"https:\/\/swmsw.pl\/index.php?rest_route=\/wp\/v2\/types\/post"}],"author":[{"embeddable":true,"href":"https:\/\/swmsw.pl\/index.php?rest_route=\/wp\/v2\/users\/1"}],"replies":[{"embeddable":true,"href":"https:\/\/swmsw.pl\/index.php?rest_route=%2Fwp%2Fv2%2Fcomments&post=2063"}],"version-history":[{"count":2,"href":"https:\/\/swmsw.pl\/index.php?rest_route=\/wp\/v2\/posts\/2063\/revisions"}],"predecessor-version":[{"id":2066,"href":"https:\/\/swmsw.pl\/index.php?rest_route=\/wp\/v2\/posts\/2063\/revisions\/2066"}],"wp:featuredmedia":[{"embeddable":true,"href":"https:\/\/swmsw.pl\/index.php?rest_route=\/wp\/v2\/media\/2064"}],"wp:attachment":[{"href":"https:\/\/swmsw.pl\/index.php?rest_route=%2Fwp%2Fv2%2Fmedia&parent=2063"}],"wp:term":[{"taxonomy":"category","embeddable":true,"href":"https:\/\/swmsw.pl\/index.php?rest_route=%2Fwp%2Fv2%2Fcategories&post=2063"},{"taxonomy":"post_tag","embeddable":true,"href":"https:\/\/swmsw.pl\/index.php?rest_route=%2Fwp%2Fv2%2Ftags&post=2063"}],"curies":[{"name":"wp","href":"https:\/\/api.w.org\/{rel}","templated":true}]}}