{"id":2059,"date":"2019-10-09T15:45:35","date_gmt":"2019-10-09T15:45:35","guid":{"rendered":"https:\/\/swmsw.pl\/?p=2059"},"modified":"2019-10-18T16:57:27","modified_gmt":"2019-10-18T16:57:27","slug":"z-pamietnika-niemlodego-pieniacza","status":"publish","type":"post","link":"https:\/\/swmsw.pl\/?p=2059","title":{"rendered":"&#8222;Z pami\u0119tnika niem\u0142odego pieniacza&#8221;"},"content":{"rendered":"\n<p>Cze\u015b\u0107 Marek!<\/p>\n\n\n\n<p>Jednak nie wytrzymam i odnios\u0119 si\u0119 do tego, co napisa\u0142e\u015b Mi\u0142o\u015bciwie Nam Panuj\u0105cy Prezesie w kontek\u015bcie nowelizacji ustawy o weteranach\u2026<\/p>\n\n\n\n<p>M\u00f3wi\u0105, \u017ce jestem pieniaczem i tworz\u0119 sztuczne problemy. Pewnie maj\u0105 racj\u0119 \u2013 nie dbam o to. Jak ka\u017cdy z nas lubi\u0119 si\u0119 takim, jaki jestem\u2026<\/p>\n\n\n\n<p>Mimowolnie wzi\u0105\u0142em udzia\u0142 w tworzeniu tej ustawy o weteranach. Tzn. nie tylko tej, ale TEJ TAK\u017bE. Mimo tego, \u017ce otaczali mnie zawsze ludzie w swoim przekonaniu m\u0105drzy, wykszta\u0142ceni, do\u015bwiadczeni i doceniani, a ja praktycznie ca\u0142a swoj\u0105 s\u0142u\u017cb\u0119 w Policji sp\u0119dzi\u0142em na jednym, niskim stanowisku, to jednak kilku ministr\u00f3w musia\u0142o pozmienia\u0107 przepisy wykonawcze z mojego powodu. Uda\u0142o mi si\u0119 te\u017c wp\u0142yn\u0105\u0107 na kilka ustaw. Na niekt\u00f3rych zarz\u0105dzeniach KGP te\u017c odcisn\u0105\u0142em swe pi\u0119tno.<\/p>\n\n\n\n<p>W&nbsp;&nbsp;2010 r. MON na stronach swojego BIP opublikowa\u0142 projekt ustawy o weteranach. Tak, jak napisa\u0142e\u015b MNP Prezesie, by\u0142 to projekt MON i dotyczy\u0142 tylko \u017co\u0142nierzy. Jako, \u017ce do projektu dokopa\u0142em si\u0119 ju\u017c po uzgodnieniach mi\u0119dzyresortowych, to widzia\u0142em odpowied\u017a MSWiA, z kt\u00f3rej wynika\u0142o, \u017ce ministerstwo nie przewiduje w\u0142\u0105czenia si\u0119 do prac nad t\u0105 ustaw\u0105, bo nie jest zainteresowane tym, \u017ceby f-sze posiadali status weterana. Kropka. W zwi\u0105zku z powy\u017cszym wys\u0142a\u0142em skarg\u0119 do MSWiA, Premiera, Prezydenta, Pe\u0142nomocnika Rz\u0105du do Spraw R\u00f3wnego Traktowania. Wys\u0142a\u0142em te\u017c skarg\u0119 do RPO. Z wszystkich wymienionych temat podj\u0105\u0142 RPO (MNP Prezesie masz kopi\u0119 moich dokument\u00f3w). Koncept Ustawy zosta\u0142 zmieniony. Dzi\u015b wszyscy jeste\u015bmy weteranami. Nie tylko \u017co\u0142nierze i pracownicy wojska. I wiesz co? Mia\u0142em w tym sw\u00f3j udzia\u0142, z czego jestem dumny. A nasi prze\u0142o\u017ceni, czyli po cz\u0119\u015bci&nbsp;sympatycy b\u0105d\u017a cz\u0142onkowie&nbsp;naszego stowarzyszenia lub nasi koledzy mieli, jak zwykle, wy _ _ _ _ _ e <em>(admin)<\/em><\/p>\n\n\n\n<p>Od lat walczy\u0142em o to, \u017ceby Ustaw\u0119 zmieni\u0107 na drodze nowelizacji. Kilkukrotnie prosi\u0142em 01 KGP w raportach o to, \u017ceby wyszed\u0142 z tzw. inicjatyw\u0105 legislacyjn\u0105 (zwrot przydaje si\u0119 czasem w krzy\u017c\u00f3wkach tak, jak \u201ew\u0142adztwo policyjne\u201d i \u201ekontratyp ustawowy\u201d) i doprowadzi\u0142 do zmiany przepis\u00f3w w ten spos\u00f3b, aby policjanci b\u0119d\u0105cy (u\u017cywaj\u0105c j\u0119zyka naszych braci \u017co\u0142nierzy) w s\u0142u\u017cbie czynnej, a staraj\u0105cy si\u0119 o otrzymanie statusu weterana, nie musieli przedstawia\u0107 za\u015bwiadczenia o niekaralno\u015bci. Jest to zbieg przepis\u00f3w&nbsp;&nbsp;&#8211; ustawy o weteranach i ustawy o policji. Chcia\u0142em te\u017c, aby 5 dni urlopu przys\u0142ugiwa\u0142o wszystkim weteranom, a nie tylko tym, kt\u00f3rzy nie s\u0105 ju\u017c funkcjonariuszami. Na pierwszy m\u00f3j raport, w imieniu 01 KGP odpowiedzia\u0142 mi nasz kolega Sebastian \u2013 wtedy pe\u0142ni\u0105cy s\u0142u\u017cb\u0119 w WKP BMWP \u2013 Komendant nie zgadza si\u0119 z kwesti\u0105 urlopu, ale podejmie inicjatyw\u0119 w temacie za\u015bwiadcze\u0144 o niekaralno\u015bci z KRK. Niestety kilka chwil p\u00f3\u017aniej w naszym kraju zago\u015bci\u0142 narodowy socjalizm i po wyborach, zupe\u0142nie przypadkiem nast\u0105pi\u0142y mocne przetasowania w apolitycznej Policji. Temat umar\u0142. Do Pana dr 01 KGP raporty kierowa\u0142em jeszcze dwukrotnie, ale pozosta\u0142y nie tylko bez echa, ale i bez odpowiedzi. To tyle.<\/p>\n\n\n\n<p>Doczekali\u015bmy tzw. du\u017cej nowelizacji ustawy. Jest dobra, wr\u0119cz bardzo dobra. Jak wida\u0107 nie wszystkie oczekiwania \u015brodowiska policyjnego zosta\u0142y spe\u0142nione. Nale\u017cy si\u0119 zastanowi\u0107 dlaczego tak si\u0119 sta\u0142o. Ja uwa\u017cam, \u017ce problem jest od lat ten sam. Bierno\u015b\u0107, inercja i marazm policjant\u00f3w. W policji spotka\u0142em wielu wspania\u0142ych ludzi. Ale jednak wi\u0119kszo\u015b\u0107 tych, kt\u00f3rych pozna\u0142em, a kt\u00f3rzy mieli wp\u0142yw na decyzje, to osoby Bierne, mierne, ale wierne. S\u0142abo wykszta\u0142cone i kiepsko przetarte \u017cyciowo. I kompletnie, ale to kompletnie nieinnowacyjne oraz boja\u017aliwe.<\/p>\n\n\n\n<p>Jestem zakochany w Gruzji. A w\u015br\u00f3d Gruzin\u00f3w jest taki jeden, co napisa\u0142 \u201ew ludziach ceni\u0119 tylko odwag\u0119, ca\u0142\u0105 reszt\u0119 mo\u017cna udawa\u0107\u201d. Niestety te osoby, kt\u00f3re w Policji maj\u0105 wp\u0142yw na rzeczywisto\u015b\u0107, to papierowe tygrysy i st\u0105d cz\u0119sto bierze si\u0119 niemo\u017cno\u015b\u0107 rozwi\u0105zania prostych problem\u00f3w.<br>Ca\u0142usy<\/p>\n\n\n\n<p>Artur Walczuk<br><\/p>\n","protected":false},"excerpt":{"rendered":"<p>Cze\u015b\u0107 Marek! Jednak nie wytrzymam i odnios\u0119 si\u0119 do tego, co napisa\u0142e\u015b Mi\u0142o\u015bciwie Nam Panuj\u0105cy Prezesie w kontek\u015bcie nowelizacji ustawy o weteranach\u2026 M\u00f3wi\u0105, \u017ce jestem pieniaczem i tworz\u0119 sztuczne problemy. Pewnie maj\u0105 racj\u0119 \u2013 nie&#46;&#46;&#46;<\/p>\n","protected":false},"author":1,"featured_media":2080,"comment_status":"closed","ping_status":"open","sticky":false,"template":"","format":"standard","meta":{"ngg_post_thumbnail":0,"footnotes":""},"categories":[17],"tags":[],"_links":{"self":[{"href":"https:\/\/swmsw.pl\/index.php?rest_route=\/wp\/v2\/posts\/2059"}],"collection":[{"href":"https:\/\/swmsw.pl\/index.php?rest_route=\/wp\/v2\/posts"}],"about":[{"href":"https:\/\/swmsw.pl\/index.php?rest_route=\/wp\/v2\/types\/post"}],"author":[{"embeddable":true,"href":"https:\/\/swmsw.pl\/index.php?rest_route=\/wp\/v2\/users\/1"}],"replies":[{"embeddable":true,"href":"https:\/\/swmsw.pl\/index.php?rest_route=%2Fwp%2Fv2%2Fcomments&post=2059"}],"version-history":[{"count":2,"href":"https:\/\/swmsw.pl\/index.php?rest_route=\/wp\/v2\/posts\/2059\/revisions"}],"predecessor-version":[{"id":2079,"href":"https:\/\/swmsw.pl\/index.php?rest_route=\/wp\/v2\/posts\/2059\/revisions\/2079"}],"wp:featuredmedia":[{"embeddable":true,"href":"https:\/\/swmsw.pl\/index.php?rest_route=\/wp\/v2\/media\/2080"}],"wp:attachment":[{"href":"https:\/\/swmsw.pl\/index.php?rest_route=%2Fwp%2Fv2%2Fmedia&parent=2059"}],"wp:term":[{"taxonomy":"category","embeddable":true,"href":"https:\/\/swmsw.pl\/index.php?rest_route=%2Fwp%2Fv2%2Fcategories&post=2059"},{"taxonomy":"post_tag","embeddable":true,"href":"https:\/\/swmsw.pl\/index.php?rest_route=%2Fwp%2Fv2%2Ftags&post=2059"}],"curies":[{"name":"wp","href":"https:\/\/api.w.org\/{rel}","templated":true}]}}