{"id":2009,"date":"2019-10-10T18:12:47","date_gmt":"2019-10-10T18:12:47","guid":{"rendered":"https:\/\/swmsw.pl\/?p=2009"},"modified":"2019-10-10T18:14:31","modified_gmt":"2019-10-10T18:14:31","slug":"modlitwa-w-intencji-weteranow-weteranow-poszkodowanych-oraz-ich-rodzin","status":"publish","type":"post","link":"https:\/\/swmsw.pl\/?p=2009","title":{"rendered":"Modlitwa w intencji Weteran\u00f3w, Weteran\u00f3w Poszkodowanych oraz ich Rodzin"},"content":{"rendered":"\n<p>W warszawskim Sanktuarium Matki Bo\u017cej Fatimskiej w dniu 9 pa\u017adziernika 2019 r. odby\u0142a si\u0119 msza \u015bw. w intencji weteran\u00f3w, weteran\u00f3w poszkodowanych oraz ich rodzin. W mszy uczestniczyli &nbsp;weterani ze Stowarzyszenia Rannych i Poszkodowanych, Kombatant\u00f3w Misji Pokojowych ONZ, Zrzeszenia Weteran\u00f3w Dzia\u0142a\u0144 Poza Granicami Pa\u0144stwa, Stowarzyszenia Weteran\u00f3w Dzia\u0142a\u0144 Poza Granicami RP, Stowarzyszenia Weteran\u00f3w PKW w Misji UNTAC w Kambod\u017cy oraz przedstawiciele Stowarzyszenia By\u0142ych \u017bo\u0142nierzy Legii Cudzoziemskiej.<\/p>\n\n\n\n<p>Podczas mszy internetowo po\u0142\u0105czono si\u0119 z Afganistanem z \u017co\u0142nierzami zgromadzonymi\nw kaplicy Polskiego Kontyngentu Wojskowego. &nbsp;Weterani i \u017co\u0142nierze i przekazali sobie\npozdrowienia&nbsp; i \u017cyczenia. Wart\u0119 honorow\u0105 przy\nsztandarach stowarzysze\u0144 pe\u0142nili Strzelcy Rzeczpospolitej. <\/p>\n\n\n\n<p>Uczestnicy uroczysto\u015bci mogli obejrze\u0107 wystawy plenerowe i zje\u015b\u0107\n\u017co\u0142niersk\u0105 groch\u00f3wk\u0119, na kt\u00f3r\u0105 po uroczysto\u015bci zaprosi\u0142 Proboszcz Sanktuarium.<\/p>\n\n\n\n<p>Tradycyjny ju\u017c zwyczaj palenia \u015bwieczek za poleg\u0142ych funkcjonariuszy Policji, w tym roku spe\u0142nili Koledzy Rafa\u0142 i Krzysztof.<\/p>\n\n\n\n<p>no images were found<\/p>\n","protected":false},"excerpt":{"rendered":"<p>W warszawskim Sanktuarium Matki Bo\u017cej Fatimskiej w dniu 9 pa\u017adziernika 2019 r. odby\u0142a si\u0119 msza \u015bw. w intencji weteran\u00f3w, weteran\u00f3w poszkodowanych oraz ich rodzin. W mszy uczestniczyli &nbsp;weterani ze Stowarzyszenia Rannych i Poszkodowanych, Kombatant\u00f3w Misji&#46;&#46;&#46;<\/p>\n","protected":false},"author":1,"featured_media":2014,"comment_status":"closed","ping_status":"open","sticky":false,"template":"","format":"standard","meta":{"ngg_post_thumbnail":0,"footnotes":""},"categories":[9],"tags":[],"_links":{"self":[{"href":"https:\/\/swmsw.pl\/index.php?rest_route=\/wp\/v2\/posts\/2009"}],"collection":[{"href":"https:\/\/swmsw.pl\/index.php?rest_route=\/wp\/v2\/posts"}],"about":[{"href":"https:\/\/swmsw.pl\/index.php?rest_route=\/wp\/v2\/types\/post"}],"author":[{"embeddable":true,"href":"https:\/\/swmsw.pl\/index.php?rest_route=\/wp\/v2\/users\/1"}],"replies":[{"embeddable":true,"href":"https:\/\/swmsw.pl\/index.php?rest_route=%2Fwp%2Fv2%2Fcomments&post=2009"}],"version-history":[{"count":3,"href":"https:\/\/swmsw.pl\/index.php?rest_route=\/wp\/v2\/posts\/2009\/revisions"}],"predecessor-version":[{"id":2015,"href":"https:\/\/swmsw.pl\/index.php?rest_route=\/wp\/v2\/posts\/2009\/revisions\/2015"}],"wp:featuredmedia":[{"embeddable":true,"href":"https:\/\/swmsw.pl\/index.php?rest_route=\/wp\/v2\/media\/2014"}],"wp:attachment":[{"href":"https:\/\/swmsw.pl\/index.php?rest_route=%2Fwp%2Fv2%2Fmedia&parent=2009"}],"wp:term":[{"taxonomy":"category","embeddable":true,"href":"https:\/\/swmsw.pl\/index.php?rest_route=%2Fwp%2Fv2%2Fcategories&post=2009"},{"taxonomy":"post_tag","embeddable":true,"href":"https:\/\/swmsw.pl\/index.php?rest_route=%2Fwp%2Fv2%2Ftags&post=2009"}],"curies":[{"name":"wp","href":"https:\/\/api.w.org\/{rel}","templated":true}]}}