{"id":1945,"date":"2019-09-27T15:20:00","date_gmt":"2019-09-27T15:20:00","guid":{"rendered":"https:\/\/swmsw.pl\/?p=1945"},"modified":"2019-10-13T07:05:06","modified_gmt":"2019-10-13T07:05:06","slug":"okiem-prezesa-2","status":"publish","type":"post","link":"https:\/\/swmsw.pl\/?p=1945","title":{"rendered":"Okiem Prezesa"},"content":{"rendered":"\n<p>Podczas tegorocznych Centralnych Obchod\u00f3w Dnia Weterana Dzia\u0142a\u0144\nPoza Granicami Pa\u0144stwa w Rzeszowie, Minister Obrony Narodowej Mariusz B\u0142aszczak\nw swoim przem\u00f3wieniu, skierowanym do weteran\u00f3w, poinformowa\u0142, \u017ce nowelizacja\nustawy o weteranach dzia\u0142a\u0144 poza granicami kraju &#8222;znacznie poszerzy zakres\nwsparcia, jakiego udzieli im pa\u0144stwo\u201d.<\/p>\n\n\n\n<p>Do prac nad nowelizacj\u0105 ustawy nie zaproszono Stowarzyszenia\nWeteran\u00f3w Dzia\u0142a\u0144 Poza Granicami Rzeczypospolitej Polskiej&nbsp; &#8211; wiod\u0105c\u0105 rol\u0119 odegra\u0142o Stowarzyszenie\nRannych i Poszkodowanych Poza Granicami Pa\u0144stwa. Czy Ministerstwo Spraw\nWewn\u0119trznych i Administracji by\u0142o reprezentowane w tych pracach? &#8211; tego nie\nwiem.<\/p>\n\n\n\n<p>Troch\u0119 historii &#8211; Ustawa z dnia&nbsp; 19 sierpnia 2011 r. o weteranach dzia\u0142a\u0144 poza\ngranicami pa\u0144stwa \u201ejest dzieckiem\u201d &nbsp;Ministerstwa Obrony Narodowej, kt\u00f3re tworz\u0105c\nj\u0105, mia\u0142o na wzgl\u0119dzie wy\u0142\u0105cznie polskie kontyngenty wojskowe, z kt\u00f3rych nie\nwszyscy \u017co\u0142nierze wracali \u017cywi \u201ez teatru dzia\u0142a\u0144\u201d do kraju. Do decydent\u00f3w\ndociera\u0142o\u2026 \u017ce to wojna, prawdziwa wojna. <\/p>\n\n\n\n<p>Czy w MON my\u015blano w\u00f3wczas &nbsp;o innych s\u0142u\u017cbach &nbsp;\u2013 nie wydaje mi si\u0119.. Podczas konsultacji\nmi\u0119dzyresortowych nad projektem ustawy t\u0119 \u201eniedoskona\u0142o\u015b\u0107\u201d &nbsp;zauwa\u017cono jedynie w ministerstwie cyfryzacji.\nUznano za niezb\u0119dne wprowadzenie zmian, w wyniku kt\u00f3rych prace nad ustaw\u0105 znacznie\nop\u00f3\u017ani\u0142y si\u0119.<\/p>\n\n\n\n<p>Polityczne zapotrzebowanie na &nbsp;ten jak\u017ce potrzebny akt prawny, doprowadzi\u0142o\ndo wprowadzenia w \u017cycie jego niedoskona\u0142ej wersji, z kt\u00f3rej jak pami\u0119tam, my\nweterani i tak cieszyli\u015bmy si\u0119. <\/p>\n\n\n\n<p>Z czasem okaza\u0142o si\u0119, \u017ce ustawa nie spe\u0142nia\u0142a &nbsp;oczekiwa\u0144 rannych i poszkodowanych \u2013 \u017co\u0142nierzy.\nTegoroczna lipcowa nowelizacja ustawy to pokaz si\u0142y ministra obrony narodowej i\nzaniechania urz\u0119dnik\u00f3w ministra spraw wewn\u0119trznych i administracji, kt\u00f3re\nkorzysta z wiod\u0105cej roli MON, ograniczaj\u0105c si\u0119 do przygotowania przepis\u00f3w\nwykonawczych w zakresie swojej odpowiedzialno\u015bci. <\/p>\n\n\n\n<p>Czytaj\u0105c ustaw\u0119 o weteranach dzia\u0142a\u0144 poza granicami pa\u0144stwa\nnie spos\u00f3b nie zauwa\u017cy\u0107 &nbsp;\u201eniedor\u00f3bki\u201d obci\u0105\u017caj\u0105cej\nurz\u0119dnik\u00f3w naszego ministerstwa <\/p>\n\n\n\n<p>W rozdziale 4 art.31.1 i 32.1 &#8211; w cz\u0119\u015bci dot. uprawnie\u0144\nsocjalnych &#8211; &nbsp;pomini\u0119to funkcjonariuszy s\u0142u\u017cb\nresortu spraw wewn\u0119trznych i administracji \u2013 wymieniaj\u0105c jedynie weteran\u00f3w \u2013\n\u017co\u0142nierzy i weteran\u00f3w \u2013 funkcjonariuszy ABW jako uprawnionych do ubiegania si\u0119\no przedmiotow\u0105 pomoc <em>(rozwi\u0105zania prawne\nw tym zakresie obowi\u0105zuj\u0105 od momentu wej\u015bcia w \u017cycie ustawy o weteranach tj. od\ndnia 30 marca 2012 r). <\/em>Gdyby wi\u0119c \u201enasze\u201d ministerstwo wykaza\u0142o si\u0119 wiedz\u0105\nw tym temacie \u2013 mo\u017cna by\u0142o spr\u00f3bowa\u0107 naprawi\u0107 b\u0142\u0105d w lipcu tego roku, przedstawiaj\u0105c\nnasz\u0105 propozycj\u0119 nowelizacji ustawy razem z MON.<\/p>\n\n\n\n<p>W lipcu br., o potrzebie naprawienia tego stanu rzeczy\npowiadomi\u0142em&nbsp; Komendanta G\u0142\u00f3wnego Policji\n(niestety za p\u00f3\u017ano &nbsp;\u2013 w Sejmie by\u0142o ju\u017c\npozamiatane), kt\u00f3ry &#8211; jak informuje &nbsp;Dyrektor\nBiura Kadr, Szkolenia i Obs\u0142ugi Prawnej KGP: \u201e<em>maj\u0105c na wzgl\u0119dzie s\u0142uszno\u015b\u0107&nbsp;\nprzedstawionych rozwi\u0105za\u0144, podj\u0105\u0142 w zakresie posiadanych w\u0142a\u015bciwo\u015bci, &nbsp;decyzj\u0119 o rozpocz\u0119ciu prac zmierzaj\u0105cych do\nprzygotowania projektu reguluj\u0105cego poruszon\u0105 kwesti\u0119. Projekt wraz z uzasadnieniem\ni ocen\u0105 skutk\u00f3w regulacji zostanie przekazany do Ministra Spraw Wewn\u0119trznych i\nAdministracji do akceptacji, od kt\u00f3rej uzale\u017cnione s\u0105 dalsze prace legislacyjne\u201d.<\/em><\/p>\n\n\n\n<p>My Weterani s\u0142u\u017cb podleg\u0142ych Panu Ministrowi Spraw\nWewn\u0119trznych i Administracji 3mamy za powy\u017csze kciuki.<\/p>\n\n\n\n<p>Marek, Prezes<\/p>\n","protected":false},"excerpt":{"rendered":"<p>Podczas tegorocznych Centralnych Obchod\u00f3w Dnia Weterana Dzia\u0142a\u0144 Poza Granicami Pa\u0144stwa w Rzeszowie, Minister Obrony Narodowej Mariusz B\u0142aszczak w swoim przem\u00f3wieniu, skierowanym do weteran\u00f3w, poinformowa\u0142, \u017ce nowelizacja ustawy o weteranach dzia\u0142a\u0144 poza granicami kraju &#8222;znacznie poszerzy&#46;&#46;&#46;<\/p>\n","protected":false},"author":1,"featured_media":1947,"comment_status":"open","ping_status":"open","sticky":false,"template":"","format":"standard","meta":{"ngg_post_thumbnail":0,"footnotes":""},"categories":[17],"tags":[],"_links":{"self":[{"href":"https:\/\/swmsw.pl\/index.php?rest_route=\/wp\/v2\/posts\/1945"}],"collection":[{"href":"https:\/\/swmsw.pl\/index.php?rest_route=\/wp\/v2\/posts"}],"about":[{"href":"https:\/\/swmsw.pl\/index.php?rest_route=\/wp\/v2\/types\/post"}],"author":[{"embeddable":true,"href":"https:\/\/swmsw.pl\/index.php?rest_route=\/wp\/v2\/users\/1"}],"replies":[{"embeddable":true,"href":"https:\/\/swmsw.pl\/index.php?rest_route=%2Fwp%2Fv2%2Fcomments&post=1945"}],"version-history":[{"count":1,"href":"https:\/\/swmsw.pl\/index.php?rest_route=\/wp\/v2\/posts\/1945\/revisions"}],"predecessor-version":[{"id":1948,"href":"https:\/\/swmsw.pl\/index.php?rest_route=\/wp\/v2\/posts\/1945\/revisions\/1948"}],"wp:featuredmedia":[{"embeddable":true,"href":"https:\/\/swmsw.pl\/index.php?rest_route=\/wp\/v2\/media\/1947"}],"wp:attachment":[{"href":"https:\/\/swmsw.pl\/index.php?rest_route=%2Fwp%2Fv2%2Fmedia&parent=1945"}],"wp:term":[{"taxonomy":"category","embeddable":true,"href":"https:\/\/swmsw.pl\/index.php?rest_route=%2Fwp%2Fv2%2Fcategories&post=1945"},{"taxonomy":"post_tag","embeddable":true,"href":"https:\/\/swmsw.pl\/index.php?rest_route=%2Fwp%2Fv2%2Ftags&post=1945"}],"curies":[{"name":"wp","href":"https:\/\/api.w.org\/{rel}","templated":true}]}}