{"id":1941,"date":"2019-09-24T20:03:17","date_gmt":"2019-09-24T20:03:17","guid":{"rendered":"https:\/\/swmsw.pl\/?p=1941"},"modified":"2019-10-13T07:06:11","modified_gmt":"2019-10-13T07:06:11","slug":"weterani-rp-w-finale-wieliszewskiego-crossingu-2019","status":"publish","type":"post","link":"https:\/\/swmsw.pl\/?p=1941","title":{"rendered":"Weterani RP w finale Wieliszewskiego Crossingu 2019"},"content":{"rendered":"\n<p>W dniu 22 wrze\u015bnia 2019 r., przy pi\u0119knej s\u0142onecznej pogodzie, odby\u0142a si\u0119 fina\u0142owa edycja Wieliszewskiego Crossingu 2019. Przed startem mia\u0142em niez\u0142\u0105 zagwozdk\u0119 \u2013 pobiec z Ew\u0105, czyli spadn\u0119 z drugiego miejsca w generalce na trzecie lub czwarte czy te\u017c\u2026 Na pierwsze miejsce nie liczy\u0142em, bo do prowadz\u0105cego mia\u0142em spor\u0105 strat\u0119 punktow\u0105 ale przyznam, \u017ce bieganie \u201ejust for fun\u201d \u2013 zacz\u0119\u0142o mi doskwiera\u0107\u2026<\/p>\n\n\n\n<p>Chyba wyczu\u0142a m\u00f3j nastr\u00f3j bo\u2026 us\u0142ysza\u0142em\n\u2013 dzisiaj zwalniam ci\u0119 ze smyczy. Hm\u2026 zwalnia mnie ze smyczy \u2013 us\u0142ysza\u0142em to z\njej ust pierwszy raz i\u2026 spodoba\u0142o si\u0119.<\/p>\n\n\n\n<p>Na starcie\npar\u0119 s\u0142\u00f3w powiedzia\u0142 W\u00f3jt. By\u0142o o trasie biegu, o \u201ewodopoju\u201d na 6 km i Patrycji\nBereznowskiej, &nbsp;kt\u00f3rej podzi\u0119kowa\u0142 za Badwater\n&#8211; &nbsp;najci\u0119\u017cszy ultramaraton na \u015bwiecie.<\/p>\n\n\n\n<p>START \u2013 od pocz\u0105tku sz\u0142o mi nie\u017ale\u2026 bieg\nwa\u0142em Zalewu Zegrzy\u0144skiego &#8211; stara\u0142em si\u0119 nie traci\u0107 dystansu do zawodnika,\nkt\u00f3ry jak mi si\u0119 wydawa\u0142o, zajmowa\u0142 w generalce 1. miejsce. Gdy dobiegli\u015bmy do wieliszewskiej\npla\u017cy i potem w\u0105skiej \u015bcie\u017cki le\u015bnej wiedzia\u0142em, \u017ce jest dobrze. Na 6. km,\nrazem z wod\u0105, przyj\u0105\u0142em energetycznego shot-a. Na 7 km wyprzedzi\u0142em \u201emojego\/nie\nmojego\u201d przeciwnika \u2013 u\u015bcisn\u0105\u0142em jego d\u0142o\u0144 i\u2026 dar\u0142em maksa.<\/p>\n\n\n\n<p>META \u2013 medal, woda i \u2026 czekanie na Ew\u0119.\nBieg\u0142a swoje i wpad\u0142a na met\u0119 ok. 10 minut po mnie. Z \u201eCzasomierzyka\u201d dowiedzia\u0142em\nsi\u0119, \u017ce w kategorii wiekowej zaj\u0105\u0142em I. miejsce i I. w generalce \u2013 mi\u0142o.<\/p>\n\n\n\n<p>Na sto\u0142\u00f3wce przysiad\u0142 si\u0119 \u201em\u00f3j\u201d znajomy z trasy. Przeczucie mia\u0142em dobre \u2013 tego dnia by\u0142 g\u0142\u00f3wnym rywalem. Leszek pokaza\u0142 mi swoje kolana\u2026 \u201e<em>pod koniec, trzy razy przewr\u00f3ci\u0142em si\u0119\u201d<\/em>\u2013 zrobi\u0142o mi si\u0119 przykro\u2026<\/p>\n\n\n\n<p>Wieliszewski Crossing, to perfekcyjnie\nzorganizowana impreza na kt\u00f3r\u0105 sk\u0142adaj\u0105 si\u0119 cztery biegi po ok. 10 km.<\/p>\n\n\n\n<p>WETERANI RP po zaci\u0119tej (jestem\nprzekonany) rywalizacji \u2013 w swoich kat. wiekowych zaj\u0119li 1 i 3 miejsce. <\/p>\n\n\n\n<p>Przy okazji odwiedzi\u0142em strzelnic\u0119, na\nkt\u00f3rej za par\u0119 dni odb\u0119d\u0105 si\u0119 II Zawody Strzeleckie Weteran\u00f3w o puchar Prezesa\n\/\u2026\/ &#8211; by\u0142o cicho i spokojnie. Zapachy lasu i nowych europalet wspaniale\nuzupe\u0142nia\u0142y si\u0119\u2026 No c\u00f3\u017c, by\u0142oby dobrze, \u017ceby druga pr\u00f3ba integracji wetera\u0144skiego\n\u015brodowiska powiod\u0142a si\u0119.<\/p>\n\n\n\n<p>Marek, Prezes<\/p>\n","protected":false},"excerpt":{"rendered":"<p>W dniu 22 wrze\u015bnia 2019 r., przy pi\u0119knej s\u0142onecznej pogodzie, odby\u0142a si\u0119 fina\u0142owa edycja Wieliszewskiego Crossingu 2019. Przed startem mia\u0142em niez\u0142\u0105 zagwozdk\u0119 \u2013 pobiec z Ew\u0105, czyli spadn\u0119 z drugiego miejsca w generalce na trzecie&#46;&#46;&#46;<\/p>\n","protected":false},"author":1,"featured_media":1942,"comment_status":"closed","ping_status":"open","sticky":false,"template":"","format":"standard","meta":{"ngg_post_thumbnail":0,"footnotes":""},"categories":[5,15],"tags":[],"_links":{"self":[{"href":"https:\/\/swmsw.pl\/index.php?rest_route=\/wp\/v2\/posts\/1941"}],"collection":[{"href":"https:\/\/swmsw.pl\/index.php?rest_route=\/wp\/v2\/posts"}],"about":[{"href":"https:\/\/swmsw.pl\/index.php?rest_route=\/wp\/v2\/types\/post"}],"author":[{"embeddable":true,"href":"https:\/\/swmsw.pl\/index.php?rest_route=\/wp\/v2\/users\/1"}],"replies":[{"embeddable":true,"href":"https:\/\/swmsw.pl\/index.php?rest_route=%2Fwp%2Fv2%2Fcomments&post=1941"}],"version-history":[{"count":1,"href":"https:\/\/swmsw.pl\/index.php?rest_route=\/wp\/v2\/posts\/1941\/revisions"}],"predecessor-version":[{"id":1943,"href":"https:\/\/swmsw.pl\/index.php?rest_route=\/wp\/v2\/posts\/1941\/revisions\/1943"}],"wp:featuredmedia":[{"embeddable":true,"href":"https:\/\/swmsw.pl\/index.php?rest_route=\/wp\/v2\/media\/1942"}],"wp:attachment":[{"href":"https:\/\/swmsw.pl\/index.php?rest_route=%2Fwp%2Fv2%2Fmedia&parent=1941"}],"wp:term":[{"taxonomy":"category","embeddable":true,"href":"https:\/\/swmsw.pl\/index.php?rest_route=%2Fwp%2Fv2%2Fcategories&post=1941"},{"taxonomy":"post_tag","embeddable":true,"href":"https:\/\/swmsw.pl\/index.php?rest_route=%2Fwp%2Fv2%2Ftags&post=1941"}],"curies":[{"name":"wp","href":"https:\/\/api.w.org\/{rel}","templated":true}]}}