{"id":1931,"date":"2019-09-17T15:05:36","date_gmt":"2019-09-17T15:05:36","guid":{"rendered":"https:\/\/swmsw.pl\/?p=1931"},"modified":"2019-09-17T15:50:35","modified_gmt":"2019-09-17T15:50:35","slug":"policjanci-z-wojewodztwa-lodzkiego-wyjezdzaja-na-misje-do-kosowa","status":"publish","type":"post","link":"https:\/\/swmsw.pl\/?p=1931","title":{"rendered":"XXX Rotacja Jednostki Specjalnej Polskiej Policji w Kosowie"},"content":{"rendered":"\n<p><strong>Biuro Mi\u0119dzynarodowej Wsp\u00f3\u0142pracy Policji KGP, 16 wrze\u015bnia 2019 r., rozpocz\u0119\u0142o kolejn\u0105 rotacj\u0119 Jednostki Specjalnej Polskiej Policji pe\u0142ni\u0105cej s\u0142u\u017cb\u0119 w ramach Misji Unii Europejskiej w zakresie praworz\u0105dno\u015bci w Kosowie (EULEX). W terminie 17-18 wrze\u015bnia policjanci XXX zmiany JSPP zast\u0105pi\u0105 wracaj\u0105cych po dziewi\u0119ciu miesi\u0105cach s\u0142u\u017cby funkcjonariuszy XXIX zmiany JSPP. Jednostka sk\u0142ada si\u0119 z 95 policjant\u00f3w, wyselekcjonowanych podczas kilku etap\u00f3w naboru i przeszkolonych w zakresie realizacji zada\u0144 w ramach kontyngent\u00f3w policyjnych, ze szczeg\u00f3lnym uwzgl\u0119dnieniem specyfiki miejsca pe\u0142nienia s\u0142u\u017cby i zada\u0144 mandatowych misji.<\/strong><\/p>\n\n\n\n<p>W Zak\u0142adzie Kynologii Policyjnej w Su\u0142kowicach&nbsp;16 wrze\u015bnia 2019 r.&nbsp;odby\u0142o si\u0119 uroczyste po\u017cegnanie I tury policjant\u00f3w XXX zmiany JSPP wylatuj\u0105cych do Kosowa. W uroczysto\u015bci, z ramienia kierownictwa Policji wzi\u0119li udzia\u0142: Komendant G\u0142\u00f3wny Policji&nbsp; gen. insp. Jaros\u0142aw Szymczyk, Komendant Centrum Szkolenia Policji insp. Anna Ros\u00f3\u0142, p.o. Zast\u0119pcy Dyrektora Biura Mi\u0119dzynarodowej Wsp\u00f3\u0142pracy Policji KGP m\u0142. insp. Piotr Sochacki oraz Naczelnik Wydzia\u0142u Misji Zagranicznych i Oficer\u00f3w \u0141\u0105cznikowych BMWP KGP m\u0142. insp. Rafa\u0142 Zamrzycki.<\/p>\n\n\n\n<p>Na uroczystej kolacji Komendant G\u0142\u00f3wny Policji gen. insp. Jaros\u0142aw Szymczyk zwr\u00f3ci\u0142 uwag\u0119 na zadania i rol\u0119 funkcjonariuszy polskiej Policji w kszta\u0142towaniu stabilizacji i pokoju w rejonie Kosowa. Podkre\u015bli\u0142 dotychczasowe zaanga\u017cowanie i profesjonalizm, kt\u00f3rym kieruj\u0105 si\u0119 policjanci reprezentuj\u0105cy polsk\u0105 Policji na arenie mi\u0119dzynarodowej, \u017cycz\u0105c wytrwa\u0142o\u015bci podczas wykonywania obowi\u0105zk\u00f3w s\u0142u\u017cbowych i realizacji za\u0142o\u017conych plan\u00f3w. Ponadto zwr\u00f3ci\u0142 uwag\u0119 na zachowanie wysokich standard\u00f3w oraz poszanowanie godno\u015bci munduru policjant\u00f3w, kt\u00f3rzy b\u0119d\u0105 reprezentowa\u0107 Polsk\u0119 w strukturach Unii Europejskiej. \u017byczy\u0142 wszystkim funkcjonariuszom spokojnej s\u0142u\u017cby i&nbsp;bezpiecznego powrotu do grona najbli\u017cszych, po zako\u0144czeniu dzia\u0142a\u0144 na terenie Kosowa.<\/p>\n\n\n\n<p>Wylot policjant\u00f3w XXX zmiany Jednostki Specjalnej Polskiej Policji w Kosowie z Wojskowego Portu Lotniczego w Warszawie w rejon dzia\u0142ania misji podzielony zosta\u0142 na II etapy:                                                                            &#8211; I etap w dniu 17 wrze\u015bnia 2019 r. (60 policjant\u00f3w),                                                 &#8211; II etap w dniu 18 wrze\u015bnia 2019 r. (35 policjant\u00f3w).<\/p>\n\n\n\n<p>Do zada\u0144 Polskiego Kontyngentu Policyjnego w Kosowie nale\u017cy m.in. pomoc przy rozwoju i wzmacnianiu wieloetnicznych s\u0142u\u017cb policyjnych oraz wspomaganie lokalnych organ\u00f3w odpowiedzialnych za zapewnienie przestrzegania prawa, bezpiecze\u0144stwa i porz\u0105dku publicznego. Policjanci Jednostki Specjalnej Polskiej Policji w Kosowie s\u0105 zaanga\u017cowani w nast\u0119puj\u0105ce zadania: bezpo\u015brednie zapewnienie porz\u0105dku i bezpiecze\u0144stwa publicznego poprzez patrolowanie miejsc zagro\u017conych, w razie masowych narusze\u0144 porz\u0105dku i bezpiecze\u0144stwa dzia\u0142ania w pododdziale zwartym oraz realizacja, na zlecenie w\u0142adz misji i s\u0105d\u00f3w, zatrzyma\u0144 zbrodniarzy z czas\u00f3w konfliktu w Kosowie. W celu sprostania tym obowi\u0105zkom, zgodnie z porozumieniami zawartymi z misj\u0105 EULEX, polska Policja wystawi\u0142a do s\u0142u\u017cby jednostk\u0119 zdoln\u0105 do realizacji zada\u0144 zar\u00f3wno z zakresu kontroli t\u0142umu i zamieszek (CRC \u2013 Crowd and Riot Control), jak r\u00f3wnie\u017c z zakresu specjalnej taktyki uzbrojenia (SWAT \u2013 Special Weapon and Tactics).<\/p>\n\n\n\n<p>W ramach Polskiego Kontyngentu Policyjnego w Kosowie pe\u0142ni s\u0142u\u017cb\u0119 tak\u017ce 7 ekspert\u00f3w policyjnych. S\u0105 to do\u015bwiadczeni policjanci posiadaj\u0105cy szczeg\u00f3ln\u0105 wiedz\u0119 lub\/i umiej\u0119tno\u015bci policyjne, biegle pos\u0142uguj\u0105cy si\u0119 j\u0119zykiem angielskim. Na misj\u0119 do Kosowa zostali zg\u0142oszeni spo\u015br\u00f3d grupy funkcjonariuszy wyselekcjonowanych, przeszkolonych i przygotowanych przez Wydzia\u0142 Misji Zagranicznych i Oficer\u00f3w \u0141\u0105cznikowych BMWP KGP do pe\u0142nienia tego rodzaju s\u0142u\u017cby poza granicami kraju. Finalnym etapem ich delegowania by\u0142o pozytywne przej\u015bcie procedury naboru prowadzonego przez Europejsk\u0105 S\u0142u\u017cb\u0119 Dzia\u0142a\u0144 Zewn\u0119trznych (EEAS) \u2013 zajmuj\u0105c\u0105 si\u0119 mi\u0119dzy innymi koordynacj\u0105 dzia\u0142a\u0144 Unii Europejskiej w zakresie misji pokojowych. Wartym odnotowania jest fakt, \u017ce insp. Cezary Luba, pe\u0142ni\u0105cy obecnie obowi\u0105zki Zast\u0119pcy Szefa Misji EULEX, z dniem 1 listopada 2019 roku formalnie obejmie niniejsze stanowisko.<\/p>\n\n\n\n<p>Polscy policjanci stanowi\u0105 najwi\u0119ksz\u0105 liczebnie grup\u0119 wchodz\u0105c\u0105 w sk\u0142ad misji EULEX Kosowo. Za&nbsp;profesjonalizm i zaanga\u017cowanie w dzia\u0142aniach polscy policjanci otrzymuj\u0105 bardzo wysokie oceny od w\u0142adz misji.<\/p>\n\n\n\n<p>(BMWP KGP)&nbsp;<\/p>\n\n\n\n<h4 class=\"wp-block-heading\"><strong>Komendant Wojew\u00f3dzki Policji spotka\u0142 si\u0119 z policjantami wyje\u017cd\u017caj\u0105cymi do Kosowa do s\u0142u\u017cby w Jednostce Specjalnej Polskiej Policji &#8211; to bardzo sympatyczny gest &#8211; doceniamy Panie Generale. <\/strong><\/h4>\n\n\n\n<p>Czytaj wi\u0119cej: <a href=\"https:\/\/dzienniklodzki.pl\/policjanci-z-wojewodztwa-lodzkiego-wyjezdzaja-na-misje-do-kosowa\/ar\/c1-14429109?fbclid=IwAR10oF1PoUg6g3MDWLRcVzHCY_Za4mD9JOaLDWW_HJIKjcp9-w6pU20hLfA\" target=\"_blank\" rel=\"noreferrer noopener\" aria-label=\" (otwiera si\u0119 na nowej zak\u0142adce)\">https:\/\/dzienniklodzki.pl\/policjanci-z-wojewodztwa-lodzkiego-wyjezdzaja-na-misje-do-kosowa\/ar\/c1-14429109?fbclid=IwAR10oF1PoUg6g3MDWLRcVzHCY_Za4mD9JOaLDWW_HJIKjcp9-w6pU20hLfA<\/a><\/p>\n","protected":false},"excerpt":{"rendered":"<p>Biuro Mi\u0119dzynarodowej Wsp\u00f3\u0142pracy Policji KGP, 16 wrze\u015bnia 2019 r., rozpocz\u0119\u0142o kolejn\u0105 rotacj\u0119 Jednostki Specjalnej Polskiej Policji pe\u0142ni\u0105cej s\u0142u\u017cb\u0119 w ramach Misji Unii Europejskiej w zakresie praworz\u0105dno\u015bci w Kosowie (EULEX). W terminie 17-18 wrze\u015bnia policjanci XXX&#46;&#46;&#46;<\/p>\n","protected":false},"author":1,"featured_media":1932,"comment_status":"closed","ping_status":"open","sticky":false,"template":"","format":"standard","meta":{"ngg_post_thumbnail":0,"footnotes":""},"categories":[10],"tags":[],"_links":{"self":[{"href":"https:\/\/swmsw.pl\/index.php?rest_route=\/wp\/v2\/posts\/1931"}],"collection":[{"href":"https:\/\/swmsw.pl\/index.php?rest_route=\/wp\/v2\/posts"}],"about":[{"href":"https:\/\/swmsw.pl\/index.php?rest_route=\/wp\/v2\/types\/post"}],"author":[{"embeddable":true,"href":"https:\/\/swmsw.pl\/index.php?rest_route=\/wp\/v2\/users\/1"}],"replies":[{"embeddable":true,"href":"https:\/\/swmsw.pl\/index.php?rest_route=%2Fwp%2Fv2%2Fcomments&post=1931"}],"version-history":[{"count":2,"href":"https:\/\/swmsw.pl\/index.php?rest_route=\/wp\/v2\/posts\/1931\/revisions"}],"predecessor-version":[{"id":1934,"href":"https:\/\/swmsw.pl\/index.php?rest_route=\/wp\/v2\/posts\/1931\/revisions\/1934"}],"wp:featuredmedia":[{"embeddable":true,"href":"https:\/\/swmsw.pl\/index.php?rest_route=\/wp\/v2\/media\/1932"}],"wp:attachment":[{"href":"https:\/\/swmsw.pl\/index.php?rest_route=%2Fwp%2Fv2%2Fmedia&parent=1931"}],"wp:term":[{"taxonomy":"category","embeddable":true,"href":"https:\/\/swmsw.pl\/index.php?rest_route=%2Fwp%2Fv2%2Fcategories&post=1931"},{"taxonomy":"post_tag","embeddable":true,"href":"https:\/\/swmsw.pl\/index.php?rest_route=%2Fwp%2Fv2%2Ftags&post=1931"}],"curies":[{"name":"wp","href":"https:\/\/api.w.org\/{rel}","templated":true}]}}