{"id":1886,"date":"2019-09-12T06:56:17","date_gmt":"2019-09-12T06:56:17","guid":{"rendered":"https:\/\/swmsw.pl\/?p=1886"},"modified":"2019-10-13T06:59:33","modified_gmt":"2019-10-13T06:59:33","slug":"medale-i-wyroznienia-dla-policjantow-xxix-rotacji-jednostki-specjalnej-polskiej-policji-w-kosowie","status":"publish","type":"post","link":"https:\/\/swmsw.pl\/?p=1886","title":{"rendered":"Medale i wyr\u00f3\u017cnienia dla policjant\u00f3w XXIX rotacji  Jednostki Specjalnej Polskiej Policji w Kosowie"},"content":{"rendered":"\n<p>11 wrze\u015bnia 2019 r. w bazie EULEX Center Mitrowica w Kosowie odby\u0142a si\u0119 Medal Parada XXIX Rotacji Jednostki Specjalnej Polskiej Policji, pe\u0142ni\u0105cej s\u0142u\u017cb\u0119 w ramach Misji Unii Europejskiej w zakresie praworz\u0105dno\u015bci (EULEX). Podczas ceremonii funkcjonariusze JSPP zostali odznaczeni medalami za wzorow\u0105 s\u0142u\u017cb\u0119 i zaanga\u017cowanie w wykonywaniu zada\u0144 mandatowych misji. Dla policjant\u00f3w s\u0142u\u017c\u0105cych w jednostce uroczysto\u015b\u0107 ta mia\u0142a szczeg\u00f3lnie wa\u017cny charakter \u2013 podsumowuj\u0105cy ich kilkumiesi\u0119czn\u0105 s\u0142u\u017cb\u0119 w Kosowie.<\/p>\n\n\n\n<p>W uroczysto\u015bci uczestniczy\u0142a delegacja polskiej Policji, kt\u00f3rej przewodniczy\u0142 Zast\u0119pca Komendanta G\u0142\u00f3wnego Policji nadinsp. Kamil Bracha, a w jej sk\u0142ad wchodzili tak\u017ce: Komendant Sto\u0142eczny Policji nadinsp. Pawe\u0142 Dobrodziej, Komendant Wojew\u00f3dzki Policji w Olsztynie nadinsp. Tomasz Klimek, Komendant Wojew\u00f3dzki Policji w Opolu nadinsp. Jaros\u0142aw Kaleta oraz Naczelnik Wydzia\u0142u Misji Zagranicznych i Oficer\u00f3w \u0141\u0105cznikowych BMWP KGP m\u0142. insp. Rafa\u0142 Zamrzycki.<\/p>\n\n\n\n<p>W\u015br\u00f3d zaproszonych go\u015bci znale\u017ali si\u0119 te\u017c przedstawiciele w\u0142adz oraz pracownicy EULEX-u, KFOR-u, Kosowskiej Policji (KP), UNMiK (United Nations Mission in Kosovo) oraz OBWE (Organizacja Bezpiecze\u0144stwa i Wsp\u00f3\u0142pracy w Europie). Misj\u0119 EULEX reprezentowa\u0142 insp. Cezary Luba pe\u0142ni\u0105cy obowi\u0105zki Zast\u0119pcy Szefa Misji.<\/p>\n\n\n\n<p>Podczas uroczysto\u015bci Zast\u0119pca Komendanta G\u0142\u00f3wnego Policji nadinsp. Kamil Bracha wyr\u00f3\u017cni\u0142 wybranych policjant\u00f3w pochwa\u0142\u0105 w rozkazie, a wszystkim serdecznie podzi\u0119kowa\u0142 za rzeteln\u0119 s\u0142u\u017cb\u0119, profesjonalizm oraz zaanga\u017cowanie, dzi\u0119ki kt\u00f3rym kszta\u0142towany jest pozytywny wizerunek polskiej Policji na arenie mi\u0119dzynarodowej.<\/p>\n\n\n\n<p>Na co dzie\u0144 95 policjant\u00f3w JSPP wykonuje zadania wynikaj\u0105ce z mandatu misji EULEX i jako drugi odpowiedzialny podmiot, po Kosowskiej Policji, a przed si\u0142ami wojskowymi KFOR, podejmuje dzia\u0142ania adekwatne do zagro\u017ce\u0144 wyst\u0119puj\u0105cychw Kosowie. Polska jednostka jest zobowi\u0105zana do utrzymywania zdolno\u015bci zwi\u0105zanych z kontrol\u0105 t\u0142umu i przeciwdzia\u0142ania zamieszkom, a tak\u017ce do podejmowania dzia\u0142a\u0144 jako grupa do zada\u0144 specjalnych przy wykorzystaniu specjalistycznego uzbrojenia i taktyki pododdzia\u0142\u00f3w SWAT. Funkcjonariusze JSPP opr\u00f3cz wykonywania zada\u0144 mandatowych wielokrotnie aktywnie uczestniczyli tak\u017ce w wielu charytatywnych inicjatywach organizowanych na rzecz spo\u0142eczno\u015bci lokalnej, w tym m.in. w akcji oddawania krwi zar\u00f3wno na potrzeby spo\u0142eczno\u015bci alba\u0144skiej, jak i serbskiej, czy w biegach i wy\u015bcigach, z kt\u00f3rych doch\u00f3d by\u0142 przeznaczany na cele charytatywne.<\/p>\n\n\n\n<p>W trakcie pobytu na misji policjanci XXIX rotacji JSPP w spos\u00f3b ci\u0105g\u0142y podnosili swoje umiej\u0119tno\u015bci zawodowe uczestnicz\u0105c zar\u00f3wno w szkoleniach organizowanych si\u0142ami w\u0142asnymi jednostki jak i we wsp\u00f3\u0142pracy z partnerami z mi\u0119dzynarodowych si\u0142 pokojowych stacjonuj\u0105cych w Kosowie. Nale\u017cy podkre\u015bli\u0107, \u017ce prowadzono tak\u017ce wsp\u00f3\u0142prac\u0119 szkoleniow\u0105 z Kosowsk\u0105 Policj\u0105, czego efektem by\u0142a organizacja kilku wsp\u00f3lnych, wielokomponentowych szkole\u0144, kt\u00f3re zosta\u0142y wysoko ocenione przez w\u0142adze Misji i dow\u00f3dztwo KFOR. Jednocze\u015bnie instruktorzy wchodz\u0105cy w sk\u0142ad JSPP przeprowadzili cykl szkole\u0144 z zakresu taktyki kontrterrorystycznej, rozpoznania minersko-pirotechnicznego, jak r\u00f3wnie\u017c r\u00f3\u017cnego rodzaju technik strzeleckich (\u0142\u0105cznie przeszkolono ok. 400 os\u00f3b z KP, KFOR, czy w\u0119gierskiego KTRBN &#8211; Batalion Rezerwy Taktycznej KFOR).<\/p>\n\n\n\n<p>Misje pokojowe i operacje policyjne organizowane s\u0105 w regionach, w kt\u00f3rych konflikty trwaj\u0105 lub s\u0105 zako\u0144czone, a interwencja spo\u0142eczno\u015bci mi\u0119dzynarodowej ma pom\u00f3c w przywracaniu \u0142adu i porz\u0105dku prawnego zgodnie z demokratycznymi standardami. S\u0105 one organizowane pod auspicjami Organizacji Narod\u00f3w Zjednoczonych oraz Unii Europejskiej (w ramach unijnych operacji zarz\u0105dzania kryzysowego). Polska Policja uczestniczy w misjach pokojowych od 27 lat tj. od 1992 r., kiedy to pierwszy polski kontyngent policyjny zosta\u0142 skierowany do pe\u0142nienia s\u0142u\u017cby pod egid\u0105 Organizacji Narod\u00f3w Zjednoczonych do b\u0119d\u0105cej w stanie wojny Jugos\u0142awii.<\/p>\n\n\n\n<p>Na terenie Kosowa Polski Kontyngent Policyjny funkcjonuje od 2000 r. W latach 2000 \u2013 2008 pe\u0142ni\u0142 s\u0142u\u017cb\u0119 w ramach misji ONZ UNMiK. Od roku 2008 Kontyngent pe\u0142ni s\u0142u\u017cb\u0119 w ramiach Misji Unii Europejskiej w zakresie praworz\u0105dno\u015bci EULEX Kosowo.<\/p>\n\n\n\n<p>XXIX zmiana Jednostki Specjalnej Polskiej Policji s\u0142u\u017cb\u0119 w Kosowie rozpocz\u0119\u0142a 5 grudnia 2018 r. Policjanci tej zmiany wkr\u00f3tce zako\u0144cz\u0105 s\u0142u\u017cb\u0119 w Kosowie i powr\u00f3c\u0105 do kraju w dniach 17 i 18 wrze\u015bnia 2019 r.<\/p>\n\n\n\n<p>(materia\u0142 BMWP KGP \/ mw)<\/p>\n\n\n\n<p>no images were found<\/p>\n","protected":false},"excerpt":{"rendered":"<p>11 wrze\u015bnia 2019 r. w bazie EULEX Center Mitrowica w Kosowie odby\u0142a si\u0119 Medal Parada XXIX Rotacji Jednostki Specjalnej Polskiej Policji, pe\u0142ni\u0105cej s\u0142u\u017cb\u0119 w ramach Misji Unii Europejskiej w zakresie praworz\u0105dno\u015bci (EULEX). Podczas ceremonii funkcjonariusze&#46;&#46;&#46;<\/p>\n","protected":false},"author":1,"featured_media":1899,"comment_status":"closed","ping_status":"open","sticky":false,"template":"","format":"standard","meta":{"ngg_post_thumbnail":0,"footnotes":""},"categories":[10],"tags":[],"_links":{"self":[{"href":"https:\/\/swmsw.pl\/index.php?rest_route=\/wp\/v2\/posts\/1886"}],"collection":[{"href":"https:\/\/swmsw.pl\/index.php?rest_route=\/wp\/v2\/posts"}],"about":[{"href":"https:\/\/swmsw.pl\/index.php?rest_route=\/wp\/v2\/types\/post"}],"author":[{"embeddable":true,"href":"https:\/\/swmsw.pl\/index.php?rest_route=\/wp\/v2\/users\/1"}],"replies":[{"embeddable":true,"href":"https:\/\/swmsw.pl\/index.php?rest_route=%2Fwp%2Fv2%2Fcomments&post=1886"}],"version-history":[{"count":1,"href":"https:\/\/swmsw.pl\/index.php?rest_route=\/wp\/v2\/posts\/1886\/revisions"}],"predecessor-version":[{"id":1900,"href":"https:\/\/swmsw.pl\/index.php?rest_route=\/wp\/v2\/posts\/1886\/revisions\/1900"}],"wp:featuredmedia":[{"embeddable":true,"href":"https:\/\/swmsw.pl\/index.php?rest_route=\/wp\/v2\/media\/1899"}],"wp:attachment":[{"href":"https:\/\/swmsw.pl\/index.php?rest_route=%2Fwp%2Fv2%2Fmedia&parent=1886"}],"wp:term":[{"taxonomy":"category","embeddable":true,"href":"https:\/\/swmsw.pl\/index.php?rest_route=%2Fwp%2Fv2%2Fcategories&post=1886"},{"taxonomy":"post_tag","embeddable":true,"href":"https:\/\/swmsw.pl\/index.php?rest_route=%2Fwp%2Fv2%2Ftags&post=1886"}],"curies":[{"name":"wp","href":"https:\/\/api.w.org\/{rel}","templated":true}]}}