{"id":1875,"date":"2019-09-06T14:52:27","date_gmt":"2019-09-06T14:52:27","guid":{"rendered":"https:\/\/swmsw.pl\/?p=1875"},"modified":"2019-09-06T14:52:27","modified_gmt":"2019-09-06T14:52:27","slug":"obrona-wizny-polskie-termopile","status":"publish","type":"post","link":"https:\/\/swmsw.pl\/?p=1875","title":{"rendered":"Obrona Wizny \u2013 polskie Termopile"},"content":{"rendered":"\n<p>Przez cztery dni we wrze\u015bniu 1939 roku kilkuset polskich \u017co\u0142nierzy kpt. W\u0142adys\u0142awa Raginisa stawi\u0142o op\u00f3r kilkudziesi\u0119ciotysi\u0119cznej armii niemieckiej dowodzonej przez gen. Heinza Guderiana. Cho\u0107 przewaga wojsk III Rzeszy by\u0142a ogromna, obro\u0144cy walczyli do ko\u0144ca. Obrona Wizny nazwana zosta\u0142a \u201epolskimi Termopilami\u201d. W\u0142a\u015bnie mija 80. rocznica tych walk. Zdj\u0119cia przes\u0142a\u0142 Kol. Grzegorz.<\/p>\n\n\n\n<p>Czytaj wi\u0119cej o obronie Wizny: <a rel=\"noreferrer noopener\" aria-label=\" (otwiera si\u0119 na nowej zak\u0142adce)\" href=\"http:\/\/www.polska-zbrojna.pl\/home\/articleshow\/13615?t=Obrona-Wizny-polskie-Termopile#\" target=\"_blank\">http:\/\/www.polska-zbrojna.pl\/home\/articleshow\/13615?t=Obrona-Wizny-polskie-Termopile#<\/a><\/p>\n\n\n\n<p>no images were found<\/p>\n","protected":false},"excerpt":{"rendered":"<p>Przez cztery dni we wrze\u015bniu 1939 roku kilkuset polskich \u017co\u0142nierzy kpt. W\u0142adys\u0142awa Raginisa stawi\u0142o op\u00f3r kilkudziesi\u0119ciotysi\u0119cznej armii niemieckiej dowodzonej przez gen. Heinza Guderiana. Cho\u0107 przewaga wojsk III Rzeszy by\u0142a ogromna, obro\u0144cy walczyli do ko\u0144ca. Obrona&#46;&#46;&#46;<\/p>\n","protected":false},"author":1,"featured_media":1876,"comment_status":"closed","ping_status":"open","sticky":false,"template":"","format":"standard","meta":{"ngg_post_thumbnail":0,"footnotes":""},"categories":[12],"tags":[],"_links":{"self":[{"href":"https:\/\/swmsw.pl\/index.php?rest_route=\/wp\/v2\/posts\/1875"}],"collection":[{"href":"https:\/\/swmsw.pl\/index.php?rest_route=\/wp\/v2\/posts"}],"about":[{"href":"https:\/\/swmsw.pl\/index.php?rest_route=\/wp\/v2\/types\/post"}],"author":[{"embeddable":true,"href":"https:\/\/swmsw.pl\/index.php?rest_route=\/wp\/v2\/users\/1"}],"replies":[{"embeddable":true,"href":"https:\/\/swmsw.pl\/index.php?rest_route=%2Fwp%2Fv2%2Fcomments&post=1875"}],"version-history":[{"count":1,"href":"https:\/\/swmsw.pl\/index.php?rest_route=\/wp\/v2\/posts\/1875\/revisions"}],"predecessor-version":[{"id":1877,"href":"https:\/\/swmsw.pl\/index.php?rest_route=\/wp\/v2\/posts\/1875\/revisions\/1877"}],"wp:featuredmedia":[{"embeddable":true,"href":"https:\/\/swmsw.pl\/index.php?rest_route=\/wp\/v2\/media\/1876"}],"wp:attachment":[{"href":"https:\/\/swmsw.pl\/index.php?rest_route=%2Fwp%2Fv2%2Fmedia&parent=1875"}],"wp:term":[{"taxonomy":"category","embeddable":true,"href":"https:\/\/swmsw.pl\/index.php?rest_route=%2Fwp%2Fv2%2Fcategories&post=1875"},{"taxonomy":"post_tag","embeddable":true,"href":"https:\/\/swmsw.pl\/index.php?rest_route=%2Fwp%2Fv2%2Ftags&post=1875"}],"curies":[{"name":"wp","href":"https:\/\/api.w.org\/{rel}","templated":true}]}}