{"id":1848,"date":"2019-09-01T10:52:28","date_gmt":"2019-09-01T10:52:28","guid":{"rendered":"https:\/\/swmsw.pl\/?p=1848"},"modified":"2019-09-01T12:48:31","modified_gmt":"2019-09-01T12:48:31","slug":"okiem-prezesa","status":"publish","type":"post","link":"https:\/\/swmsw.pl\/?p=1848","title":{"rendered":"Integracja &#8211; nowe pomys\u0142y pilnie potrzebne"},"content":{"rendered":"\n<p>II Sp\u0142yw Rodzinny rzek\u0105 Wkr\u0105 z za\u0142o\u017cenia mia\u0142 by\u0107 imprez\u0105 integruj\u0105c\u0105 \u015brodowisko naszego Stowarzyszenia. Wysz\u0142o \u2013 jak wysz\u0142o, para posz\u0142a w gwizdek. Mo\u017ce kolejne wydarzenie, jakim b\u0119d\u0105 II Zawody strzeleckie weteran\u00f3w o puchar prezesa Stowarzyszenia w dniu 28 wrze\u015bnia br. \u201ep\u00f3jdzie\u201d lepiej ? \u2013 \u017ceby tylko nie zapeszy\u0107.<\/p>\n\n\n\n<p>Nie wszystko \u201ezgrzyta\u201d. Nie jest u nas \u017ale ze sportem.\nProjekt WETERANI RP powoli, ale rozwija si\u0119. Na warszawskiej Agrykoli pobiegli nasi\nweterani: funkcjonariusze w s\u0142u\u017cbie oraz dw\u00f3ch w stanie spoczynku\u2026 czy weterani\nw s\u0142u\u017cbie \u201eruszyli si\u0119\u201d, bo mieli zaliczenia z WF ?, to ju\u017c inna bajka.<\/p>\n\n\n\n<p>W du\u017cej mierze dzi\u0119ki naszym sympatykom wyszli\u015bmy poza\nWarszaw\u0119 w konkurencjach biegowych. Krzysztof &nbsp;(Tarn\u00f3w\/Krak\u00f3w) \u2013 wni\u00f3s\u0142 nasz\u0105 flag\u0119 na Mount\nBlanc \u2013 reprezentuje Stowarzyszenie\/Projekt w biegach g\u00f3rskich, maratonach,\nbiegach pami\u0119ci po poleg\u0142ych \/\u2026\/ i wielu innych\u2026<\/p>\n\n\n\n<p>Artur (Skocz\u00f3w\/Bielsko Bia\u0142a) pasjonat\nd\u0142ugodystansowych przej\u015b\u0107 g\u00f3rskich i szeroko poj\u0119tej g\u00f3rskiej turystyki. Swoj\u0105 mi\u0142o\u015b\u0107\ndo g\u00f3r przekazuje swoim dzieciom. Uczestniczy w inicjatywach charytatywnych maj\u0105cych\nna celu zebranie funduszy dla potrzebuj\u0105cych, ostatnio w kilkudziesi\u0119ciokilometrowej\nsztafecie, kt\u00f3rej celem by\u0142a zbi\u00f3rka pieni\u0119dzy dla chorego policjanta\u2026 <\/p>\n\n\n\n<p>Ewa, prywatnie moja \u017cona &#8211; cz\u0142onek wspieraj\u0105cy\nStowarzyszenia \u2013 wbieg\u0142a na szczyt Wysokie w Beskidzie Niskim po licz\u0105cej 12 km\ntrudnej trasie biegu MAGuRan\u2026 <\/p>\n\n\n\n<p>Tradycyjnie wspieraj\u0105 nas sympatycy z \u0141om\u017cy \u2013 dw\u00f3ch Krzysztof\u00f3w\ni &nbsp;Tomek &#8211; zawsze mo\u017cna na nich liczy\u0107. <\/p>\n\n\n\n<p>W tym roku uda\u0142o si\u0119 skompletowa\u0107 dwie sztafety na\nUltramaraton Powsta\u0144ca. Wygrali\u015bmy w sztafecie 2-osobowej dzi\u0119ki naszym\nsympatykom, Maciejowi z WSPol i Paw\u0142owi z KGP. W sztafecie 7-osobowej zaj\u0119li\u015bmy\ndrugie miejsce \u2013 biegli: Ewa, Marek, Ma\u0142gosia, Krzysztof 1., Krzysztof 2.,Darek\n(weteran &#8211; przyjecha\u0142 z Libanu) i Andy. Pawe\u0142 reprezentowa\u0142 tak\u017ce Stowarzyszenie\nw XIII Hunters P\u00f3\u0142maratonie w &nbsp;Grodzisku\nWlkp.<\/p>\n\n\n\n<p>Biega\u0107\u2026 nie ka\u017cdy ju\u017c mo\u017ce \u2013 cz\u0119sto kontuzje odniesione\nwcze\u015bniej nie pozwalaj\u0105\u2026 \u2013 mo\u017ce wi\u0119c strzelectwo? &nbsp;Podczas obchod\u00f3w Dnia Weterana w Rzeszowie,\nnasza reprezentacja zdoby\u0142a Puchar Ministra Obrony Narodowej i Puchar\nKomendanta G\u0142\u00f3wnego Policji w SP w Katowicach. Andy, dw\u00f3ch Grze\u015bk\u00f3w, Janek i\nMa\u0142gosia \u2013 to \u201erodzynki\u201d, ale czy zechc\u0105 nas jeszcze reprezentowa\u0107 w sytuacji\nkiedy KGP nie zwr\u00f3ci\u0142a jeszcze trojgu z nich nale\u017cnych pieni\u0119dzy za dojazd do\nRzeszowa ?<\/p>\n\n\n\n<p>Na strzelaniu o m\u00f3j puchar nie trzeba mie\u0107 w\u0142asnej\nbroni\u2026 amunicj\u0119 mo\u017cna b\u0119dzie kupi\u0107 na miejscu \u2013 to tylko 30 PLN za dwie\nkonkurencje. Mo\u017ce ten wydatek zrekompensuje grill ze \u015brodk\u00f3w Stowarzyszenia?<\/p>\n\n\n\n<p>B\u0119dzie to kolejna pr\u00f3ba integracji weteran\u00f3w \u2013 czy si\u0119\nzawiod\u0119?<\/p>\n\n\n\n<p>Wczoraj (31.08.2019) przebieg\u0142em 4F P\u00f3\u0142maraton Praski,\noczywi\u015bcie w koszulce WETERANI RP. Na trasie kilka razy us\u0142ysza\u0142em \u2013 szacun weteranom,\npozna\u0142a mnie te\u017c Paulina K. z kt\u00f3r\u0105 pracowali\u015bmy w KGP \u2013 jej dzie\u0144 dobry Panie\nMarku by\u0142o \u2013 po prostu mi\u0142e\u2026 nie zamienili\u015bmy wiele s\u0142\u00f3w \u2013 pobieg\u0142a do przodu \u2013\nc\u00f3\u017c\u2026 m\u0142odo\u015b\u0107\u2026<\/p>\n\n\n\n<p>Nie ukrywam &#8211; licz\u0119 na to, \u017ce inicjatywy, tak\u017ce w ramach\nprojektu (jest tyle mo\u017cliwo\u015bci) nap\u0142yn\u0105 z \u201ePolski\u201d \u2013 mo\u017ce odezwie si\u0119 sentymentalny\ndla mnie Wroc\u0142aw? \u2013 a mo\u017ce Sekretarz Generalny \u201epochwali si\u0119\u201d swoimi Mazurami ?<\/p>\n\n\n\n<p>Z wetera\u0144skim pozdrowieniem &#8211; Marek, Prezes<\/p>\n\n\n\n<p>no images were found<\/p>\n","protected":false},"excerpt":{"rendered":"<p>II Sp\u0142yw Rodzinny rzek\u0105 Wkr\u0105 z za\u0142o\u017cenia mia\u0142 by\u0107 imprez\u0105 integruj\u0105c\u0105 \u015brodowisko naszego Stowarzyszenia. Wysz\u0142o \u2013 jak wysz\u0142o, para posz\u0142a w gwizdek. Mo\u017ce kolejne wydarzenie, jakim b\u0119d\u0105 II Zawody strzeleckie weteran\u00f3w o puchar prezesa Stowarzyszenia&#46;&#46;&#46;<\/p>\n","protected":false},"author":1,"featured_media":1849,"comment_status":"open","ping_status":"open","sticky":false,"template":"","format":"standard","meta":{"ngg_post_thumbnail":0,"footnotes":""},"categories":[4],"tags":[],"_links":{"self":[{"href":"https:\/\/swmsw.pl\/index.php?rest_route=\/wp\/v2\/posts\/1848"}],"collection":[{"href":"https:\/\/swmsw.pl\/index.php?rest_route=\/wp\/v2\/posts"}],"about":[{"href":"https:\/\/swmsw.pl\/index.php?rest_route=\/wp\/v2\/types\/post"}],"author":[{"embeddable":true,"href":"https:\/\/swmsw.pl\/index.php?rest_route=\/wp\/v2\/users\/1"}],"replies":[{"embeddable":true,"href":"https:\/\/swmsw.pl\/index.php?rest_route=%2Fwp%2Fv2%2Fcomments&post=1848"}],"version-history":[{"count":3,"href":"https:\/\/swmsw.pl\/index.php?rest_route=\/wp\/v2\/posts\/1848\/revisions"}],"predecessor-version":[{"id":1854,"href":"https:\/\/swmsw.pl\/index.php?rest_route=\/wp\/v2\/posts\/1848\/revisions\/1854"}],"wp:featuredmedia":[{"embeddable":true,"href":"https:\/\/swmsw.pl\/index.php?rest_route=\/wp\/v2\/media\/1849"}],"wp:attachment":[{"href":"https:\/\/swmsw.pl\/index.php?rest_route=%2Fwp%2Fv2%2Fmedia&parent=1848"}],"wp:term":[{"taxonomy":"category","embeddable":true,"href":"https:\/\/swmsw.pl\/index.php?rest_route=%2Fwp%2Fv2%2Fcategories&post=1848"},{"taxonomy":"post_tag","embeddable":true,"href":"https:\/\/swmsw.pl\/index.php?rest_route=%2Fwp%2Fv2%2Ftags&post=1848"}],"curies":[{"name":"wp","href":"https:\/\/api.w.org\/{rel}","templated":true}]}}